{"id":37316,"date":"2023-02-01T15:10:10","date_gmt":"2023-02-01T15:10:10","guid":{"rendered":"https:\/\/armstrongyregion.com.ar\/diario\/?p=37316"},"modified":"2023-02-01T15:10:15","modified_gmt":"2023-02-01T15:10:15","slug":"armstrong-domingo-5-de-febrero-habra-un-corte-programado-de-servicio-de-energia-electrica","status":"publish","type":"post","link":"https:\/\/armstrongyregion.com.ar\/diario\/armstrong-domingo-5-de-febrero-habra-un-corte-programado-de-servicio-de-energia-electrica\/","title":{"rendered":"Armstrong. Domingo 5 de febrero habr\u00e1 un corte programado de servicio de energ\u00eda el\u00e9ctrica."},"content":{"rendered":"\n<figure class=\"wp-block-image size-full\"><a href=\"http:\/\/armstrongyregion.com.ar\/diario\/wp-content\/uploads\/2017\/05\/Cooperativa.jpg\"><img loading=\"lazy\" decoding=\"async\" width=\"768\" height=\"431\" src=\"http:\/\/armstrongyregion.com.ar\/diario\/wp-content\/uploads\/2017\/05\/Cooperativa.jpg\" alt=\"\" class=\"wp-image-13084\" srcset=\"https:\/\/armstrongyregion.com.ar\/diario\/wp-content\/uploads\/2017\/05\/Cooperativa.jpg 768w, https:\/\/armstrongyregion.com.ar\/diario\/wp-content\/uploads\/2017\/05\/Cooperativa-300x168.jpg 300w\" sizes=\"auto, (max-width: 768px) 100vw, 768px\" \/><\/a><\/figure>\n\n\n\n<p>La Cooperativa de Obras y Servicios P\u00fablicos de Armstrong limitada informa que el pr\u00f3ximo domingo 5 de febrero, habra un corte programado de servicio de energ\u00eda el\u00e9ctrica. En zona urbana, rural y \u00e1rea industrial. <\/p>\n\n\n\n<p>El corte se realizar\u00e1 por la ma\u00f1ana de 7 a 10,30hs. Desde la EPE por mantenimiento preventivo y obras en ALTA TENSI\u00d3N.<br>En forma simult\u00e1nea la Cooperativa aprovechar\u00e1 la oportunidad para ejecutar mantenimiento preventivo<br>en baja tensi\u00f3n y obras en media tensi\u00f3n.<\/p>\n\n\n\n<p>Se suspende solo si las condiciones meteorol\u00f3gicas o fuerza mayor no permiten realizar las tareas.<\/p>\n\n\n\n<p><\/p>\n","protected":false},"excerpt":{"rendered":"<p>La Cooperativa de Obras y Servicios P\u00fablicos de Armstrong limitada informa que el pr\u00f3ximo domingo 5 de febrero, habra un corte programado de servicio de energ\u00eda el\u00e9ctrica. En zona urbana, rural y \u00e1rea industrial. El corte se realizar\u00e1 por la ma\u00f1ana de 7 a 10,30hs. Desde la EPE por mantenimiento preventivo y obras en ALTA <a href=\"https:\/\/armstrongyregion.com.ar\/diario\/armstrong-domingo-5-de-febrero-habra-un-corte-programado-de-servicio-de-energia-electrica\/\" title=\"Read more\" >&#8230;<\/a><\/p>\n","protected":false},"author":1,"featured_media":19585,"comment_status":"open","ping_status":"open","sticky":false,"template":"","format":"image","meta":{"_jetpack_memberships_contains_paid_content":false,"footnotes":"","jetpack_publicize_message":"","jetpack_publicize_feature_enabled":true,"jetpack_social_post_already_shared":true,"jetpack_social_options":{"image_generator_settings":{"template":"highway","default_image_id":0,"enabled":false},"version":2}},"categories":[8,1,2,7,3],"tags":[497,20,4110,19,3664,1800,876],"class_list":["post-37316","post","type-post","status-publish","format-image","has-post-thumbnail","hentry","category-deliberando","category-diario-armstrong","category-locales","category-politica","category-region","tag-497","tag-armstrong","tag-corte","tag-de","tag-electrica","tag-energia","tag-febrero","post_format-post-format-image"],"jetpack_publicize_connections":[],"jetpack_featured_media_url":"https:\/\/armstrongyregion.com.ar\/diario\/wp-content\/uploads\/2018\/11\/Cooperativa1.jpg","jetpack_shortlink":"https:\/\/wp.me\/p62QDO-9HS","jetpack_sharing_enabled":true,"amp_enabled":true,"_links":{"self":[{"href":"https:\/\/armstrongyregion.com.ar\/diario\/wp-json\/wp\/v2\/posts\/37316","targetHints":{"allow":["GET"]}}],"collection":[{"href":"https:\/\/armstrongyregion.com.ar\/diario\/wp-json\/wp\/v2\/posts"}],"about":[{"href":"https:\/\/armstrongyregion.com.ar\/diario\/wp-json\/wp\/v2\/types\/post"}],"author":[{"embeddable":true,"href":"https:\/\/armstrongyregion.com.ar\/diario\/wp-json\/wp\/v2\/users\/1"}],"replies":[{"embeddable":true,"href":"https:\/\/armstrongyregion.com.ar\/diario\/wp-json\/wp\/v2\/comments?post=37316"}],"version-history":[{"count":1,"href":"https:\/\/armstrongyregion.com.ar\/diario\/wp-json\/wp\/v2\/posts\/37316\/revisions"}],"predecessor-version":[{"id":37317,"href":"https:\/\/armstrongyregion.com.ar\/diario\/wp-json\/wp\/v2\/posts\/37316\/revisions\/37317"}],"wp:featuredmedia":[{"embeddable":true,"href":"https:\/\/armstrongyregion.com.ar\/diario\/wp-json\/wp\/v2\/media\/19585"}],"wp:attachment":[{"href":"https:\/\/armstrongyregion.com.ar\/diario\/wp-json\/wp\/v2\/media?parent=37316"}],"wp:term":[{"taxonomy":"category","embeddable":true,"href":"https:\/\/armstrongyregion.com.ar\/diario\/wp-json\/wp\/v2\/categories?post=37316"},{"taxonomy":"post_tag","embeddable":true,"href":"https:\/\/armstrongyregion.com.ar\/diario\/wp-json\/wp\/v2\/tags?post=37316"}],"curies":[{"name":"wp","href":"https:\/\/api.w.org\/{rel}","templated":true}]}}