{"id":37298,"date":"2023-01-30T01:45:40","date_gmt":"2023-01-30T01:45:40","guid":{"rendered":"https:\/\/armstrongyregion.com.ar\/diario\/?p=37298"},"modified":"2023-01-30T03:38:21","modified_gmt":"2023-01-30T03:38:21","slug":"previaje-4-cuales-son-los-cambios-que-analiza-el-gobierno-para-el-plan-que-devuelve-el-50-de-lo-gastado-en-turismo","status":"publish","type":"post","link":"https:\/\/armstrongyregion.com.ar\/diario\/previaje-4-cuales-son-los-cambios-que-analiza-el-gobierno-para-el-plan-que-devuelve-el-50-de-lo-gastado-en-turismo\/","title":{"rendered":"Previaje 4: cu\u00e1les son los cambios que analiza el Gobierno para el plan que devuelve el 50% de lo gastado en turismo."},"content":{"rendered":"\n<figure class=\"wp-block-image size-full\"><a href=\"http:\/\/armstrongyregion.com.ar\/diario\/wp-content\/uploads\/2023\/01\/centro-civico.jpg\"><img loading=\"lazy\" decoding=\"async\" width=\"600\" height=\"400\" src=\"http:\/\/armstrongyregion.com.ar\/diario\/wp-content\/uploads\/2023\/01\/centro-civico.jpg\" alt=\"\" class=\"wp-image-37299\" srcset=\"https:\/\/armstrongyregion.com.ar\/diario\/wp-content\/uploads\/2023\/01\/centro-civico.jpg 600w, https:\/\/armstrongyregion.com.ar\/diario\/wp-content\/uploads\/2023\/01\/centro-civico-300x200.jpg 300w\" sizes=\"auto, (max-width: 600px) 100vw, 600px\" \/><\/a><\/figure>\n\n\n\n<h2 class=\"wp-block-heading\">Feriados extra largos, m\u00e1s pesos devueltos, fechas tentativas y todo lo que hay que saber sobre el programa de promoci\u00f3n tur\u00edstica.<\/h2>\n\n\n\n<p>El Gobierno ya confirm\u00f3 que el<strong>&nbsp;Previaje 4<\/strong>&nbsp;tendr\u00e1 lugar durante la primera mitad del 2023 y, si bien no se conocen las fechas exactas, se prev\u00e9 que el per\u00edodo de vigencia se ubique entre los meses de&nbsp;<strong>mayo y junio<\/strong>.<\/p>\n\n\n\n<p>Al igual que la tercera edici\u00f3n del programa que devuelve el 50% de lo gastado -70% para jubilados de PAMI- de forma anticipada en productos y servicios tur\u00edsticos, el&nbsp;<strong>Previaje<\/strong>&nbsp;4 est\u00e1 destinado a potenciar el sector durante la&nbsp;<strong>temporada baja<\/strong>, es decir, entre el verano y el invierno.<\/p>\n\n\n\n<p>\u201cEl objetivo de este nuevo Previaje es sostener la demanda durante la temporada baja para que los prestadores tur\u00edsticos no tengan temporada baja, como pas\u00f3 el a\u00f1o pasado\u201d, dijo el ministro de Turismo y Deportes&nbsp;<strong>Mat\u00edas Lammens<\/strong>.<\/p>\n\n\n\n<p>\u201cEn Previaje el turismo encontr\u00f3 una pol\u00edtica eficiente para fomentar la actividad, formalizar al sector y darle la posibilidad a los argentinos que conozcan su pa\u00eds\u201d, agreg\u00f3 el funcionario.<\/p>\n\n\n\n<p>La idea oficial es que la&nbsp;<strong>\u201cventana de compras\u201d comience a mediados de marzo<\/strong>, siga durante abril, y que los viajes se realicen entre los meses de mayo y junio, seg\u00fan le confirmaron a Infobae fuentes del Ministerio de Turismo y Deportes.<\/p>\n\n\n\n<p><img loading=\"lazy\" decoding=\"async\" alt=\"El Previaje 4 est\u00e1 destinado a potenciar la temporada baja, luego del verano y antes del invierno\" height=\"1080\" width=\"1920\" class=\"\" src=\"https:\/\/cloudfront-us-east-1.images.arcpublishing.com\/infobae\/AIKWXNW4ZBH2HKPVSPQQZVMBCE.jpg\" srcset=\"https:\/\/www.infobae.com\/new-resizer\/IQturAGw8_8xL2eErqH0FqzMY58=\/420x236\/filters:format(webp):quality(85)\/cloudfront-us-east-1.images.arcpublishing.com\/infobae\/AIKWXNW4ZBH2HKPVSPQQZVMBCE.jpg 420w,https:\/\/www.infobae.com\/new-resizer\/BdMlE5ytJ0IC1HLgC5xLeMRLyCQ=\/768x432\/filters:format(webp):quality(85)\/cloudfront-us-east-1.images.arcpublishing.com\/infobae\/AIKWXNW4ZBH2HKPVSPQQZVMBCE.jpg 768w,https:\/\/www.infobae.com\/new-resizer\/T6akQGCMVAMPinKjUwLFGbd4Yqo=\/992x558\/filters:format(webp):quality(85)\/cloudfront-us-east-1.images.arcpublishing.com\/infobae\/AIKWXNW4ZBH2HKPVSPQQZVMBCE.jpg 992w,https:\/\/www.infobae.com\/new-resizer\/wFI9vpRYkltxoLbyumTcAC2arVA=\/1200x675\/filters:format(webp):quality(85)\/cloudfront-us-east-1.images.arcpublishing.com\/infobae\/AIKWXNW4ZBH2HKPVSPQQZVMBCE.jpg 1200w,https:\/\/www.infobae.com\/new-resizer\/Ths-K9HB-jG2MDQKNLHyzgA72m8=\/1440x810\/filters:format(webp):quality(85)\/cloudfront-us-east-1.images.arcpublishing.com\/infobae\/AIKWXNW4ZBH2HKPVSPQQZVMBCE.jpg 1440w\">El Previaje 4 est\u00e1 destinado a potenciar la temporada baja, luego del verano y antes del invierno<\/p>\n\n\n\n<h2 class=\"wp-block-heading\">\u00bfAumenta el tope de devoluci\u00f3n?<\/h2>\n\n\n\n<p>El Previaje 4 seguir\u00e1 con la modalidad de&nbsp;<strong>devoluci\u00f3n del 50%<\/strong>&nbsp;de lo gastado de forma anticipada en servicios tur\u00edsticos nacionales, y un reintegro del&nbsp;<strong>70% para jubilados de PAMI<\/strong>.<\/p>\n\n\n\n<p>No obstante, el tope m\u00e1ximo de esa&nbsp;<strong>devoluci\u00f3n&nbsp;<\/strong>aumentar\u00e1. En la tercera edici\u00f3n el mismo fue de $70.000 por viajero y, seg\u00fan las fuentes consultadas de Turismo, prev\u00e9n aumentarlo para que alcance los&nbsp;<strong>$90.000 o 100.000 pesos<\/strong>.<\/p>\n\n\n\n<h2 class=\"wp-block-heading\">Feriados para aprovechar el Previaje 4<\/h2>\n\n\n\n<p>Tal como se anticip\u00f3, el Previaje 4 comprender\u00e1 los meses de mayo y junio para realizar los viajes, es decir que abarcar\u00e1 importantes&nbsp;<strong>feriados&nbsp;<\/strong>, algunos de ellos \u201cextra largos\u201d. A saber:<\/p>\n\n\n\n<p><strong>&#8211;<\/strong>&nbsp;1\u00ba de mayo, en conmemoraci\u00f3n del D\u00eda del Trabajador<\/p>\n\n\n\n<p><strong>&#8211;&nbsp;<\/strong>25 y 26 de mayo, en conmemoraci\u00f3n de la Revoluci\u00f3n de Mayo, m\u00e1s un d\u00eda extra con fines tur\u00edsticos.<\/p>\n\n\n\n<p><strong>&#8211;<\/strong>&nbsp;17 de junio (Paso a la Inmortalidad del General Don Mart\u00edn Miguel de G\u00fcemes), 18 de junio (domingo), 19 de junio (feriado con fines tur\u00edsticos) y 20 de ese mes (Paso a la Inmortalidad del General Manuel Belgrano).<\/p>\n\n\n\n<p><img loading=\"lazy\" decoding=\"async\" alt=\"Durante el Previaje 4 habr\u00e1 dos feriados &quot;extra largos&quot; ideales para realizar una escapada y aprovechar la devoluci\u00f3n del 50%\" height=\"1079\" width=\"1920\" class=\"\" src=\"https:\/\/cloudfront-us-east-1.images.arcpublishing.com\/infobae\/2XNQ5SR6UVHALHQZLPR27YTFOI.jpeg\" srcset=\"https:\/\/www.infobae.com\/new-resizer\/w2PscNra0XkljvHDEk_xt1mpf5o=\/420x236\/filters:format(webp):quality(85)\/cloudfront-us-east-1.images.arcpublishing.com\/infobae\/2XNQ5SR6UVHALHQZLPR27YTFOI.jpeg 420w,https:\/\/www.infobae.com\/new-resizer\/d2-mPMZUdx2Sgerw4ZZicTHgOTc=\/768x432\/filters:format(webp):quality(85)\/cloudfront-us-east-1.images.arcpublishing.com\/infobae\/2XNQ5SR6UVHALHQZLPR27YTFOI.jpeg 768w,https:\/\/www.infobae.com\/new-resizer\/XCjuwMOFmZ03_2OSFND_U12dRSo=\/992x558\/filters:format(webp):quality(85)\/cloudfront-us-east-1.images.arcpublishing.com\/infobae\/2XNQ5SR6UVHALHQZLPR27YTFOI.jpeg 992w,https:\/\/www.infobae.com\/new-resizer\/BCd8LXwMn7VV1Y87iUGVk8Xk5GQ=\/1200x675\/filters:format(webp):quality(85)\/cloudfront-us-east-1.images.arcpublishing.com\/infobae\/2XNQ5SR6UVHALHQZLPR27YTFOI.jpeg 1200w,https:\/\/www.infobae.com\/new-resizer\/K7YPS22WCcyzo2wygWj3VKnOGBI=\/1440x810\/filters:format(webp):quality(85)\/cloudfront-us-east-1.images.arcpublishing.com\/infobae\/2XNQ5SR6UVHALHQZLPR27YTFOI.jpeg 1440w\">Durante el Previaje 4 habr\u00e1 dos feriados \u00abextra largos\u00bb ideales para realizar una escapada y aprovechar la devoluci\u00f3n del 50%<\/p>\n\n\n\n<h2 class=\"wp-block-heading\">\u00bfC\u00f3mo se utiliza el Previaje?<\/h2>\n\n\n\n<p>El Previaje est\u00e1 destinado a fortalecer el turismo argentino, es decir que todas las&nbsp;<strong>reservas anticipadas<\/strong>&nbsp;que se realicen desde que se abre la \u201cventana de compras\u201d (probablemente a mediados de marzo) en productos y servicios de la \u201cindustria sin chimenea\u201d local,&nbsp;<strong>generar\u00e1n cr\u00e9dito<\/strong>&nbsp;que ser\u00e1 reintegrado a los viajeros desde el d\u00eda en que inicien su viaje.<\/p>\n\n\n\n<p>Estos productos y servicios abarcan la&nbsp;<strong>hoteler\u00eda y alojamientos<\/strong>, los productos de las&nbsp;<strong>agencias de viaje<\/strong>&nbsp;y el&nbsp;<strong>transporte<\/strong>, siempre y cuando sean para viajar dentro de Argentina.<\/p>\n\n\n\n<h2 class=\"wp-block-heading\">\u00bfC\u00f3mo se utiliza el cr\u00e9dito devuelto?<\/h2>\n\n\n\n<p>El cr\u00e9dito se obtiene desde el d\u00eda en que se inicia el viaje, seg\u00fan las facturas de compra y reserva que se cargaron en la plataforma web del Previaje.<\/p>\n\n\n\n<p>Una vez que se tenga el cr\u00e9dito, el mismo se puede utilizar en todos los&nbsp;<strong>productos y servicios de la \u201ccadena tur\u00edstica\u201d<\/strong>, este concepto no abarca \u00fanicamente lo estrictamente relacionado al turismo, sino que va mas all\u00e1. Es posible emplearlo en&nbsp;<strong>espect\u00e1culos, gastronom\u00eda, en la compra de artesan\u00edas, recuerdos<\/strong>&nbsp;y mucho m\u00e1s.<\/p>\n\n\n\n<p>Es importante remarcar que el cr\u00e9dito no debe ser empleado de forma obligatoria durante el viaje que lo gener\u00f3, sino que el mismo puede guardarse y ser utilizado posteriormente, incluso en la ciudad de origen para asistir al cine, al teatro o para pagar en un restaurante, por ejemplo.<\/p>\n\n\n\n<h2 class=\"wp-block-heading\">\u00bfQu\u00e9 hacer si ya utilic\u00e9 el Previaje y quiero volver a aprovecharlo?<\/h2>\n\n\n\n<p>Desde el Ministerio de Turismo y Deportes remarcaron que los usuarios que ya utilizaron Previaje, no deben tirar sus tarjetas, ya que las cuentas que crearon en el pasado les volver\u00e1n a servir para esta cuarta edici\u00f3n.<\/p>\n\n\n\n<p>Podr\u00e1n cargar los comprobantes de compra anticipada en la web, con el mismo usuario y cuenta, y podr\u00e1n reutilizar la cuenta bancaria, ya sea a trav\u00e9s de la tarjeta o de la app BNA+, para recibir las devoluciones del cr\u00e9dito.<\/p>\n\n\n\n<p><\/p>\n\n\n\n<p><\/p>\n\n\n\n<p><\/p>\n","protected":false},"excerpt":{"rendered":"<p>Feriados extra largos, m\u00e1s pesos devueltos, fechas tentativas y todo lo que hay que saber sobre el programa de promoci\u00f3n tur\u00edstica. El Gobierno ya confirm\u00f3 que el&nbsp;Previaje 4&nbsp;tendr\u00e1 lugar durante la primera mitad del 2023 y, si bien no se conocen las fechas exactas, se prev\u00e9 que el per\u00edodo de vigencia se ubique entre los <a href=\"https:\/\/armstrongyregion.com.ar\/diario\/previaje-4-cuales-son-los-cambios-que-analiza-el-gobierno-para-el-plan-que-devuelve-el-50-de-lo-gastado-en-turismo\/\" title=\"Read more\" >&#8230;<\/a><\/p>\n","protected":false},"author":1,"featured_media":37299,"comment_status":"open","ping_status":"open","sticky":false,"template":"","format":"image","meta":{"_jetpack_memberships_contains_paid_content":false,"footnotes":"","jetpack_publicize_message":"","jetpack_publicize_feature_enabled":true,"jetpack_social_post_already_shared":true,"jetpack_social_options":{"image_generator_settings":{"template":"highway","default_image_id":0,"enabled":false},"version":2}},"categories":[6,8,1,2,7,3],"tags":[8751,8920],"class_list":["post-37298","post","type-post","status-publish","format-image","has-post-thumbnail","hentry","category-cultura-entretenimiento","category-deliberando","category-diario-armstrong","category-locales","category-politica","category-region","tag-8751","tag-previaje","post_format-post-format-image"],"jetpack_publicize_connections":[],"jetpack_featured_media_url":"https:\/\/armstrongyregion.com.ar\/diario\/wp-content\/uploads\/2023\/01\/centro-civico.jpg","jetpack_shortlink":"https:\/\/wp.me\/p62QDO-9HA","jetpack_sharing_enabled":true,"amp_enabled":true,"_links":{"self":[{"href":"https:\/\/armstrongyregion.com.ar\/diario\/wp-json\/wp\/v2\/posts\/37298","targetHints":{"allow":["GET"]}}],"collection":[{"href":"https:\/\/armstrongyregion.com.ar\/diario\/wp-json\/wp\/v2\/posts"}],"about":[{"href":"https:\/\/armstrongyregion.com.ar\/diario\/wp-json\/wp\/v2\/types\/post"}],"author":[{"embeddable":true,"href":"https:\/\/armstrongyregion.com.ar\/diario\/wp-json\/wp\/v2\/users\/1"}],"replies":[{"embeddable":true,"href":"https:\/\/armstrongyregion.com.ar\/diario\/wp-json\/wp\/v2\/comments?post=37298"}],"version-history":[{"count":2,"href":"https:\/\/armstrongyregion.com.ar\/diario\/wp-json\/wp\/v2\/posts\/37298\/revisions"}],"predecessor-version":[{"id":37301,"href":"https:\/\/armstrongyregion.com.ar\/diario\/wp-json\/wp\/v2\/posts\/37298\/revisions\/37301"}],"wp:featuredmedia":[{"embeddable":true,"href":"https:\/\/armstrongyregion.com.ar\/diario\/wp-json\/wp\/v2\/media\/37299"}],"wp:attachment":[{"href":"https:\/\/armstrongyregion.com.ar\/diario\/wp-json\/wp\/v2\/media?parent=37298"}],"wp:term":[{"taxonomy":"category","embeddable":true,"href":"https:\/\/armstrongyregion.com.ar\/diario\/wp-json\/wp\/v2\/categories?post=37298"},{"taxonomy":"post_tag","embeddable":true,"href":"https:\/\/armstrongyregion.com.ar\/diario\/wp-json\/wp\/v2\/tags?post=37298"}],"curies":[{"name":"wp","href":"https:\/\/api.w.org\/{rel}","templated":true}]}}