{"id":37287,"date":"2023-01-26T21:19:29","date_gmt":"2023-01-26T21:19:29","guid":{"rendered":"https:\/\/armstrongyregion.com.ar\/diario\/?p=37287"},"modified":"2023-01-26T21:19:34","modified_gmt":"2023-01-26T21:19:34","slug":"la-provincia-brindo-detalles-ante-la-llegada-de-las-vacunas-bivalentes-contra-el-covid","status":"publish","type":"post","link":"https:\/\/armstrongyregion.com.ar\/diario\/la-provincia-brindo-detalles-ante-la-llegada-de-las-vacunas-bivalentes-contra-el-covid\/","title":{"rendered":"La provincia brind\u00f3 detalles ante la llegada de las vacunas bivalentes contra el COVID."},"content":{"rendered":"\n<figure class=\"wp-block-image size-full\"><a href=\"http:\/\/armstrongyregion.com.ar\/diario\/wp-content\/uploads\/2023\/01\/vacunas-ambibalentes-.jpg\"><img loading=\"lazy\" decoding=\"async\" width=\"480\" height=\"270\" src=\"http:\/\/armstrongyregion.com.ar\/diario\/wp-content\/uploads\/2023\/01\/vacunas-ambibalentes-.jpg\" alt=\"\" class=\"wp-image-37288\" srcset=\"https:\/\/armstrongyregion.com.ar\/diario\/wp-content\/uploads\/2023\/01\/vacunas-ambibalentes-.jpg 480w, https:\/\/armstrongyregion.com.ar\/diario\/wp-content\/uploads\/2023\/01\/vacunas-ambibalentes--300x169.jpg 300w\" sizes=\"auto, (max-width: 480px) 100vw, 480px\" \/><\/a><\/figure>\n\n\n\n<h2 class=\"wp-block-heading\">Durante la semana pr\u00f3xima estar\u00e1n a disposici\u00f3n de la ciudadan\u00eda indicada para mayores de 12 a\u00f1os. La ministra de Salud explic\u00f3 que \u00e9stas dosis ya cuentan con dos cepas, \u201cde manera que est\u00e1 vacuna nos va a dar inmunidad ante las cepas que est\u00e1n circulando\u201d.<\/h2>\n\n\n\n<p>El Gobierno provincial, a trav\u00e9s del Ministerio de Salud, brind\u00f3 detalles sobre el arribo de las vacunas bivalentes contra el Covid al territorio santafesino. Para su distribuci\u00f3n y colocaci\u00f3n se realizan capacitaciones que garantizan su inoculaci\u00f3n de forma \u201csegura y eficiente\u201d, tal como lo detall\u00f3 la ministra de Salud, Sonia Martorano.&nbsp;<\/p>\n\n\n\n<p>\u201cNos encontramos en proceso de distribuci\u00f3n; son vacunas que est\u00e1n a -80\u00b0C, lo que implica una log\u00edstica diferente\u201d, indic\u00f3 la funcionaria a la vez que agreg\u00f3 que \u201cest\u00e1bamos esperando estas vacunas, denominadas bivalentes, porque ya tienen la cepa de Wuhan y la cepa \u00d3micron con dos sub variantes, de manera tal que est\u00e1 vacuna nos va a dar inmunidad ante las cepas que est\u00e1n circulando\u201d, explic\u00f3 Martorano.<\/p>\n\n\n\n<p>Asimismo, aclar\u00f3 que estas dosis est\u00e1n indicadas \u201cpara mayores de 12 a\u00f1os y solo para refuerzo. Si tenemos que comenzar un esquema se inicia con otras vacunas\u201d.<\/p>\n\n\n\n<p>Consultada por la importancia de contar con las vacunas bivalentes contra el COVID, la ministra sostuvo que \u201ctener una vacuna espec\u00edfica es muy importante. Piensen que todos los a\u00f1os nos colocamos la vacuna contra la gripe y var\u00eda porque es contra la cepa que circula en ese momento; en este caso sucede lo mismo\u201d.<\/p>\n\n\n\n<p>Por su parte, Romina Carrizo, subsecretaria de Equidad, detall\u00f3 que \u201cest\u00e1 comprobado que contribuyen en un 85% a la disminuci\u00f3n de internaciones y muertes con esta vacuna bivariante. En este caso provienen del laboratorio Pfizer\u201d.<\/p>\n\n\n\n<p>\u201cEstas vacunas no se reconstituyen, es decir, es l\u00edquida, por lo que vacunadores y vacunadoras van a estar tomando la dosis de frascos multidosis (6 dosis cada uno), cada dosis de 0,3 mililitro, por lo que se toma eso y se aplica a la persona\u201d, finaliz\u00f3 Carrizo.<\/p>\n","protected":false},"excerpt":{"rendered":"<p>Durante la semana pr\u00f3xima estar\u00e1n a disposici\u00f3n de la ciudadan\u00eda indicada para mayores de 12 a\u00f1os. La ministra de Salud explic\u00f3 que \u00e9stas dosis ya cuentan con dos cepas, \u201cde manera que est\u00e1 vacuna nos va a dar inmunidad ante las cepas que est\u00e1n circulando\u201d. El Gobierno provincial, a trav\u00e9s del Ministerio de Salud, brind\u00f3 <a href=\"https:\/\/armstrongyregion.com.ar\/diario\/la-provincia-brindo-detalles-ante-la-llegada-de-las-vacunas-bivalentes-contra-el-covid\/\" title=\"Read more\" >&#8230;<\/a><\/p>\n","protected":false},"author":1,"featured_media":37288,"comment_status":"open","ping_status":"open","sticky":false,"template":"","format":"image","meta":{"_jetpack_memberships_contains_paid_content":false,"footnotes":"","jetpack_publicize_message":"","jetpack_publicize_feature_enabled":true,"jetpack_social_post_already_shared":true,"jetpack_social_options":{"image_generator_settings":{"template":"highway","default_image_id":0,"enabled":false},"version":2}},"categories":[8,1,2,7,3],"tags":[8912,206,8726,2444,31,8640,118,8911],"class_list":["post-37287","post","type-post","status-publish","format-image","has-post-thumbnail","hentry","category-deliberando","category-diario-armstrong","category-locales","category-politica","category-region","tag-bivalentes","tag-brindo","tag-covid","tag-detalles","tag-la","tag-provincia-2","tag-sobre","tag-vacunas","post_format-post-format-image"],"jetpack_publicize_connections":[],"jetpack_featured_media_url":"https:\/\/armstrongyregion.com.ar\/diario\/wp-content\/uploads\/2023\/01\/vacunas-ambibalentes-.jpg","jetpack_shortlink":"https:\/\/wp.me\/p62QDO-9Hp","jetpack_sharing_enabled":true,"amp_enabled":true,"_links":{"self":[{"href":"https:\/\/armstrongyregion.com.ar\/diario\/wp-json\/wp\/v2\/posts\/37287","targetHints":{"allow":["GET"]}}],"collection":[{"href":"https:\/\/armstrongyregion.com.ar\/diario\/wp-json\/wp\/v2\/posts"}],"about":[{"href":"https:\/\/armstrongyregion.com.ar\/diario\/wp-json\/wp\/v2\/types\/post"}],"author":[{"embeddable":true,"href":"https:\/\/armstrongyregion.com.ar\/diario\/wp-json\/wp\/v2\/users\/1"}],"replies":[{"embeddable":true,"href":"https:\/\/armstrongyregion.com.ar\/diario\/wp-json\/wp\/v2\/comments?post=37287"}],"version-history":[{"count":1,"href":"https:\/\/armstrongyregion.com.ar\/diario\/wp-json\/wp\/v2\/posts\/37287\/revisions"}],"predecessor-version":[{"id":37289,"href":"https:\/\/armstrongyregion.com.ar\/diario\/wp-json\/wp\/v2\/posts\/37287\/revisions\/37289"}],"wp:featuredmedia":[{"embeddable":true,"href":"https:\/\/armstrongyregion.com.ar\/diario\/wp-json\/wp\/v2\/media\/37288"}],"wp:attachment":[{"href":"https:\/\/armstrongyregion.com.ar\/diario\/wp-json\/wp\/v2\/media?parent=37287"}],"wp:term":[{"taxonomy":"category","embeddable":true,"href":"https:\/\/armstrongyregion.com.ar\/diario\/wp-json\/wp\/v2\/categories?post=37287"},{"taxonomy":"post_tag","embeddable":true,"href":"https:\/\/armstrongyregion.com.ar\/diario\/wp-json\/wp\/v2\/tags?post=37287"}],"curies":[{"name":"wp","href":"https:\/\/api.w.org\/{rel}","templated":true}]}}