{"id":37284,"date":"2023-01-26T21:13:53","date_gmt":"2023-01-26T21:13:53","guid":{"rendered":"https:\/\/armstrongyregion.com.ar\/diario\/?p=37284"},"modified":"2023-01-26T21:13:54","modified_gmt":"2023-01-26T21:13:54","slug":"clara-garcia-reclamo-que-se-agilicen-de-manera-urgente-las-medidas-de-emergencia-para-el-campo-de-santa-fe","status":"publish","type":"post","link":"https:\/\/armstrongyregion.com.ar\/diario\/clara-garcia-reclamo-que-se-agilicen-de-manera-urgente-las-medidas-de-emergencia-para-el-campo-de-santa-fe\/","title":{"rendered":"Clara Garc\u00eda reclam\u00f3 que se agilicen de manera urgente \u00ablas medidas de emergencia para el campo de Santa Fe\u00bb."},"content":{"rendered":"\n<figure class=\"wp-block-image size-full\"><a href=\"http:\/\/armstrongyregion.com.ar\/diario\/wp-content\/uploads\/2023\/01\/clarita-26-1-23-.jpg\"><img loading=\"lazy\" decoding=\"async\" width=\"640\" height=\"360\" src=\"http:\/\/armstrongyregion.com.ar\/diario\/wp-content\/uploads\/2023\/01\/clarita-26-1-23-.jpg\" alt=\"\" class=\"wp-image-37285\" srcset=\"https:\/\/armstrongyregion.com.ar\/diario\/wp-content\/uploads\/2023\/01\/clarita-26-1-23-.jpg 640w, https:\/\/armstrongyregion.com.ar\/diario\/wp-content\/uploads\/2023\/01\/clarita-26-1-23--300x169.jpg 300w\" sizes=\"auto, (max-width: 640px) 100vw, 640px\" \/><\/a><\/figure>\n\n\n\n<h2 class=\"wp-block-heading\"><em>\u201cLa asistencia a los productores debe hacerse efectiva en cuesti\u00f3n de horas. Ya lo hicieron otros gobiernos ante situaciones de este tipo o ante inundaciones. No se puede frenar la ayuda a causa de una burocracia estatal ineficiente\u201d, afirm\u00f3.<\/em><\/h2>\n\n\n\n<p id=\"m_9027823868279871687docs-internal-guid-c65cafc3-7fff-c13e-b665-8fcb3781f206\">Clara Garc\u00eda reclam\u00f3 al gobierno provincial \u201cla implementaci\u00f3n urgente de medidas\u201d para asistir a los productores agropecuarios y hort\u00edcolas ante la sequ\u00eda que afecta a vastas zonas del territorio de Santa Fe. La diputada provincial fue m\u00e1s all\u00e1 de la coyuntura y tambi\u00e9n marc\u00f3 la necesidad de definir posibles l\u00edneas de acci\u00f3n a seguir una vez superada la crisis.&nbsp;&nbsp;<\/p>\n\n\n\n<p>En primer lugar, Garc\u00eda consider\u00f3 que el Estado santafesino \u201cya deber\u00eda haber actuado porque hace tres a\u00f1os que se viene hablando del fen\u00f3meno de La Ni\u00f1a y los efectos que se han visto en estas \u00faltimas semanas se preve\u00edan desde hace varios meses. Hoy -se\u00f1al\u00f3- disponemos de informaci\u00f3n satelital y mapas elaborados por el Instituto Nacional de Tecnolog\u00eda Agropecuaria (Inta) que muestran las consecuencias de los eventos clim\u00e1ticos en detalle y el gobierno provincial posee la capacidad de dimensionar las consecuencias econ\u00f3micas de una sequ\u00eda como esta\u201d.&nbsp;<\/p>\n\n\n\n<p>La legisladora record\u00f3 que \u201cla campa\u00f1a del trigo ya tuvo mucho menos hect\u00e1reas y se anticipaban rindes muy magros\u201d. Y luego a\u00f1adi\u00f3: \u201cEso fue en el invierno y todos los actores e instituciones de la cadena agropecuaria advirtieron sobre lo que se ven\u00eda en estos meses. Ahora, est\u00e1n azorados no solo porque, una vez m\u00e1s, el gobierno de Omar Perotti fue muy poco previsor sino por la falta de reacci\u00f3n\u201d.<\/p>\n\n\n\n<p>Garc\u00eda asegur\u00f3 que el gobierno provincial \u201cdispone de un amplio abanico de herramientas para brindar asistencia en la cat\u00e1strofe y frenar sus consecuencias\u201d, y record\u00f3 que \u201cya lo hicieron otros gobiernos ante situaciones de este tipo, como en las inundaciones de 2016, por ejemplo, cuando el gobierno de Miguel Lifschitz no dud\u00f3 en poner toda su capacidad de trabajo en contener y atender el tejido productivo, sin especular ni esperar un s\u00f3lo d\u00eda\u00bb.<\/p>\n\n\n\n<p>En ese marco, reclam\u00f3 al gobernador que \u201cinstrumente de manera urgente la ayuda a productores agropecuarios y hort\u00edcolas de la provincia, sobre todo a los que est\u00e1n en situaci\u00f3n m\u00e1s cr\u00edtica, los que no tienen la espalda para soportar el costo de los granos, el personal, los insumos, los tributos nacionales y provinciales. La mayor\u00eda de estos establecimientos corre serios riesgos\u201d, asegur\u00f3.&nbsp;<\/p>\n\n\n\n<p>\u201cEl tr\u00e1mite de emergencia agropecuaria que actualmente est\u00e1 vigente \u2013sostuvo la legisladora- tiene que ser a distancia y a simple declaraci\u00f3n jurada de los productores. Estamos hablando de un tr\u00e1mite completamente desburocratizado que, con ayuda del presidente comunal o el intendente municipal seg\u00fan cada caso, debe hacerse efectivo en no m\u00e1s de 48 horas. No se puede frenar la ayuda a causa de una burocracia estatal ineficiente\u201d, afirm\u00f3.<\/p>\n\n\n\n<p><strong>AYUDA NACIONAL A CUENTAGOTAS<\/strong><\/p>\n\n\n\n<p>En relaci\u00f3n a la asistencia del gobierno nacional anunciada d\u00edas atr\u00e1s, Garc\u00eda opin\u00f3 que \u00abllega a cuentagotas\u00bb y consider\u00f3 que \u00ab1.300 millones de pesos aportados para asistir a los productores es un monto exiguo comparado con lo que aporta la provincia v\u00eda retenciones y con las p\u00e9rdidas de la sequ\u00eda, que se estiman en 15.000 millones de d\u00f3lares. Si distribuimos esos 1.300 millones entre las 26.000 explotaciones agropecuarias de la provincia, representar\u00edan s\u00f3lo $50.000 para cada una\u201d, grafic\u00f3.&nbsp;<\/p>\n\n\n\n<p>\u201cSe trata de asistir al sector m\u00e1s din\u00e1mico de nuestra econom\u00eda \u2013enfatiz\u00f3-, el que m\u00e1s divisas aporta, el que genera movimiento en una muy vasta regi\u00f3n y para una gran cantidad de actividades que se nutren del campo. Eso es hablar de empleo e inversi\u00f3n que no vamos a ver\u201d, subray\u00f3.<\/p>\n\n\n\n<p>En esa l\u00ednea, Garc\u00eda advirti\u00f3 que \u201choy la sequ\u00eda afecta al campo pero en poco tiempo m\u00e1s nos va a afectar a todos\u201d, ya que representa una cat\u00e1strofe productiva que puede impactar en toda la cadena de pago y argument\u00f3: \u201cEs el primer eslab\u00f3n; despu\u00e9s vienen la agroindustria, la log\u00edstica, el comercio, los servicios, las inversiones que tienen como origen al conjunto de actividades de la cadena agropecuaria, que sostienen una parte central de nuestra econom\u00eda\u201d<\/p>\n\n\n\n<p>A eso sum\u00f3 el impacto que la coyuntura tendr\u00e1 en los precios: \u201cVamos a sufrir nuevos aumentos porque se est\u00e1n viendo afectados tanto los cultivos como los animales; los tambos tambi\u00e9n est\u00e1n menguados y eso afecta la producci\u00f3n de leche. Es decir, habr\u00e1 menos oferta en todos estos rubros que son b\u00e1sicos y por lo tanto impactar\u00e1 en los precios a los consumidores\u201d.<\/p>\n\n\n\n<p><strong>MEDIDAS POST CRISIS<\/strong><\/p>\n\n\n\n<p>Argentina soporta por tercer a\u00f1o consecutivo el fen\u00f3meno clim\u00e1tico La Ni\u00f1a, que genera lluvias por debajo de lo normal. En el escenario nacional, Santa Fe es la provincia m\u00e1s afectada por la sequ\u00eda. Seg\u00fan un informe de la Bolsa de Comercio de Rosario, no se sembraron 360.000 hect\u00e1reas en el territorio santafesino, mientras que en Buenos Aires fueron 300.000; en Entre R\u00edos, 220.000; y en C\u00f3rdoba, 205.000.<\/p>\n\n\n\n<p>El panorama es particularmente desolador en el norte provincial, donde se han secado lagunas por completo y han muerto unos 3.000 animales.&nbsp;<\/p>\n\n\n\n<p>Pasadas las dificultades actuales, la legisladora llam\u00f3 a \u201ctrabajar en cuestiones de fondo, como el ordenamiento territorial, los cultivos m\u00e1s apropiados para cada zona, rescatar el observatorio del suelo para estudiar el impacto de las sequ\u00edas y el exceso de agua y poder preservar nuestro suelo y los reservorios de agua, la articulaci\u00f3n con los comit\u00e9s de cuenca, que aportan informaci\u00f3n desde la realidad territorial y la pertinencia profesional que tienen. Toda estas acciones son claves para gestionar con anticipaci\u00f3n una pol\u00edtica de Estado en materia productiva y ambiental\u201d, finaliz\u00f3.<\/p>\n","protected":false},"excerpt":{"rendered":"<p>\u201cLa asistencia a los productores debe hacerse efectiva en cuesti\u00f3n de horas. Ya lo hicieron otros gobiernos ante situaciones de este tipo o ante inundaciones. No se puede frenar la ayuda a causa de una burocracia estatal ineficiente\u201d, afirm\u00f3. Clara Garc\u00eda reclam\u00f3 al gobierno provincial \u201cla implementaci\u00f3n urgente de medidas\u201d para asistir a los productores <a href=\"https:\/\/armstrongyregion.com.ar\/diario\/clara-garcia-reclamo-que-se-agilicen-de-manera-urgente-las-medidas-de-emergencia-para-el-campo-de-santa-fe\/\" title=\"Read more\" >&#8230;<\/a><\/p>\n","protected":false},"author":1,"featured_media":37285,"comment_status":"open","ping_status":"open","sticky":false,"template":"","format":"image","meta":{"_jetpack_memberships_contains_paid_content":false,"footnotes":"","jetpack_publicize_message":"","jetpack_publicize_feature_enabled":true,"jetpack_social_post_already_shared":true,"jetpack_social_options":{"image_generator_settings":{"template":"highway","default_image_id":0,"enabled":false},"version":2}},"categories":[6,8,1,2,7,3],"tags":[8910,1924,8909,19,16,2625,1973,81,108,166,86,3775],"class_list":["post-37284","post","type-post","status-publish","format-image","has-post-thumbnail","hentry","category-cultura-entretenimiento","category-deliberando","category-diario-armstrong","category-locales","category-politica","category-region","tag-agilicen","tag-campo","tag-clara-gracia","tag-de","tag-el","tag-emergencia","tag-manera","tag-para","tag-que","tag-reclamo","tag-se","tag-urgente","post_format-post-format-image"],"jetpack_publicize_connections":[],"jetpack_featured_media_url":"https:\/\/armstrongyregion.com.ar\/diario\/wp-content\/uploads\/2023\/01\/clarita-26-1-23-.jpg","jetpack_shortlink":"https:\/\/wp.me\/p62QDO-9Hm","jetpack_sharing_enabled":true,"amp_enabled":true,"_links":{"self":[{"href":"https:\/\/armstrongyregion.com.ar\/diario\/wp-json\/wp\/v2\/posts\/37284","targetHints":{"allow":["GET"]}}],"collection":[{"href":"https:\/\/armstrongyregion.com.ar\/diario\/wp-json\/wp\/v2\/posts"}],"about":[{"href":"https:\/\/armstrongyregion.com.ar\/diario\/wp-json\/wp\/v2\/types\/post"}],"author":[{"embeddable":true,"href":"https:\/\/armstrongyregion.com.ar\/diario\/wp-json\/wp\/v2\/users\/1"}],"replies":[{"embeddable":true,"href":"https:\/\/armstrongyregion.com.ar\/diario\/wp-json\/wp\/v2\/comments?post=37284"}],"version-history":[{"count":1,"href":"https:\/\/armstrongyregion.com.ar\/diario\/wp-json\/wp\/v2\/posts\/37284\/revisions"}],"predecessor-version":[{"id":37286,"href":"https:\/\/armstrongyregion.com.ar\/diario\/wp-json\/wp\/v2\/posts\/37284\/revisions\/37286"}],"wp:featuredmedia":[{"embeddable":true,"href":"https:\/\/armstrongyregion.com.ar\/diario\/wp-json\/wp\/v2\/media\/37285"}],"wp:attachment":[{"href":"https:\/\/armstrongyregion.com.ar\/diario\/wp-json\/wp\/v2\/media?parent=37284"}],"wp:term":[{"taxonomy":"category","embeddable":true,"href":"https:\/\/armstrongyregion.com.ar\/diario\/wp-json\/wp\/v2\/categories?post=37284"},{"taxonomy":"post_tag","embeddable":true,"href":"https:\/\/armstrongyregion.com.ar\/diario\/wp-json\/wp\/v2\/tags?post=37284"}],"curies":[{"name":"wp","href":"https:\/\/api.w.org\/{rel}","templated":true}]}}