{"id":37275,"date":"2023-01-25T14:01:40","date_gmt":"2023-01-25T14:01:40","guid":{"rendered":"https:\/\/armstrongyregion.com.ar\/diario\/?p=37275"},"modified":"2023-01-25T14:01:45","modified_gmt":"2023-01-25T14:01:45","slug":"las-rosas-se-dicto-prision-preventiva-al-autor-de-la-golpiza-a-una-nina-quedo-detenido","status":"publish","type":"post","link":"https:\/\/armstrongyregion.com.ar\/diario\/las-rosas-se-dicto-prision-preventiva-al-autor-de-la-golpiza-a-una-nina-quedo-detenido\/","title":{"rendered":"Las Rosas: Se dict\u00f3 prisi\u00f3n preventiva al autor de la golpiza a una ni\u00f1a. Qued\u00f3 detenido."},"content":{"rendered":"\n<figure class=\"wp-block-image size-full\"><a href=\"http:\/\/armstrongyregion.com.ar\/diario\/wp-content\/uploads\/2023\/01\/comisario-URX.jpg\"><img loading=\"lazy\" decoding=\"async\" width=\"475\" height=\"282\" src=\"http:\/\/armstrongyregion.com.ar\/diario\/wp-content\/uploads\/2023\/01\/comisario-URX.jpg\" alt=\"\" class=\"wp-image-37276\" srcset=\"https:\/\/armstrongyregion.com.ar\/diario\/wp-content\/uploads\/2023\/01\/comisario-URX.jpg 475w, https:\/\/armstrongyregion.com.ar\/diario\/wp-content\/uploads\/2023\/01\/comisario-URX-300x178.jpg 300w\" sizes=\"auto, (max-width: 475px) 100vw, 475px\" \/><\/a><\/figure>\n\n\n\n<h2 class=\"wp-block-heading\">El parte policial inform\u00f3 \u00abque es una persona que viene teniendo problemas\u00bb y que se le imputaron varios delitos. Entrevista al Jefe de la U.R. III de Polic\u00eda (Departamento Belgrano). Tambi\u00e9n se refiere a otro caso de da\u00f1o a propiedades de vecinos.<\/h2>\n\n\n\n<p>Sebasti\u00e1n Igonet, Jefe de la U.R. III Departamento Belgrano, brind\u00f3 detalles sobre la ocurrido y de la actuaci\u00f3n policial en este caso y otros que tuvo la semana:<\/p>\n\n\n\n<p><em>\u00abFue un hecho lamentable, donde un vecino de esta ciudad en una actitud criminal ataco a una ni\u00f1a de dos a\u00f1os , esta ni\u00f1a se encontraba con la mam\u00e1 y el pap\u00e1, y con motivos que se desconocen ataco ferozmente con un elemento contundente, lesionando seriamente a esta criatura. Que fue trasladada a Rosario, estamos en contacto clon los m\u00e9dicos que la est\u00e1n atendiendo, evoluciona favorablemente y en estos d\u00edas con suerte la ni\u00f1a recibir\u00eda el alta\u00bb.<\/em><\/p>\n\n\n\n<p><em>\u00abEl imputado est\u00e1 alojado en la alcaid\u00eda departamental Tuvo la audiencia imputativa el lunes, se le imputaron todos los delitos y va a quedar a disposici\u00f3n de la fiscal\u00eda con prisi\u00f3n preventiva\u00bb<\/em><\/p>\n\n\n\n<p><em>Sobre el detenido y su alojamiento, asegur\u00f3: \u00abYa se consigui\u00f3 un cupo para que vaya directamente a la c\u00e1rcel de Santa Fe\u00bb.<\/em><\/p>\n\n\n\n<p><em>\u00abEste masculino, este imputado en esta causa ya ven\u00eda teniendo problemas semanas atr\u00e1s con la justicia, desemboc\u00f3 en esto. Hoy lo m\u00e1s importante es que se actu\u00f3 r\u00e1pidamente y que la nena de corta edad recupere su vida normal\u00bb.<\/em><\/p>\n\n\n\n<hr class=\"wp-block-separator has-alpha-channel-opacity\"\/>\n\n\n\n<p><strong>Otro caso que se difundi\u00f3 en redes sociales: vecino ocasion\u00f3 disturbios en zona de calles R\u00edo de Janeiro e Ituzaing\u00f3<\/strong><\/p>\n\n\n\n<p><em>\u00abEs una persona que viene teniendo problemas hace much\u00edsimos a\u00f1os. Ocasion\u00f3 varios disturbios, tambi\u00e9n una serie de delitos; posee antecedentes, estuvo detenido hace muy poquito ac\u00e1 en la alcaid\u00eda departamental, entonces la fiscal tom\u00f3 cartas en el asunto y ya dio intervenci\u00f3n a la parte civil, con intervenci\u00f3n de salud mental\u00bb.<\/em><\/p>\n\n\n\n<p><em>\u00abSi bien no hay una sentencia que lo declare insano a esta persona, los vecinos cansados de tantas circunstancias que vienen viviendo y nosotros los entendemos perfectamente, y actuamos a orden de la fiscal\u00eda, la Dra. Benvenutto. La misma a actuado de una manera muy comprometida a este hecho y con los vecinos para darle una soluci\u00f3n al respecto. Entre hoy o ma\u00f1ana quiz\u00e1s se logre la internaci\u00f3n de esta persona. No podemos actuar ni reprimir con la parte penal porque hay documentos m\u00e9dicos que avalan que esta persona no comprende la criminalidad de sus actos, pero hay que actuar r\u00e1pidamente, como lo hizo la Dra. Benvenutto y creo que en estos d\u00edas tenemos la respuesta que el vecino se merece\u00bb.<\/em><\/p>\n\n\n\n<p><strong>Fuente: El 4TV<\/strong><\/p>\n","protected":false},"excerpt":{"rendered":"<p>El parte policial inform\u00f3 \u00abque es una persona que viene teniendo problemas\u00bb y que se le imputaron varios delitos. Entrevista al Jefe de la U.R. III de Polic\u00eda (Departamento Belgrano). Tambi\u00e9n se refiere a otro caso de da\u00f1o a propiedades de vecinos. Sebasti\u00e1n Igonet, Jefe de la U.R. III Departamento Belgrano, brind\u00f3 detalles sobre la <a href=\"https:\/\/armstrongyregion.com.ar\/diario\/las-rosas-se-dicto-prision-preventiva-al-autor-de-la-golpiza-a-una-nina-quedo-detenido\/\" title=\"Read more\" >&#8230;<\/a><\/p>\n","protected":false},"author":1,"featured_media":37276,"comment_status":"open","ping_status":"open","sticky":false,"template":"","format":"image","meta":{"_jetpack_memberships_contains_paid_content":false,"footnotes":"","jetpack_publicize_message":"","jetpack_publicize_feature_enabled":true,"jetpack_social_post_already_shared":true,"jetpack_social_options":{"image_generator_settings":{"template":"highway","default_image_id":0,"enabled":false},"version":2}},"categories":[8,1,2,7,3],"tags":[2324,19,8903,8905,31,8883,8900,8904,2605,86],"class_list":["post-37275","post","type-post","status-publish","format-image","has-post-thumbnail","hentry","category-deliberando","category-diario-armstrong","category-locales","category-politica","category-region","tag-autor","tag-de","tag-dicto","tag-golpiza","tag-la","tag-las-rosas-2","tag-nina-2","tag-preventiva","tag-prision","tag-se","post_format-post-format-image"],"jetpack_publicize_connections":[],"jetpack_featured_media_url":"https:\/\/armstrongyregion.com.ar\/diario\/wp-content\/uploads\/2023\/01\/comisario-URX.jpg","jetpack_shortlink":"https:\/\/wp.me\/p62QDO-9Hd","jetpack_sharing_enabled":true,"amp_enabled":true,"_links":{"self":[{"href":"https:\/\/armstrongyregion.com.ar\/diario\/wp-json\/wp\/v2\/posts\/37275","targetHints":{"allow":["GET"]}}],"collection":[{"href":"https:\/\/armstrongyregion.com.ar\/diario\/wp-json\/wp\/v2\/posts"}],"about":[{"href":"https:\/\/armstrongyregion.com.ar\/diario\/wp-json\/wp\/v2\/types\/post"}],"author":[{"embeddable":true,"href":"https:\/\/armstrongyregion.com.ar\/diario\/wp-json\/wp\/v2\/users\/1"}],"replies":[{"embeddable":true,"href":"https:\/\/armstrongyregion.com.ar\/diario\/wp-json\/wp\/v2\/comments?post=37275"}],"version-history":[{"count":1,"href":"https:\/\/armstrongyregion.com.ar\/diario\/wp-json\/wp\/v2\/posts\/37275\/revisions"}],"predecessor-version":[{"id":37277,"href":"https:\/\/armstrongyregion.com.ar\/diario\/wp-json\/wp\/v2\/posts\/37275\/revisions\/37277"}],"wp:featuredmedia":[{"embeddable":true,"href":"https:\/\/armstrongyregion.com.ar\/diario\/wp-json\/wp\/v2\/media\/37276"}],"wp:attachment":[{"href":"https:\/\/armstrongyregion.com.ar\/diario\/wp-json\/wp\/v2\/media?parent=37275"}],"wp:term":[{"taxonomy":"category","embeddable":true,"href":"https:\/\/armstrongyregion.com.ar\/diario\/wp-json\/wp\/v2\/categories?post=37275"},{"taxonomy":"post_tag","embeddable":true,"href":"https:\/\/armstrongyregion.com.ar\/diario\/wp-json\/wp\/v2\/tags?post=37275"}],"curies":[{"name":"wp","href":"https:\/\/api.w.org\/{rel}","templated":true}]}}