{"id":37272,"date":"2023-01-25T13:55:53","date_gmt":"2023-01-25T13:55:53","guid":{"rendered":"https:\/\/armstrongyregion.com.ar\/diario\/?p=37272"},"modified":"2023-01-25T13:55:57","modified_gmt":"2023-01-25T13:55:57","slug":"parte-medico-de-nina-brutalmente-golpeada-en-las-rosas","status":"publish","type":"post","link":"https:\/\/armstrongyregion.com.ar\/diario\/parte-medico-de-nina-brutalmente-golpeada-en-las-rosas\/","title":{"rendered":"Parte m\u00e9dico de ni\u00f1a brutalmente golpeada en Las Rosas."},"content":{"rendered":"\n<figure class=\"wp-block-image size-full\"><a href=\"http:\/\/armstrongyregion.com.ar\/diario\/wp-content\/uploads\/2023\/01\/parte-medico-nena-.jpg\"><img loading=\"lazy\" decoding=\"async\" width=\"434\" height=\"243\" src=\"http:\/\/armstrongyregion.com.ar\/diario\/wp-content\/uploads\/2023\/01\/parte-medico-nena-.jpg\" alt=\"\" class=\"wp-image-37273\" srcset=\"https:\/\/armstrongyregion.com.ar\/diario\/wp-content\/uploads\/2023\/01\/parte-medico-nena-.jpg 434w, https:\/\/armstrongyregion.com.ar\/diario\/wp-content\/uploads\/2023\/01\/parte-medico-nena--300x168.jpg 300w\" sizes=\"auto, (max-width: 434px) 100vw, 434px\" \/><\/a><\/figure>\n\n\n\n<figure class=\"wp-block-embed is-type-video is-provider-youtube wp-block-embed-youtube wp-embed-aspect-16-9 wp-has-aspect-ratio\"><div class=\"wp-block-embed__wrapper\">\n<iframe loading=\"lazy\" title=\"23-01-23 Nota Abel Tamantini\" width=\"800\" height=\"450\" src=\"https:\/\/www.youtube.com\/embed\/2PQRXeZxL7A?feature=oembed\" frameborder=\"0\" allow=\"accelerometer; autoplay; clipboard-write; encrypted-media; gyroscope; picture-in-picture; web-share\" allowfullscreen><\/iframe>\n<\/div><\/figure>\n\n\n\n<h2 class=\"wp-block-heading\">La peque\u00f1a fue remitida al hospital de ni\u00f1os de Rosario con lesiones en el rostro, el agresor se encuentra detenido.<\/h2>\n\n\n\n<p><em>\u00abRecibieron a la bebe los m\u00e9dicos de guardia en la madrugada del domingo. Se le hicieron las primeras atenciones, placas radiogr\u00e1ficas y control de evoluci\u00f3n inicial; al mismo momento se activaron las gestiones para su posterior traslado al Hospital de Ni\u00f1os J. Vilela -Rosario- por lo que luego ingres\u00f3 a dicho centro de salud de mayor complejidad. Afortunadamente se la atendi\u00f3 r\u00e1pido y mostr\u00f3 una evoluci\u00f3n favorable\u00bb,<\/em>&nbsp;inform\u00f3 el Dr. Abel Tamantini.&nbsp;<em>\u00abTiene una lesi\u00f3n en la zona de los ojos y nariz. Hab\u00edendo ingresado con sangrado nasal, tenia un poquito de tendencia al sue\u00f1o y eso preocup\u00f3 mucho, con el transcurrir de las horas se confirm\u00f3 en Rosario que las lesiones no eran de tratamiento quir\u00fargico\u00bb.<\/em><\/p>\n\n\n\n<p>Vale aclarar que si bien el Dr. Tamantini no hizo menci\u00f3n al origen de la heridas, algo que adem\u00e1s no es de su obligaci\u00f3n, el caso fue muy difundido por redes sociales, es de conocimiento p\u00fablico y est\u00e1 siendo investigado por la Polic\u00eda, estando detenido el agresor.<\/p>\n\n\n\n<p><strong>Fuente: El 4TV y Renacer Regional FM<\/strong><\/p>\n","protected":false},"excerpt":{"rendered":"<p>La peque\u00f1a fue remitida al hospital de ni\u00f1os de Rosario con lesiones en el rostro, el agresor se encuentra detenido. \u00abRecibieron a la bebe los m\u00e9dicos de guardia en la madrugada del domingo. Se le hicieron las primeras atenciones, placas radiogr\u00e1ficas y control de evoluci\u00f3n inicial; al mismo momento se activaron las gestiones para su <a href=\"https:\/\/armstrongyregion.com.ar\/diario\/parte-medico-de-nina-brutalmente-golpeada-en-las-rosas\/\" title=\"Read more\" >&#8230;<\/a><\/p>\n","protected":false},"author":1,"featured_media":37273,"comment_status":"open","ping_status":"open","sticky":false,"template":"","format":"image","meta":{"_jetpack_memberships_contains_paid_content":false,"footnotes":"","jetpack_publicize_message":"","jetpack_publicize_feature_enabled":true,"jetpack_social_post_already_shared":true,"jetpack_social_options":{"image_generator_settings":{"template":"highway","default_image_id":0,"enabled":false},"version":2}},"categories":[8,1,2,7,3],"tags":[8902,19,8883,430,8900,1740],"class_list":["post-37272","post","type-post","status-publish","format-image","has-post-thumbnail","hentry","category-deliberando","category-diario-armstrong","category-locales","category-politica","category-region","tag-brutalmente","tag-de","tag-las-rosas-2","tag-medico","tag-nina-2","tag-parte","post_format-post-format-image"],"jetpack_publicize_connections":[],"jetpack_featured_media_url":"https:\/\/armstrongyregion.com.ar\/diario\/wp-content\/uploads\/2023\/01\/parte-medico-nena-.jpg","jetpack_shortlink":"https:\/\/wp.me\/p62QDO-9Ha","jetpack_sharing_enabled":true,"amp_enabled":true,"_links":{"self":[{"href":"https:\/\/armstrongyregion.com.ar\/diario\/wp-json\/wp\/v2\/posts\/37272","targetHints":{"allow":["GET"]}}],"collection":[{"href":"https:\/\/armstrongyregion.com.ar\/diario\/wp-json\/wp\/v2\/posts"}],"about":[{"href":"https:\/\/armstrongyregion.com.ar\/diario\/wp-json\/wp\/v2\/types\/post"}],"author":[{"embeddable":true,"href":"https:\/\/armstrongyregion.com.ar\/diario\/wp-json\/wp\/v2\/users\/1"}],"replies":[{"embeddable":true,"href":"https:\/\/armstrongyregion.com.ar\/diario\/wp-json\/wp\/v2\/comments?post=37272"}],"version-history":[{"count":1,"href":"https:\/\/armstrongyregion.com.ar\/diario\/wp-json\/wp\/v2\/posts\/37272\/revisions"}],"predecessor-version":[{"id":37274,"href":"https:\/\/armstrongyregion.com.ar\/diario\/wp-json\/wp\/v2\/posts\/37272\/revisions\/37274"}],"wp:featuredmedia":[{"embeddable":true,"href":"https:\/\/armstrongyregion.com.ar\/diario\/wp-json\/wp\/v2\/media\/37273"}],"wp:attachment":[{"href":"https:\/\/armstrongyregion.com.ar\/diario\/wp-json\/wp\/v2\/media?parent=37272"}],"wp:term":[{"taxonomy":"category","embeddable":true,"href":"https:\/\/armstrongyregion.com.ar\/diario\/wp-json\/wp\/v2\/categories?post=37272"},{"taxonomy":"post_tag","embeddable":true,"href":"https:\/\/armstrongyregion.com.ar\/diario\/wp-json\/wp\/v2\/tags?post=37272"}],"curies":[{"name":"wp","href":"https:\/\/api.w.org\/{rel}","templated":true}]}}