{"id":37237,"date":"2023-01-23T14:03:39","date_gmt":"2023-01-23T14:03:39","guid":{"rendered":"https:\/\/armstrongyregion.com.ar\/diario\/?p=37237"},"modified":"2023-01-23T14:03:43","modified_gmt":"2023-01-23T14:03:43","slug":"importante-avance-para-mejorar-la-red-cloacal-en-las-rosas","status":"publish","type":"post","link":"https:\/\/armstrongyregion.com.ar\/diario\/importante-avance-para-mejorar-la-red-cloacal-en-las-rosas\/","title":{"rendered":"Importante avance para mejorar la red cloacal en Las Rosas."},"content":{"rendered":"\n<figure class=\"wp-block-image size-full\"><a href=\"http:\/\/armstrongyregion.com.ar\/diario\/wp-content\/uploads\/2022\/08\/Javier-Meyer-9-8-22-.jpg\"><img loading=\"lazy\" decoding=\"async\" width=\"597\" height=\"405\" src=\"http:\/\/armstrongyregion.com.ar\/diario\/wp-content\/uploads\/2022\/08\/Javier-Meyer-9-8-22-.jpg\" alt=\"\" class=\"wp-image-35399\" srcset=\"https:\/\/armstrongyregion.com.ar\/diario\/wp-content\/uploads\/2022\/08\/Javier-Meyer-9-8-22-.jpg 597w, https:\/\/armstrongyregion.com.ar\/diario\/wp-content\/uploads\/2022\/08\/Javier-Meyer-9-8-22--300x204.jpg 300w\" sizes=\"auto, (max-width: 597px) 100vw, 597px\" \/><\/a><\/figure>\n\n\n\n<h2 class=\"wp-block-heading\">\u00abCon la puesta en marcha de la planta elevadora de calle Uruguay y Avellaneda, cientos de vecinos de ese sector se ver\u00e1n beneficiados con este servicio esencial\u00bb, expres\u00f3 Meyer.<\/h2>\n\n\n\n<p><\/p>\n\n\n\n<figure class=\"wp-block-audio\"><audio controls src=\"http:\/\/armstrongyregion.com.ar\/diario\/wp-content\/uploads\/2023\/01\/multimedia.audio_.bf977d771e11ed9b.617564696f206d6f6e6f2e6d7033.mp3\"><\/audio><figcaption class=\"wp-element-caption\">Nota Intendente Javier Meyer.<\/figcaption><\/figure>\n\n\n\n<p>\u00abYa esta en marcha pr\u00e1cticamente la estaci\u00f3n elevadora de calle Uruguay y Avellaneda, esta estaci\u00f3n elevadora habilita ya de forma directa todo el \u00abLoteo Cardini\u00bb, y pr\u00f3ximamente va a estar en segunda etapa detr\u00e1s del club Belgrano, toda la parte de calle La Argentina, Belgrano, Caseros, en etapa de seguir con la red cloacal, y la tercera etapa que es calle Avellaneda, parte de Juan Jos\u00e9 Paso, cubriendo el final por Gral. Roca y Constituci\u00f3n, vamos a llegar a lugares donde hoy no cuentan con el servicio, esperamos que al final de este a\u00f1o tengamos todos los usuarios de esa zona conectados a la red\u00bb, inform\u00f3 Meyer.<\/p>\n\n\n\n<p>Fuente: Renacer FM<\/p>\n\n\n\n<p><\/p>\n\n\n\n<p><\/p>\n\n\n\n<p><\/p>\n\n\n\n<figure class=\"wp-block-embed\"><div class=\"wp-block-embed__wrapper\">\nhttps:\/\/renacerfm.com.ar\/contenido\/14210\/importante-avance-para-mejorar-la-red-cloacal-en-las-rosas#:~:text=%22Ya%20esta%20en,red%22%2C%20inform%C3%B3%20Meyer.\n<\/div><\/figure>\n","protected":false},"excerpt":{"rendered":"<p>\u00abCon la puesta en marcha de la planta elevadora de calle Uruguay y Avellaneda, cientos de vecinos de ese sector se ver\u00e1n beneficiados con este servicio esencial\u00bb, expres\u00f3 Meyer. \u00abYa esta en marcha pr\u00e1cticamente la estaci\u00f3n elevadora de calle Uruguay y Avellaneda, esta estaci\u00f3n elevadora habilita ya de forma directa todo el \u00abLoteo Cardini\u00bb, y <a href=\"https:\/\/armstrongyregion.com.ar\/diario\/importante-avance-para-mejorar-la-red-cloacal-en-las-rosas\/\" title=\"Read more\" >&#8230;<\/a><\/p>\n","protected":false},"author":1,"featured_media":35399,"comment_status":"open","ping_status":"open","sticky":false,"template":"","format":"image","meta":{"_jetpack_memberships_contains_paid_content":false,"footnotes":"","jetpack_publicize_message":"","jetpack_publicize_feature_enabled":true,"jetpack_social_post_already_shared":true,"jetpack_social_options":{"image_generator_settings":{"template":"highway","default_image_id":0,"enabled":false},"version":2}},"categories":[8,1,2,7,3],"tags":[3690,2670,929,8883,81,2669],"class_list":["post-37237","post","type-post","status-publish","format-image","has-post-thumbnail","hentry","category-deliberando","category-diario-armstrong","category-locales","category-politica","category-region","tag-avance","tag-cloacal","tag-importante","tag-las-rosas-2","tag-para","tag-red","post_format-post-format-image"],"jetpack_publicize_connections":[],"jetpack_featured_media_url":"https:\/\/armstrongyregion.com.ar\/diario\/wp-content\/uploads\/2022\/08\/Javier-Meyer-9-8-22-.jpg","jetpack_shortlink":"https:\/\/wp.me\/p62QDO-9GB","jetpack_sharing_enabled":true,"amp_enabled":true,"_links":{"self":[{"href":"https:\/\/armstrongyregion.com.ar\/diario\/wp-json\/wp\/v2\/posts\/37237","targetHints":{"allow":["GET"]}}],"collection":[{"href":"https:\/\/armstrongyregion.com.ar\/diario\/wp-json\/wp\/v2\/posts"}],"about":[{"href":"https:\/\/armstrongyregion.com.ar\/diario\/wp-json\/wp\/v2\/types\/post"}],"author":[{"embeddable":true,"href":"https:\/\/armstrongyregion.com.ar\/diario\/wp-json\/wp\/v2\/users\/1"}],"replies":[{"embeddable":true,"href":"https:\/\/armstrongyregion.com.ar\/diario\/wp-json\/wp\/v2\/comments?post=37237"}],"version-history":[{"count":1,"href":"https:\/\/armstrongyregion.com.ar\/diario\/wp-json\/wp\/v2\/posts\/37237\/revisions"}],"predecessor-version":[{"id":37239,"href":"https:\/\/armstrongyregion.com.ar\/diario\/wp-json\/wp\/v2\/posts\/37237\/revisions\/37239"}],"wp:featuredmedia":[{"embeddable":true,"href":"https:\/\/armstrongyregion.com.ar\/diario\/wp-json\/wp\/v2\/media\/35399"}],"wp:attachment":[{"href":"https:\/\/armstrongyregion.com.ar\/diario\/wp-json\/wp\/v2\/media?parent=37237"}],"wp:term":[{"taxonomy":"category","embeddable":true,"href":"https:\/\/armstrongyregion.com.ar\/diario\/wp-json\/wp\/v2\/categories?post=37237"},{"taxonomy":"post_tag","embeddable":true,"href":"https:\/\/armstrongyregion.com.ar\/diario\/wp-json\/wp\/v2\/tags?post=37237"}],"curies":[{"name":"wp","href":"https:\/\/api.w.org\/{rel}","templated":true}]}}