{"id":37233,"date":"2023-01-23T13:47:05","date_gmt":"2023-01-23T13:47:05","guid":{"rendered":"https:\/\/armstrongyregion.com.ar\/diario\/?p=37233"},"modified":"2023-01-23T13:47:10","modified_gmt":"2023-01-23T13:47:10","slug":"came-y-sra-se-reunieron-para-evaluar-el-impacto-de-la-sequia-en-las-economias-regionales","status":"publish","type":"post","link":"https:\/\/armstrongyregion.com.ar\/diario\/came-y-sra-se-reunieron-para-evaluar-el-impacto-de-la-sequia-en-las-economias-regionales\/","title":{"rendered":"CAME y SRA se reunieron para evaluar el impacto de la sequ\u00eda en las econom\u00edas regionales."},"content":{"rendered":"\n<figure class=\"wp-block-image size-full\"><a href=\"http:\/\/armstrongyregion.com.ar\/diario\/wp-content\/uploads\/2023\/01\/CAME-.jpg\"><img loading=\"lazy\" decoding=\"async\" width=\"665\" height=\"561\" src=\"http:\/\/armstrongyregion.com.ar\/diario\/wp-content\/uploads\/2023\/01\/CAME-.jpg\" alt=\"\" class=\"wp-image-37234\" srcset=\"https:\/\/armstrongyregion.com.ar\/diario\/wp-content\/uploads\/2023\/01\/CAME-.jpg 665w, https:\/\/armstrongyregion.com.ar\/diario\/wp-content\/uploads\/2023\/01\/CAME--300x253.jpg 300w\" sizes=\"auto, (max-width: 665px) 100vw, 665px\" \/><\/a><\/figure>\n\n\n\n<h2 class=\"wp-block-heading\"><strong>La Confederaci\u00f3n Argentina de la Mediana Empresa (CAME), encabezada por su presidente, Alfredo Gonz\u00e1lez, mantuvo una reuni\u00f3n con el titular de la Sociedad Rural Argentina (SRA), Nicol\u00e1s Pino, para evaluar el impacto de la sequ\u00eda. \u201cEst\u00e1 en juego el capital de trabajo que los productores de la Pampa h\u00fameda y de las econom\u00edas regionales han invertido\u201d, sostuvo Gonz\u00e1lez.<\/strong><\/h2>\n\n\n\n<p>Durante el encuentro los dirigentes analizaron aspectos referidos a la producci\u00f3n, las sequ\u00edas que afectan al sector agropecuario a nivel nacional, las mermas que significar\u00e1n y la ca\u00edda de rentabilidad que deber\u00e1n afrontar los productores. \u201cVenimos de tres a\u00f1os de inclemencias clim\u00e1ticas. Tuvimos heladas y ahora la sequ\u00eda. Si bien no se perdieron ingresos de divisas por exportaciones, los vol\u00famenes de exportaci\u00f3n descendieron considerablemente\u201d, dijo Gonz\u00e1lez.<\/p>\n\n\n\n<p>Y continu\u00f3: \u201cDe prolongarse las mermas, producto de las heladas y de la sequ\u00eda que nos trajo el fen\u00f3meno de La Ni\u00f1a, se pone en riesgo la continuidad de la actividad productiva para el ejercicio 2023-2024\u201d. Cabe destacar que las producciones regionales exportaron por USD 7.500 millones en el per\u00edodo diciembre 2021-noviembre 2022 y que invierten anualmente alrededor de USD 4.200 millones en concepto de capital de trabajo, sin considerar amortizaci\u00f3n.<\/p>\n\n\n\n<p>En virtud de esta situaci\u00f3n se propuso elaborar una agenda com\u00fan, con la finalidad de gestionar iniciativas que den respuestas a las demandas del productor, adem\u00e1s de la promoci\u00f3n de instrumentos de alivio para el empresariado pyme de todo el pa\u00eds. Participaron tambi\u00e9n del encuentro el director ejecutivo de Econom\u00edas Regionales de CAME, Pablo Vernengo, y director de la SRA, Juan Manuel Bautista.<\/p>\n","protected":false},"excerpt":{"rendered":"<p>La Confederaci\u00f3n Argentina de la Mediana Empresa (CAME), encabezada por su presidente, Alfredo Gonz\u00e1lez, mantuvo una reuni\u00f3n con el titular de la Sociedad Rural Argentina (SRA), Nicol\u00e1s Pino, para evaluar el impacto de la sequ\u00eda. \u201cEst\u00e1 en juego el capital de trabajo que los productores de la Pampa h\u00fameda y de las econom\u00edas regionales han <a href=\"https:\/\/armstrongyregion.com.ar\/diario\/came-y-sra-se-reunieron-para-evaluar-el-impacto-de-la-sequia-en-las-economias-regionales\/\" title=\"Read more\" >&#8230;<\/a><\/p>\n","protected":false},"author":1,"featured_media":37234,"comment_status":"open","ping_status":"open","sticky":false,"template":"","format":"image","meta":{"_jetpack_memberships_contains_paid_content":false,"footnotes":"","jetpack_publicize_message":"","jetpack_publicize_feature_enabled":true,"jetpack_social_post_already_shared":true,"jetpack_social_options":{"image_generator_settings":{"template":"highway","default_image_id":0,"enabled":false},"version":2}},"categories":[8,1,2,7,3],"tags":[8880,3900,81,858,86,8881],"class_list":["post-37233","post","type-post","status-publish","format-image","has-post-thumbnail","hentry","category-deliberando","category-diario-armstrong","category-locales","category-politica","category-region","tag-came","tag-impacto","tag-para","tag-reunieron","tag-se","tag-sra-2","post_format-post-format-image"],"jetpack_publicize_connections":[],"jetpack_featured_media_url":"https:\/\/armstrongyregion.com.ar\/diario\/wp-content\/uploads\/2023\/01\/CAME-.jpg","jetpack_shortlink":"https:\/\/wp.me\/p62QDO-9Gx","jetpack_sharing_enabled":true,"amp_enabled":true,"_links":{"self":[{"href":"https:\/\/armstrongyregion.com.ar\/diario\/wp-json\/wp\/v2\/posts\/37233","targetHints":{"allow":["GET"]}}],"collection":[{"href":"https:\/\/armstrongyregion.com.ar\/diario\/wp-json\/wp\/v2\/posts"}],"about":[{"href":"https:\/\/armstrongyregion.com.ar\/diario\/wp-json\/wp\/v2\/types\/post"}],"author":[{"embeddable":true,"href":"https:\/\/armstrongyregion.com.ar\/diario\/wp-json\/wp\/v2\/users\/1"}],"replies":[{"embeddable":true,"href":"https:\/\/armstrongyregion.com.ar\/diario\/wp-json\/wp\/v2\/comments?post=37233"}],"version-history":[{"count":2,"href":"https:\/\/armstrongyregion.com.ar\/diario\/wp-json\/wp\/v2\/posts\/37233\/revisions"}],"predecessor-version":[{"id":37236,"href":"https:\/\/armstrongyregion.com.ar\/diario\/wp-json\/wp\/v2\/posts\/37233\/revisions\/37236"}],"wp:featuredmedia":[{"embeddable":true,"href":"https:\/\/armstrongyregion.com.ar\/diario\/wp-json\/wp\/v2\/media\/37234"}],"wp:attachment":[{"href":"https:\/\/armstrongyregion.com.ar\/diario\/wp-json\/wp\/v2\/media?parent=37233"}],"wp:term":[{"taxonomy":"category","embeddable":true,"href":"https:\/\/armstrongyregion.com.ar\/diario\/wp-json\/wp\/v2\/categories?post=37233"},{"taxonomy":"post_tag","embeddable":true,"href":"https:\/\/armstrongyregion.com.ar\/diario\/wp-json\/wp\/v2\/tags?post=37233"}],"curies":[{"name":"wp","href":"https:\/\/api.w.org\/{rel}","templated":true}]}}