{"id":37216,"date":"2023-01-19T17:56:23","date_gmt":"2023-01-19T17:56:23","guid":{"rendered":"https:\/\/armstrongyregion.com.ar\/diario\/?p=37216"},"modified":"2023-01-19T17:56:28","modified_gmt":"2023-01-19T17:56:28","slug":"verdecchia-existen-ciudadanos-de-primera-y-ciudadanos-de-segunda-para-el-gobernador-perotti-a-esta-discrecionalidad-no-la-vivimos-nunca","status":"publish","type":"post","link":"https:\/\/armstrongyregion.com.ar\/diario\/verdecchia-existen-ciudadanos-de-primera-y-ciudadanos-de-segunda-para-el-gobernador-perotti-a-esta-discrecionalidad-no-la-vivimos-nunca\/","title":{"rendered":"<strong>Verdecchia: \u201cExisten ciudadanos de primera y ciudadanos de segunda para el Gobernador Perotti, a esta discrecionalidad no la vivimos nunca\u201d<\/strong>"},"content":{"rendered":"\n<figure class=\"wp-block-image size-full\"><a href=\"http:\/\/armstrongyregion.com.ar\/diario\/wp-content\/uploads\/2023\/01\/Verdecchia-Senador-1-.jpg\"><img loading=\"lazy\" decoding=\"async\" width=\"400\" height=\"263\" src=\"http:\/\/armstrongyregion.com.ar\/diario\/wp-content\/uploads\/2023\/01\/Verdecchia-Senador-1-.jpg\" alt=\"\" class=\"wp-image-37217\" srcset=\"https:\/\/armstrongyregion.com.ar\/diario\/wp-content\/uploads\/2023\/01\/Verdecchia-Senador-1-.jpg 400w, https:\/\/armstrongyregion.com.ar\/diario\/wp-content\/uploads\/2023\/01\/Verdecchia-Senador-1--300x197.jpg 300w\" sizes=\"auto, (max-width: 400px) 100vw, 400px\" \/><\/a><\/figure>\n\n\n\n<h2 class=\"wp-block-heading\">Las principales fuerzas pol\u00edticas opositoras denunciaron la discriminaci\u00f3n en la distribuci\u00f3n de \u201cfondos Covid\u201d a todos los municipios y comunas que no son del mismo signo pol\u00edtico que el oficialismo. <\/h2>\n\n\n\n<p>Por su parte el intendente local Dr. Pablo Verdecchia en dialogo con los medios locales expresaba: \u201cHace 24 horas, nos informamos de la resoluci\u00f3n 586 emitida por el gobierno provincial de Omar Perotti y el Ministro de Gesti\u00f3n P\u00fablica Marcos Corach que, en el marco del \u00abPrograma de Atenci\u00f3n Gobierno Locales \u2013Emergencia Covid-19\u201d, determina la distribuci\u00f3n de los fondos Covid a casi todas las localidades de la provincia, quedando excluidas aquellas que no tienen al peronismo al frente del Ejecutivo, incluyendo las dos ciudades m\u00e1s importantes, Rosario y la capital provincial\u201d.<\/p>\n\n\n\n<p>Luego a\u00f1adi\u00f3: \u201cExiste una enorme diferencia de reparto entre los amigos del gobernador de su propio color pol\u00edtico y de quienes no. Esto es grav\u00edsimo institucionalmente y es una realidad que ven\u00edamos denunciando hace tres a\u00f1os, consideramos que es una excusa de mas de las que lamentablemente nos tiene acostumbrados a los municipios y comunas que no somos del mismo signo pol\u00edtico\u00bb.<\/p>\n\n\n\n<p>\u00abDesgraciadamente nos hemos tenido que reunir referentes de la UCR, el PRO, el Partido Socialista (PS), el PDP, el GEN y Creo,\u00a0 juntos hemos solicitado una audiencia al gobernador para que se revise esta circunstancia que tanto da\u00f1a a las instituciones. Tengamos en cuenta que en base a este tipo de resoluciones se deja claro y escrito como en la provincia de Santa Fe hay ciudadanos de primera y ciudadanos de segunda para Perotti, a esta discrecionalidad no la vivimos nunca\u201d.<\/p>\n\n\n\n<figure class=\"wp-block-image size-full\"><a href=\"http:\/\/armstrongyregion.com.ar\/diario\/wp-content\/uploads\/2023\/01\/Verdecchia-2-Senador-.jpg\"><img loading=\"lazy\" decoding=\"async\" width=\"355\" height=\"297\" src=\"http:\/\/armstrongyregion.com.ar\/diario\/wp-content\/uploads\/2023\/01\/Verdecchia-2-Senador-.jpg\" alt=\"\" class=\"wp-image-37218\" srcset=\"https:\/\/armstrongyregion.com.ar\/diario\/wp-content\/uploads\/2023\/01\/Verdecchia-2-Senador-.jpg 355w, https:\/\/armstrongyregion.com.ar\/diario\/wp-content\/uploads\/2023\/01\/Verdecchia-2-Senador--300x251.jpg 300w\" sizes=\"auto, (max-width: 355px) 100vw, 355px\" \/><\/a><\/figure>\n\n\n\n<p>En ese sentido, Verdecchia considera que, en funci\u00f3n de los datos que expone la resoluci\u00f3n, \u201cun ciudadano santafesino que viva en una localidad gobernada por el peronismo, recibir\u00e1 en proporci\u00f3n cinco veces m\u00e1s fondos para salud que uno que viva bajo otro gobierno, sumando a esto que las dos ciudades con mayor cantidad de habitantes no recibir\u00e1n fondos\u201d. Finaliz\u00f3.<\/p>\n","protected":false},"excerpt":{"rendered":"<p>Las principales fuerzas pol\u00edticas opositoras denunciaron la discriminaci\u00f3n en la distribuci\u00f3n de \u201cfondos Covid\u201d a todos los municipios y comunas que no son del mismo signo pol\u00edtico que el oficialismo. Por su parte el intendente local Dr. Pablo Verdecchia en dialogo con los medios locales expresaba: \u201cHace 24 horas, nos informamos de la resoluci\u00f3n 586 <a href=\"https:\/\/armstrongyregion.com.ar\/diario\/verdecchia-existen-ciudadanos-de-primera-y-ciudadanos-de-segunda-para-el-gobernador-perotti-a-esta-discrecionalidad-no-la-vivimos-nunca\/\" title=\"Read more\" >&#8230;<\/a><\/p>\n","protected":false},"author":1,"featured_media":37217,"comment_status":"open","ping_status":"open","sticky":false,"template":"","format":"image","meta":{"_jetpack_memberships_contains_paid_content":false,"footnotes":"","jetpack_publicize_message":"","jetpack_publicize_feature_enabled":true,"jetpack_social_post_already_shared":true,"jetpack_social_options":{"image_generator_settings":{"template":"highway","default_image_id":0,"enabled":false},"version":2}},"categories":[8,1,2,7,3],"tags":[3677,19,2008,1527,205,13],"class_list":["post-37216","post","type-post","status-publish","format-image","has-post-thumbnail","hentry","category-deliberando","category-diario-armstrong","category-locales","category-politica","category-region","tag-ciudadanos","tag-de","tag-primera","tag-segunda","tag-verdecchia","tag-y","post_format-post-format-image"],"jetpack_publicize_connections":[],"jetpack_featured_media_url":"https:\/\/armstrongyregion.com.ar\/diario\/wp-content\/uploads\/2023\/01\/Verdecchia-Senador-1-.jpg","jetpack_shortlink":"https:\/\/wp.me\/p62QDO-9Gg","jetpack_sharing_enabled":true,"amp_enabled":true,"_links":{"self":[{"href":"https:\/\/armstrongyregion.com.ar\/diario\/wp-json\/wp\/v2\/posts\/37216","targetHints":{"allow":["GET"]}}],"collection":[{"href":"https:\/\/armstrongyregion.com.ar\/diario\/wp-json\/wp\/v2\/posts"}],"about":[{"href":"https:\/\/armstrongyregion.com.ar\/diario\/wp-json\/wp\/v2\/types\/post"}],"author":[{"embeddable":true,"href":"https:\/\/armstrongyregion.com.ar\/diario\/wp-json\/wp\/v2\/users\/1"}],"replies":[{"embeddable":true,"href":"https:\/\/armstrongyregion.com.ar\/diario\/wp-json\/wp\/v2\/comments?post=37216"}],"version-history":[{"count":2,"href":"https:\/\/armstrongyregion.com.ar\/diario\/wp-json\/wp\/v2\/posts\/37216\/revisions"}],"predecessor-version":[{"id":37220,"href":"https:\/\/armstrongyregion.com.ar\/diario\/wp-json\/wp\/v2\/posts\/37216\/revisions\/37220"}],"wp:featuredmedia":[{"embeddable":true,"href":"https:\/\/armstrongyregion.com.ar\/diario\/wp-json\/wp\/v2\/media\/37217"}],"wp:attachment":[{"href":"https:\/\/armstrongyregion.com.ar\/diario\/wp-json\/wp\/v2\/media?parent=37216"}],"wp:term":[{"taxonomy":"category","embeddable":true,"href":"https:\/\/armstrongyregion.com.ar\/diario\/wp-json\/wp\/v2\/categories?post=37216"},{"taxonomy":"post_tag","embeddable":true,"href":"https:\/\/armstrongyregion.com.ar\/diario\/wp-json\/wp\/v2\/tags?post=37216"}],"curies":[{"name":"wp","href":"https:\/\/api.w.org\/{rel}","templated":true}]}}