{"id":3721,"date":"2015-08-23T17:21:22","date_gmt":"2015-08-23T17:21:22","guid":{"rendered":"https:\/\/armstrongyregion.com.ar\/diario\/?p=3721"},"modified":"2015-08-23T17:21:22","modified_gmt":"2015-08-23T17:21:22","slug":"mas-de-1-700-jovenes-del-departamento-belgrano-viajaran-a-tecnopolis","status":"publish","type":"post","link":"https:\/\/armstrongyregion.com.ar\/diario\/mas-de-1-700-jovenes-del-departamento-belgrano-viajaran-a-tecnopolis\/","title":{"rendered":"M\u00e1s de 1.700 j\u00f3venes del departamento Belgrano viajar\u00e1n a Tecn\u00f3polis."},"content":{"rendered":"<p><a href=\"http:\/\/armstrongyregion.com.ar\/diario\/wp-content\/uploads\/2015\/08\/diego-mansilla-recorrida-2308-1.jpg\"><img loading=\"lazy\" decoding=\"async\" class=\"alignnone size-medium wp-image-3722\" src=\"http:\/\/armstrongyregion.com.ar\/diario\/wp-content\/uploads\/2015\/08\/diego-mansilla-recorrida-2308-1-300x163.jpg\" alt=\"diego mansilla recorrida 2308 1\" width=\"300\" height=\"163\" srcset=\"https:\/\/armstrongyregion.com.ar\/diario\/wp-content\/uploads\/2015\/08\/diego-mansilla-recorrida-2308-1-300x163.jpg 300w, https:\/\/armstrongyregion.com.ar\/diario\/wp-content\/uploads\/2015\/08\/diego-mansilla-recorrida-2308-1-1024x558.jpg 1024w\" sizes=\"auto, (max-width: 300px) 100vw, 300px\" \/><\/a>\u201cAfortunadamente la cantidad de chicos que pueden viajar crece a\u00f1o a a\u00f1o\u201d, destac\u00f3 Diego Mansilla<\/p>\n<p>Durante el pr\u00f3ximo mes de septiembre, 1.750 j\u00f3venes del departamento Belgrano viajar\u00e1n a conocer la muestra Tecn\u00f3polis en Buenos Aires. Los traslados se realizar\u00e1n con aportes del Ministerio de Educaci\u00f3n de la Naci\u00f3n, seg\u00fan inform\u00f3 el intendente de Las Parejas y candidato a parlamentario del Mercosur Diego Mansilla.<br \/>\n\u201cAfortunadamente la cantidad de j\u00f3venes de nuestra regi\u00f3n que pueden viajar se acrecienta a\u00f1o a a\u00f1o. Tecn\u00f3polis es una maravilla que todos debemos conocer; y muy especialmente nuestros j\u00f3venes, protagonistas del presente y el futuro lleno de desaf\u00edos que en la muestra se exponen con tanta claridad\u201d, remarc\u00f3 Mansilla, que anunci\u00f3 los viajes en el marco de una nueva recorrida, los \u00faltimos d\u00edas, que abarc\u00f3 las localidades de Bouquet, Montes de Oca, Las Rosas, Tortugas y Armstrong.<br \/>\nEn Bouquet, Mansilla inform\u00f3 sobre las visitas a Tecn\u00f3polis junto con el senador provincial electo Guillermo Cornaglia y Erica Molteni. Despu\u00e9s, en Montes de Oca, junto con el presidente comunal Leandro Dietschi y Cornaglia, Mansilla tambi\u00e9n anunci\u00f3 la pr\u00f3xima llegada a esa localidad de Luciano Bigoglio, responsable de la Oficina Genia, para avanzar en programas de incentivo a las empresas.<br \/>\nEn Las Rosas, con Cornaglia y referentes y militantes locales, se confirm\u00f3 que los pr\u00f3ximos d\u00edas estar\u00e1n all\u00ed funcionarios y trabajadores de Ans\u00e9s y el Ministerio de Industria de la Naci\u00f3n, acercando todos los programas de las dos \u00e1reas.<br \/>\nEn Tortugas, en tanto, Mansilla, Cornaglia y Molteni se reunieron con el presidente comunal Jorge Besso y con su sucesor electo, Humberto Viozzi, con quienes analizaron el proyecto de la Cooperativa El\u00e9ctrica para la repotenciaci\u00f3n del servicio de energ\u00eda. Luego hubo un encuentro en la Unidad B\u00e1sica local, donde se ajustaron detalles de organizaci\u00f3n de la campa\u00f1a para la elecci\u00f3n del 25 de octubre.<br \/>\nLa recorrida se complet\u00f3 en Armstrong, donde Mansilla remarc\u00f3 que \u201cla continuidad de este proyecto nacional iniciado en el 2003 es la garant\u00eda de un futuro con m\u00e1s crecimiento, con m\u00e1s industria, con m\u00e1s puestos de trabajo, con m\u00e1s inclusi\u00f3n social\u201d.<br \/>\n\u201cNuestro compromiso es apuntalar y profundizar los logros de estos a\u00f1os impulsando la integraci\u00f3n y la complementaci\u00f3n con los pa\u00edses hermanos de nuestra patria grande\u201d, sostuvo el candidato a parlamentario del Mercosur por el Frente para la Victoria santafesino.<\/p>\n","protected":false},"excerpt":{"rendered":"<p>\u201cAfortunadamente la cantidad de chicos que pueden viajar crece a\u00f1o a a\u00f1o\u201d, destac\u00f3 Diego Mansilla Durante el pr\u00f3ximo mes de septiembre, 1.750 j\u00f3venes del departamento Belgrano viajar\u00e1n a conocer la muestra Tecn\u00f3polis en Buenos Aires. Los traslados se realizar\u00e1n con aportes del Ministerio de Educaci\u00f3n de la Naci\u00f3n, seg\u00fan inform\u00f3 el intendente de Las Parejas <a href=\"https:\/\/armstrongyregion.com.ar\/diario\/mas-de-1-700-jovenes-del-departamento-belgrano-viajaran-a-tecnopolis\/\" title=\"Read more\" >&#8230;<\/a><\/p>\n","protected":false},"author":2,"featured_media":3722,"comment_status":"open","ping_status":"open","sticky":false,"template":"","format":"standard","meta":{"_jetpack_memberships_contains_paid_content":false,"footnotes":"","jetpack_publicize_message":"","jetpack_publicize_feature_enabled":true,"jetpack_social_post_already_shared":false,"jetpack_social_options":{"image_generator_settings":{"template":"highway","default_image_id":0,"enabled":false},"version":2}},"categories":[6,1,2,7,3],"tags":[1398,2574,33,873,19,53,872,67,40,2576,2575],"class_list":["post-3721","post","type-post","status-publish","format-standard","has-post-thumbnail","hentry","category-cultura-entretenimiento","category-diario-armstrong","category-locales","category-politica","category-region","tag-1398","tag-2574","tag-a","tag-belgrano","tag-de","tag-del","tag-departamento","tag-jovenes","tag-mas","tag-tecnopolis","tag-viajaran"],"jetpack_publicize_connections":[],"jetpack_featured_media_url":"https:\/\/armstrongyregion.com.ar\/diario\/wp-content\/uploads\/2015\/08\/diego-mansilla-recorrida-2308-1.jpg","jetpack_shortlink":"https:\/\/wp.me\/p62QDO-Y1","jetpack_sharing_enabled":true,"amp_enabled":true,"_links":{"self":[{"href":"https:\/\/armstrongyregion.com.ar\/diario\/wp-json\/wp\/v2\/posts\/3721","targetHints":{"allow":["GET"]}}],"collection":[{"href":"https:\/\/armstrongyregion.com.ar\/diario\/wp-json\/wp\/v2\/posts"}],"about":[{"href":"https:\/\/armstrongyregion.com.ar\/diario\/wp-json\/wp\/v2\/types\/post"}],"author":[{"embeddable":true,"href":"https:\/\/armstrongyregion.com.ar\/diario\/wp-json\/wp\/v2\/users\/2"}],"replies":[{"embeddable":true,"href":"https:\/\/armstrongyregion.com.ar\/diario\/wp-json\/wp\/v2\/comments?post=3721"}],"version-history":[{"count":0,"href":"https:\/\/armstrongyregion.com.ar\/diario\/wp-json\/wp\/v2\/posts\/3721\/revisions"}],"wp:featuredmedia":[{"embeddable":true,"href":"https:\/\/armstrongyregion.com.ar\/diario\/wp-json\/wp\/v2\/media\/3722"}],"wp:attachment":[{"href":"https:\/\/armstrongyregion.com.ar\/diario\/wp-json\/wp\/v2\/media?parent=3721"}],"wp:term":[{"taxonomy":"category","embeddable":true,"href":"https:\/\/armstrongyregion.com.ar\/diario\/wp-json\/wp\/v2\/categories?post=3721"},{"taxonomy":"post_tag","embeddable":true,"href":"https:\/\/armstrongyregion.com.ar\/diario\/wp-json\/wp\/v2\/tags?post=3721"}],"curies":[{"name":"wp","href":"https:\/\/api.w.org\/{rel}","templated":true}]}}