{"id":37183,"date":"2023-01-18T16:18:47","date_gmt":"2023-01-18T16:18:47","guid":{"rendered":"https:\/\/armstrongyregion.com.ar\/diario\/?p=37183"},"modified":"2023-01-18T21:04:41","modified_gmt":"2023-01-18T21:04:41","slug":"comunicado-de-intendentes-y-ptes-comunales","status":"publish","type":"post","link":"https:\/\/armstrongyregion.com.ar\/diario\/comunicado-de-intendentes-y-ptes-comunales\/","title":{"rendered":"Comunicado de Intendentes y Ptes. Comunales."},"content":{"rendered":"\n<figure class=\"wp-block-image size-full\"><a href=\"http:\/\/armstrongyregion.com.ar\/diario\/wp-content\/uploads\/2023\/01\/image1170x530cropped.jpg\"><img loading=\"lazy\" decoding=\"async\" width=\"457\" height=\"265\" src=\"http:\/\/armstrongyregion.com.ar\/diario\/wp-content\/uploads\/2023\/01\/image1170x530cropped.jpg\" alt=\"\" class=\"wp-image-37184\" srcset=\"https:\/\/armstrongyregion.com.ar\/diario\/wp-content\/uploads\/2023\/01\/image1170x530cropped.jpg 457w, https:\/\/armstrongyregion.com.ar\/diario\/wp-content\/uploads\/2023\/01\/image1170x530cropped-300x174.jpg 300w\" sizes=\"auto, (max-width: 457px) 100vw, 457px\" \/><\/a><\/figure>\n\n\n\n<h2 class=\"wp-block-heading\"><strong>Para el Gobernador Perotti, la salud p\u00fablica de Santa Fe tiene<br>ciudadanos de primera y de segunda<\/strong>.<\/h2>\n\n\n\n<p>Ante la resoluci\u00f3n 586 emitida por el Gobierno Provincial, que en el marco del \u00abPROGRAMA<br>ATENCI\u00d3N GOBIERNOS LOCALES &#8211; EMERGENCIA COVID -19&#8243;, se determina la distribuci\u00f3n de los<br>fondos COVID a casi todas las localidades de la Provincia -ya que excluyen a Rosario y Santa Fe<br>que no se encuentran en la misma-, quienes conformamos los distintos espacios partidarios que<br>aglutinan a Intendentes y Presidentes de Comunas, lamentamos que una vez m\u00e1s, como sucede<br>desde que iniciaron su mandato hace tres a\u00f1os, quede expuesta la triste intencionalidad pol\u00edtica<br>del partido gobernante en el uso de los recursos p\u00fablicos, discriminando a las localidades que no<br>son de su partido pol\u00edtico, y para peor, en este caso, en un tema tan complejo como el de la salud<br>p\u00fablica.<br>\u201cEl Gobernador Omar Perotti, sigue demostrando que para el peronismo hay ciudadanos de<br>primera y de segunda, pues adem\u00e1s de delegar en los Gobiernos Locales la atenci\u00f3n de la salud<br>p\u00fablica en toda la Provincia, -solvent\u00e1ndola con recursos propios, que de por si son escasos, para<br>asegurar a sus vecinos una atenci\u00f3n de salud de calidad- discrimina en el repartos de fondos tras<br>una de las peores pandemias que el mundo haya vivido\u201d, expresaron de manera conjunta.<br>En funci\u00f3n de los datos que expone la resoluci\u00f3n, un ciudadano santafesino que viva en una<br>localidad gobernada por el peronismo, recibir\u00e1 en proporci\u00f3n cinco veces m\u00e1s fondos para salud<br>que uno que viva bajo otro gobierno, sumando a esto que las dos ciudades con mayor cantidad<br>de habitantes no recibir\u00e1n fondos<br>Dar prioridad al equilibrio territorial y poblacional entre las diferentes Regiones y Departamentos<br>debe ser la base para el desarrollo de una provincia m\u00e1s justa, en la que todos tengan la<br>posibilidad de acceder a una salud p\u00fablica de calidad, y en donde nadie sea discriminado por no<br>ser de tal o cual partido pol\u00edtico.<br>Martes 17 de Enero de 2023.<\/p>\n\n\n\n<p>UCR\/ PRO\/ GEN\/ PDP\/ FS\/ CREO<\/p>\n","protected":false},"excerpt":{"rendered":"<p>Para el Gobernador Perotti, la salud p\u00fablica de Santa Fe tieneciudadanos de primera y de segunda. Ante la resoluci\u00f3n 586 emitida por el Gobierno Provincial, que en el marco del \u00abPROGRAMAATENCI\u00d3N GOBIERNOS LOCALES &#8211; EMERGENCIA COVID -19&#8243;, se determina la distribuci\u00f3n de losfondos COVID a casi todas las localidades de la Provincia -ya que excluyen <a href=\"https:\/\/armstrongyregion.com.ar\/diario\/comunicado-de-intendentes-y-ptes-comunales\/\" title=\"Read more\" >&#8230;<\/a><\/p>\n","protected":false},"author":1,"featured_media":37184,"comment_status":"open","ping_status":"open","sticky":false,"template":"","format":"image","meta":{"_jetpack_memberships_contains_paid_content":false,"footnotes":"","jetpack_publicize_message":"","jetpack_publicize_feature_enabled":true,"jetpack_social_post_already_shared":true,"jetpack_social_options":{"image_generator_settings":{"template":"highway","default_image_id":0,"enabled":false},"version":2}},"categories":[8,1,2,7,3],"tags":[2762,1080,1931,3323,13],"class_list":["post-37183","post","type-post","status-publish","format-image","has-post-thumbnail","hentry","category-deliberando","category-diario-armstrong","category-locales","category-politica","category-region","tag-comunales","tag-comunicado","tag-intendentes","tag-ptes","tag-y","post_format-post-format-image"],"jetpack_publicize_connections":[],"jetpack_featured_media_url":"https:\/\/armstrongyregion.com.ar\/diario\/wp-content\/uploads\/2023\/01\/image1170x530cropped.jpg","jetpack_shortlink":"https:\/\/wp.me\/p62QDO-9FJ","jetpack_sharing_enabled":true,"amp_enabled":true,"_links":{"self":[{"href":"https:\/\/armstrongyregion.com.ar\/diario\/wp-json\/wp\/v2\/posts\/37183","targetHints":{"allow":["GET"]}}],"collection":[{"href":"https:\/\/armstrongyregion.com.ar\/diario\/wp-json\/wp\/v2\/posts"}],"about":[{"href":"https:\/\/armstrongyregion.com.ar\/diario\/wp-json\/wp\/v2\/types\/post"}],"author":[{"embeddable":true,"href":"https:\/\/armstrongyregion.com.ar\/diario\/wp-json\/wp\/v2\/users\/1"}],"replies":[{"embeddable":true,"href":"https:\/\/armstrongyregion.com.ar\/diario\/wp-json\/wp\/v2\/comments?post=37183"}],"version-history":[{"count":2,"href":"https:\/\/armstrongyregion.com.ar\/diario\/wp-json\/wp\/v2\/posts\/37183\/revisions"}],"predecessor-version":[{"id":37206,"href":"https:\/\/armstrongyregion.com.ar\/diario\/wp-json\/wp\/v2\/posts\/37183\/revisions\/37206"}],"wp:featuredmedia":[{"embeddable":true,"href":"https:\/\/armstrongyregion.com.ar\/diario\/wp-json\/wp\/v2\/media\/37184"}],"wp:attachment":[{"href":"https:\/\/armstrongyregion.com.ar\/diario\/wp-json\/wp\/v2\/media?parent=37183"}],"wp:term":[{"taxonomy":"category","embeddable":true,"href":"https:\/\/armstrongyregion.com.ar\/diario\/wp-json\/wp\/v2\/categories?post=37183"},{"taxonomy":"post_tag","embeddable":true,"href":"https:\/\/armstrongyregion.com.ar\/diario\/wp-json\/wp\/v2\/tags?post=37183"}],"curies":[{"name":"wp","href":"https:\/\/api.w.org\/{rel}","templated":true}]}}