{"id":3718,"date":"2015-08-23T17:08:16","date_gmt":"2015-08-23T17:08:16","guid":{"rendered":"https:\/\/armstrongyregion.com.ar\/diario\/?p=3718"},"modified":"2015-08-23T17:08:16","modified_gmt":"2015-08-23T17:08:16","slug":"diego-mansilla-nuestro-compromiso-es-seguir-trabajando-por-mas-inclusion","status":"publish","type":"post","link":"https:\/\/armstrongyregion.com.ar\/diario\/diego-mansilla-nuestro-compromiso-es-seguir-trabajando-por-mas-inclusion\/","title":{"rendered":"Diego Mansilla: \u201cNuestro compromiso es seguir trabajando por m\u00e1s inclusi\u00f3n\u201d."},"content":{"rendered":"<p><a href=\"http:\/\/armstrongyregion.com.ar\/diario\/wp-content\/uploads\/2015\/08\/diego-mansilla-mes-del-ni\u00f1o-en-las-parejas.jpg\"><img loading=\"lazy\" decoding=\"async\" class=\"alignnone size-medium wp-image-3719\" src=\"http:\/\/armstrongyregion.com.ar\/diario\/wp-content\/uploads\/2015\/08\/diego-mansilla-mes-del-ni\u00f1o-en-las-parejas-300x170.jpg\" alt=\"diego mansilla \" width=\"300\" height=\"170\" srcset=\"https:\/\/armstrongyregion.com.ar\/diario\/wp-content\/uploads\/2015\/08\/diego-mansilla-mes-del-ni\u00f1o-en-las-parejas-300x170.jpg 300w, https:\/\/armstrongyregion.com.ar\/diario\/wp-content\/uploads\/2015\/08\/diego-mansilla-mes-del-ni\u00f1o-en-las-parejas-1024x579.jpg 1024w\" sizes=\"auto, (max-width: 300px) 100vw, 300px\" \/><\/a>\u201cEstamos orgullosos de todo lo que ya se pudo hacer, pero nuestro compromiso es seguir trabajando para m\u00e1s inclusi\u00f3n, m\u00e1s igualdad\u201d, dijo Diego Mansilla, al invitar a la comunidad a sumarse a la continuidad, este domingo a partir de las 13, de los festejos por el D\u00eda del Ni\u00f1o en el Parque Municipal N\u00e9stor Kirchner de la ciudad de Las Parejas.<br \/>\n\u201cHemos organizado este Mes del Ni\u00f1o con diversas actividades que los vecinos disfrutan en familia y que para los chicos son inolvidables. Estas sonrisas de los pibes son el mejor combustible para seguir adelante\u201d, asegur\u00f3 el intendente de Las Parejas y candidato a Parlamentario del Mercosur por el Frente para la Victoria santafesino.<\/p>\n","protected":false},"excerpt":{"rendered":"<p>\u201cEstamos orgullosos de todo lo que ya se pudo hacer, pero nuestro compromiso es seguir trabajando para m\u00e1s inclusi\u00f3n, m\u00e1s igualdad\u201d, dijo Diego Mansilla, al invitar a la comunidad a sumarse a la continuidad, este domingo a partir de las 13, de los festejos por el D\u00eda del Ni\u00f1o en el Parque Municipal N\u00e9stor Kirchner <a href=\"https:\/\/armstrongyregion.com.ar\/diario\/diego-mansilla-nuestro-compromiso-es-seguir-trabajando-por-mas-inclusion\/\" title=\"Read more\" >&#8230;<\/a><\/p>\n","protected":false},"author":2,"featured_media":3719,"comment_status":"open","ping_status":"open","sticky":false,"template":"","format":"standard","meta":{"_jetpack_memberships_contains_paid_content":false,"footnotes":"","jetpack_publicize_message":"","jetpack_publicize_feature_enabled":true,"jetpack_social_post_already_shared":false,"jetpack_social_options":{"image_generator_settings":{"template":"highway","default_image_id":0,"enabled":false},"version":2}},"categories":[6,1,2,3],"tags":[2572,990,139,1569,991,40,1755,60,2573,747],"class_list":["post-3718","post","type-post","status-publish","format-standard","has-post-thumbnail","hentry","category-cultura-entretenimiento","category-diario-armstrong","category-locales","category-region","tag-compromiso","tag-diego","tag-es","tag-inclusion","tag-mansilla","tag-mas","tag-nuestro","tag-por","tag-seguir","tag-trabajando"],"jetpack_publicize_connections":[],"jetpack_featured_media_url":"https:\/\/armstrongyregion.com.ar\/diario\/wp-content\/uploads\/2015\/08\/diego-mansilla-mes-del-ni\u00f1o-en-las-parejas.jpg","jetpack_shortlink":"https:\/\/wp.me\/p62QDO-XY","jetpack_sharing_enabled":true,"amp_enabled":true,"_links":{"self":[{"href":"https:\/\/armstrongyregion.com.ar\/diario\/wp-json\/wp\/v2\/posts\/3718","targetHints":{"allow":["GET"]}}],"collection":[{"href":"https:\/\/armstrongyregion.com.ar\/diario\/wp-json\/wp\/v2\/posts"}],"about":[{"href":"https:\/\/armstrongyregion.com.ar\/diario\/wp-json\/wp\/v2\/types\/post"}],"author":[{"embeddable":true,"href":"https:\/\/armstrongyregion.com.ar\/diario\/wp-json\/wp\/v2\/users\/2"}],"replies":[{"embeddable":true,"href":"https:\/\/armstrongyregion.com.ar\/diario\/wp-json\/wp\/v2\/comments?post=3718"}],"version-history":[{"count":0,"href":"https:\/\/armstrongyregion.com.ar\/diario\/wp-json\/wp\/v2\/posts\/3718\/revisions"}],"wp:featuredmedia":[{"embeddable":true,"href":"https:\/\/armstrongyregion.com.ar\/diario\/wp-json\/wp\/v2\/media\/3719"}],"wp:attachment":[{"href":"https:\/\/armstrongyregion.com.ar\/diario\/wp-json\/wp\/v2\/media?parent=3718"}],"wp:term":[{"taxonomy":"category","embeddable":true,"href":"https:\/\/armstrongyregion.com.ar\/diario\/wp-json\/wp\/v2\/categories?post=3718"},{"taxonomy":"post_tag","embeddable":true,"href":"https:\/\/armstrongyregion.com.ar\/diario\/wp-json\/wp\/v2\/tags?post=3718"}],"curies":[{"name":"wp","href":"https:\/\/api.w.org\/{rel}","templated":true}]}}