{"id":37178,"date":"2023-01-17T15:38:29","date_gmt":"2023-01-17T15:38:29","guid":{"rendered":"https:\/\/armstrongyregion.com.ar\/diario\/?p=37178"},"modified":"2023-01-17T15:38:34","modified_gmt":"2023-01-17T15:38:34","slug":"las-tres-lunas-tiene-su-grilla-confirmada","status":"publish","type":"post","link":"https:\/\/armstrongyregion.com.ar\/diario\/las-tres-lunas-tiene-su-grilla-confirmada\/","title":{"rendered":"Las Tres Lunas tiene su grilla confirmada."},"content":{"rendered":"\n<figure class=\"wp-block-image size-full\"><a href=\"http:\/\/armstrongyregion.com.ar\/diario\/wp-content\/uploads\/2023\/01\/banner-web-665x290-1.png\"><img loading=\"lazy\" decoding=\"async\" width=\"615\" height=\"290\" src=\"http:\/\/armstrongyregion.com.ar\/diario\/wp-content\/uploads\/2023\/01\/banner-web-665x290-1.png\" alt=\"\" class=\"wp-image-37179\" srcset=\"https:\/\/armstrongyregion.com.ar\/diario\/wp-content\/uploads\/2023\/01\/banner-web-665x290-1.png 615w, https:\/\/armstrongyregion.com.ar\/diario\/wp-content\/uploads\/2023\/01\/banner-web-665x290-1-300x141.png 300w\" sizes=\"auto, (max-width: 615px) 100vw, 615px\" \/><\/a><\/figure>\n\n\n\n<p>M\u00e1s de cuarenta artistas de la ciudad y la regi\u00f3n subir\u00e1n al escenario en la 34\u00ba edici\u00f3n del festival. Los del Suquia, La Delio Valdez, Francisco Ben\u00edtez, Juan Fuentes y Soledad los encargados de cerrar cada noche. Las plateas se venden en&nbsp;<a href=\"https:\/\/alpogo.com\/evento\/las-tres-lunas-de-canada-9626\" target=\"_blank\" rel=\"noreferrer noopener\">https:\/\/alpogo.com\/evento\/las-tres-lunas-de-canada-9626<\/a>&nbsp;o de manera presencial en Municipalidad.<\/p>\n\n\n\n<p>Las Tres Lunas de Ca\u00f1ada de G\u00f3mez ya tiene su grilla confirmada para la 34\u00ba edici\u00f3n, del 23 al 26 de febrero pr\u00f3ximo, con m\u00e1s de cuarenta artistas de la ciudad y la regi\u00f3n que pasar\u00e1n por el escenario del Polideportivo V\u00edctor y Agulino Carbonari.<\/p>\n\n\n\n<p>Con una gran apuesta de la comisi\u00f3n organizadora y la gesti\u00f3n municipal, los artistas de cierre ser\u00e1n el jueves Los del Suquia, viernes La Delio Valdez, s\u00e1bado Francisco Ben\u00edtez y Juan Fuentes, domingo Soledad. Las plateas se venden en&nbsp;<a href=\"https:\/\/alpogo.com\/evento\/las-tres-lunas-de-canada-9626\" target=\"_blank\" rel=\"noreferrer noopener\">https:\/\/alpogo.com\/evento\/las-tres-lunas-de-canada-9626<\/a>&nbsp;o de manera presencial en Municipalidad (Ocampo 920) a $2.400 para cada noche de viernes, s\u00e1bado o domingo, o $6.000 el abono para las tres jornadas, mientras que el ingreso al predio es gratuito. En tanto, el jueves las plateas son sin cargo.<\/p>\n\n\n\n<p>A continuaci\u00f3n, la grilla sujeta a modificaci\u00f3n:<\/p>\n\n\n\n<p>JUEVES 23<\/p>\n\n\n\n<p>APERTURA<\/p>\n\n\n\n<p>BAGUALES<\/p>\n\n\n\n<p>BALLET POSTA DEL TOTORAL<\/p>\n\n\n\n<p>PROY. MARATON DE LECTURA \u201cLEER TE EMPODERA\u201d ALUMNOS DE ESCUELA ALMAFUERTE<\/p>\n\n\n\n<p>HERENCIA DE SANGRE<\/p>\n\n\n\n<p>BALLET SECRETO DE MI TIERRA<\/p>\n\n\n\n<p>JUAN CARLOS CRESPIN<\/p>\n\n\n\n<p>BRAIAN GALARZA<\/p>\n\n\n\n<p>DIEGO ALOMO<\/p>\n\n\n\n<p>LEGUEROS DEL LITORAL<\/p>\n\n\n\n<p>LOS DEL SUQUIA<\/p>\n\n\n\n<p>VIERNES 24<\/p>\n\n\n\n<p>APERTURA<\/p>\n\n\n\n<p>MA. BELEN Y GOLI CERIANI<\/p>\n\n\n\n<p>BALLET NUEVO AMANECER<\/p>\n\n\n\n<p>\u201cMANU\u201d ALVAREZ<\/p>\n\n\n\n<p>BALLET \u201cEL CHUCARO\u201d<\/p>\n\n\n\n<p>JULIETA MARUCCO<\/p>\n\n\n\n<p>COMPA\u00d1\u00cdA \u201cDANZA CON ALMA\u201d<\/p>\n\n\n\n<p>FACUNDO ARCEC<\/p>\n\n\n\n<p>CARGA PESADA<\/p>\n\n\n\n<p>EFRAIN COLOMBO<\/p>\n\n\n\n<p>LA DELIO VALDEZ<\/p>\n\n\n\n<p>S\u00c1BADO 25<\/p>\n\n\n\n<p>APERTURA<\/p>\n\n\n\n<p>NUESTRAS RA\u00cdCES<\/p>\n\n\n\n<p>BALLET \u201cMI CIUDAD Y EL FOLKLORE\u201d<\/p>\n\n\n\n<p>COMPA\u00d1\u00cdA \u201cALMA ARGENTINA\u201d<\/p>\n\n\n\n<p>ESCUELA BALLET \u201cHUAYRA KAMBY\u201d<\/p>\n\n\n\n<p>JUAN MANUEL MAURO<\/p>\n\n\n\n<p>ESTEBAN ECHANIZ<\/p>\n\n\n\n<p>GERMAN STAFFOLANI<\/p>\n\n\n\n<p>PACHI HERRERA<\/p>\n\n\n\n<p>FRANCISCO BENITEZ<\/p>\n\n\n\n<p>JUAN FUENTES<\/p>\n\n\n\n<p>DOMINGO 26<\/p>\n\n\n\n<p>APERTURA<\/p>\n\n\n\n<p>CARLA OLIVA<\/p>\n\n\n\n<p>ACADEMIA CLUB SARMIENTO<\/p>\n\n\n\n<p>DUO SUSPENSO<\/p>\n\n\n\n<p>ORQUESTA MUNICIPAL DE TANGO<\/p>\n\n\n\n<p>BALLET \u201cCA\u00d1ADA DE GOMEZ\u201d<\/p>\n\n\n\n<p>PAREJENSES<\/p>\n\n\n\n<p>FRANCO MASSIGNANI<\/p>\n\n\n\n<p>SOLEDAD<\/p>\n","protected":false},"excerpt":{"rendered":"<p>M\u00e1s de cuarenta artistas de la ciudad y la regi\u00f3n subir\u00e1n al escenario en la 34\u00ba edici\u00f3n del festival. Los del Suquia, La Delio Valdez, Francisco Ben\u00edtez, Juan Fuentes y Soledad los encargados de cerrar cada noche. Las plateas se venden en&nbsp;https:\/\/alpogo.com\/evento\/las-tres-lunas-de-canada-9626&nbsp;o de manera presencial en Municipalidad. Las Tres Lunas de Ca\u00f1ada de G\u00f3mez ya <a href=\"https:\/\/armstrongyregion.com.ar\/diario\/las-tres-lunas-tiene-su-grilla-confirmada\/\" title=\"Read more\" >&#8230;<\/a><\/p>\n","protected":false},"author":1,"featured_media":37179,"comment_status":"open","ping_status":"open","sticky":false,"template":"","format":"image","meta":{"_jetpack_memberships_contains_paid_content":false,"footnotes":"","jetpack_publicize_message":"","jetpack_publicize_feature_enabled":true,"jetpack_social_post_already_shared":true,"jetpack_social_options":{"image_generator_settings":{"template":"highway","default_image_id":0,"enabled":false},"version":2}},"categories":[6,8,1,2,7,3],"tags":[8868,8867,8866,35,3017,8645],"class_list":["post-37178","post","type-post","status-publish","format-image","has-post-thumbnail","hentry","category-cultura-entretenimiento","category-deliberando","category-diario-armstrong","category-locales","category-politica","category-region","tag-confirmada","tag-grilla","tag-lunas-2","tag-su","tag-tiene","tag-tres-2","post_format-post-format-image"],"jetpack_publicize_connections":[],"jetpack_featured_media_url":"https:\/\/armstrongyregion.com.ar\/diario\/wp-content\/uploads\/2023\/01\/banner-web-665x290-1.png","jetpack_shortlink":"https:\/\/wp.me\/p62QDO-9FE","jetpack_sharing_enabled":true,"amp_enabled":true,"_links":{"self":[{"href":"https:\/\/armstrongyregion.com.ar\/diario\/wp-json\/wp\/v2\/posts\/37178","targetHints":{"allow":["GET"]}}],"collection":[{"href":"https:\/\/armstrongyregion.com.ar\/diario\/wp-json\/wp\/v2\/posts"}],"about":[{"href":"https:\/\/armstrongyregion.com.ar\/diario\/wp-json\/wp\/v2\/types\/post"}],"author":[{"embeddable":true,"href":"https:\/\/armstrongyregion.com.ar\/diario\/wp-json\/wp\/v2\/users\/1"}],"replies":[{"embeddable":true,"href":"https:\/\/armstrongyregion.com.ar\/diario\/wp-json\/wp\/v2\/comments?post=37178"}],"version-history":[{"count":1,"href":"https:\/\/armstrongyregion.com.ar\/diario\/wp-json\/wp\/v2\/posts\/37178\/revisions"}],"predecessor-version":[{"id":37180,"href":"https:\/\/armstrongyregion.com.ar\/diario\/wp-json\/wp\/v2\/posts\/37178\/revisions\/37180"}],"wp:featuredmedia":[{"embeddable":true,"href":"https:\/\/armstrongyregion.com.ar\/diario\/wp-json\/wp\/v2\/media\/37179"}],"wp:attachment":[{"href":"https:\/\/armstrongyregion.com.ar\/diario\/wp-json\/wp\/v2\/media?parent=37178"}],"wp:term":[{"taxonomy":"category","embeddable":true,"href":"https:\/\/armstrongyregion.com.ar\/diario\/wp-json\/wp\/v2\/categories?post=37178"},{"taxonomy":"post_tag","embeddable":true,"href":"https:\/\/armstrongyregion.com.ar\/diario\/wp-json\/wp\/v2\/tags?post=37178"}],"curies":[{"name":"wp","href":"https:\/\/api.w.org\/{rel}","templated":true}]}}