{"id":37154,"date":"2023-01-16T16:43:55","date_gmt":"2023-01-16T16:43:55","guid":{"rendered":"https:\/\/armstrongyregion.com.ar\/diario\/?p=37154"},"modified":"2023-01-16T16:44:00","modified_gmt":"2023-01-16T16:44:00","slug":"pullaro-el-kirchnerismo-no-quiere-hablar-de-la-inflacion","status":"publish","type":"post","link":"https:\/\/armstrongyregion.com.ar\/diario\/pullaro-el-kirchnerismo-no-quiere-hablar-de-la-inflacion\/","title":{"rendered":"Pullaro: \u00abEl kirchnerismo no quiere hablar de la inflaci\u00f3n\u00bb."},"content":{"rendered":"\n<figure class=\"wp-block-image size-full\"><a href=\"http:\/\/armstrongyregion.com.ar\/diario\/wp-content\/uploads\/2023\/01\/Maxi-Pullaro.jpg\"><img loading=\"lazy\" decoding=\"async\" width=\"435\" height=\"323\" src=\"http:\/\/armstrongyregion.com.ar\/diario\/wp-content\/uploads\/2023\/01\/Maxi-Pullaro.jpg\" alt=\"\" class=\"wp-image-37156\" srcset=\"https:\/\/armstrongyregion.com.ar\/diario\/wp-content\/uploads\/2023\/01\/Maxi-Pullaro.jpg 435w, https:\/\/armstrongyregion.com.ar\/diario\/wp-content\/uploads\/2023\/01\/Maxi-Pullaro-300x223.jpg 300w\" sizes=\"auto, (max-width: 435px) 100vw, 435px\" \/><\/a><\/figure>\n\n\n\n<h2 class=\"wp-block-heading\"><em>\u00abEl pa\u00eds y la provincia van a cambiar porque hay una voluntad mayoritaria de salir de la improvisaci\u00f3n\u00bb, sostuvo el diputado<\/em>.<\/h2>\n\n\n\n<p>El presidente del bloque de diputados UCR-Evoluci\u00f3n, Maximiliano Pullaro, se\u00f1al\u00f3 que \u00abel kirchnerismo no quiere que le hablen de la inflaci\u00f3n porque lo \u00fanico que se le ocurre es aumentarla\u00bb, y agreg\u00f3: \u00abEl pa\u00eds y la provincia van a cambiar porque hay una voluntad mayoritaria de salir de la improvisaci\u00f3n\u00bb.<\/p>\n\n\n\n<p>Al analizar las \u00faltimas mediciones que arrojaron un 5,1% de inflaci\u00f3n en el mes de diciembre y un acumulado anual del 94,8%, el dirigente de Juntos por el Cambio asegur\u00f3 que \u00abel kirchnerismo no tiene un plan para frenar la inflaci\u00f3n y hablan de cualquier otro tema porque lo \u00fanico que se les ocurre es aumentarla. Adem\u00e1s no pueden admitir que el modelo que defienden es anacr\u00f3nico y demostr\u00f3 que perjudica a todos, particularmente a quienes est\u00e1n en la base social. A ellos los tienen peregrinando para llegar a fin de mes\u00bb.<\/p>\n\n\n\n<p>Asimismo, el candidato a gobernador asegur\u00f3 que \u00aben Argentina todo es incertidumbre y afecta a cualquiera que pretenda planificar trabajo, el desarrollo de su empresa, comprar insumos o cuestiones simples como comprar el repuesto de una m\u00e1quina o reparar un veh\u00edculo. Ni hablar de quienes est\u00e1n en la informalidad y aquellos que no saben si van a llegar a pagar los \u00fatiles escolares de sus hijos en febrero o la cuota del club\u00bb.<\/p>\n\n\n\n<p>\u00abLo que describo es el resultado de un proyecto de pa\u00eds que s\u00f3lo aplican pa\u00edses que les va igual que a la Argentina. No hay modelo de desarrollo cuando desde la c\u00faspide del poder se ataca a los sectores productivos, se degrada la educaci\u00f3n y se avanza sobre las instituciones democr\u00e1ticas\u00bb, precis\u00f3.<\/p>\n\n\n\n<p>Finalmente Pullaro indic\u00f3: \u00abEn las pr\u00f3ximas elecciones el pa\u00eds y la provincia van a cambiar porque hay una clara voluntad de los argentinos de abandonar la improvisaci\u00f3n. El cambio tambi\u00e9n ser\u00e1 de prioridades porque vamos a resolver los problemas reales, como la inflaci\u00f3n, la inseguridad, la impunidad de los que cometen delitos, la educaci\u00f3n y vamos a tener un verdadero proyecto de desarrollo econ\u00f3mico\u00bb.<\/p>\n","protected":false},"excerpt":{"rendered":"<p>\u00abEl pa\u00eds y la provincia van a cambiar porque hay una voluntad mayoritaria de salir de la improvisaci\u00f3n\u00bb, sostuvo el diputado. El presidente del bloque de diputados UCR-Evoluci\u00f3n, Maximiliano Pullaro, se\u00f1al\u00f3 que \u00abel kirchnerismo no quiere que le hablen de la inflaci\u00f3n porque lo \u00fanico que se le ocurre es aumentarla\u00bb, y agreg\u00f3: \u00abEl pa\u00eds <a href=\"https:\/\/armstrongyregion.com.ar\/diario\/pullaro-el-kirchnerismo-no-quiere-hablar-de-la-inflacion\/\" title=\"Read more\" >&#8230;<\/a><\/p>\n","protected":false},"author":1,"featured_media":37156,"comment_status":"open","ping_status":"open","sticky":false,"template":"","format":"image","meta":{"_jetpack_memberships_contains_paid_content":false,"footnotes":"","jetpack_publicize_message":"","jetpack_publicize_feature_enabled":true,"jetpack_social_post_already_shared":true,"jetpack_social_options":{"image_generator_settings":{"template":"highway","default_image_id":0,"enabled":false},"version":2}},"categories":[8,1,2,7,3],"tags":[19,16,8860,8858,96,2846],"class_list":["post-37154","post","type-post","status-publish","format-image","has-post-thumbnail","hentry","category-deliberando","category-diario-armstrong","category-locales","category-politica","category-region","tag-de","tag-el","tag-inflacion","tag-kirchnerismo","tag-no","tag-pullaro","post_format-post-format-image"],"jetpack_publicize_connections":[],"jetpack_featured_media_url":"https:\/\/armstrongyregion.com.ar\/diario\/wp-content\/uploads\/2023\/01\/Maxi-Pullaro.jpg","jetpack_shortlink":"https:\/\/wp.me\/p62QDO-9Fg","jetpack_sharing_enabled":true,"amp_enabled":true,"_links":{"self":[{"href":"https:\/\/armstrongyregion.com.ar\/diario\/wp-json\/wp\/v2\/posts\/37154","targetHints":{"allow":["GET"]}}],"collection":[{"href":"https:\/\/armstrongyregion.com.ar\/diario\/wp-json\/wp\/v2\/posts"}],"about":[{"href":"https:\/\/armstrongyregion.com.ar\/diario\/wp-json\/wp\/v2\/types\/post"}],"author":[{"embeddable":true,"href":"https:\/\/armstrongyregion.com.ar\/diario\/wp-json\/wp\/v2\/users\/1"}],"replies":[{"embeddable":true,"href":"https:\/\/armstrongyregion.com.ar\/diario\/wp-json\/wp\/v2\/comments?post=37154"}],"version-history":[{"count":2,"href":"https:\/\/armstrongyregion.com.ar\/diario\/wp-json\/wp\/v2\/posts\/37154\/revisions"}],"predecessor-version":[{"id":37158,"href":"https:\/\/armstrongyregion.com.ar\/diario\/wp-json\/wp\/v2\/posts\/37154\/revisions\/37158"}],"wp:featuredmedia":[{"embeddable":true,"href":"https:\/\/armstrongyregion.com.ar\/diario\/wp-json\/wp\/v2\/media\/37156"}],"wp:attachment":[{"href":"https:\/\/armstrongyregion.com.ar\/diario\/wp-json\/wp\/v2\/media?parent=37154"}],"wp:term":[{"taxonomy":"category","embeddable":true,"href":"https:\/\/armstrongyregion.com.ar\/diario\/wp-json\/wp\/v2\/categories?post=37154"},{"taxonomy":"post_tag","embeddable":true,"href":"https:\/\/armstrongyregion.com.ar\/diario\/wp-json\/wp\/v2\/tags?post=37154"}],"curies":[{"name":"wp","href":"https:\/\/api.w.org\/{rel}","templated":true}]}}