{"id":37150,"date":"2023-01-16T15:22:06","date_gmt":"2023-01-16T15:22:06","guid":{"rendered":"https:\/\/armstrongyregion.com.ar\/diario\/?p=37150"},"modified":"2023-01-16T15:22:11","modified_gmt":"2023-01-16T15:22:11","slug":"en-la-provincia-aumenta-el-numero-de-puestos-de-trabajos-registrados-en-el-sector-privado","status":"publish","type":"post","link":"https:\/\/armstrongyregion.com.ar\/diario\/en-la-provincia-aumenta-el-numero-de-puestos-de-trabajos-registrados-en-el-sector-privado\/","title":{"rendered":"En la provincia aumenta el n\u00famero de puestos de trabajos registrados en el sector privado."},"content":{"rendered":"\n<figure class=\"wp-block-image size-full\"><a href=\"http:\/\/armstrongyregion.com.ar\/diario\/wp-content\/uploads\/2023\/01\/16-enero-23-.jpg\"><img loading=\"lazy\" decoding=\"async\" width=\"383\" height=\"256\" src=\"http:\/\/armstrongyregion.com.ar\/diario\/wp-content\/uploads\/2023\/01\/16-enero-23-.jpg\" alt=\"\" class=\"wp-image-37151\" srcset=\"https:\/\/armstrongyregion.com.ar\/diario\/wp-content\/uploads\/2023\/01\/16-enero-23-.jpg 383w, https:\/\/armstrongyregion.com.ar\/diario\/wp-content\/uploads\/2023\/01\/16-enero-23--300x201.jpg 300w\" sizes=\"auto, (max-width: 383px) 100vw, 383px\" \/><\/a><\/figure>\n\n\n\n<h2 class=\"wp-block-heading\">En noviembre de 2022 se registraron 545.711, cifra que se increment\u00f3 un 0,64% en relaci\u00f3n con octubre y un 3,58% con noviembre de 2021.\u00a0<\/h2>\n\n\n\n<p>El ministro de Trabajo, Empleo y Seguridad Social, Juan Manuel Pusineri destac\u00f3 que la provincia extiende la tendencia expansiva de su mercado laboral, de acuerdo a los recientes datos estad\u00edsticos publicados por la Administraci\u00f3n Federal de Ingresos P\u00fablicos (Afip).<\/p>\n\n\n\n<p>En ese marco, el funcionario se\u00f1al\u00f3 que, en noviembre de 2022, en Santa Fe se informaron 545.711 puestos de trabajo en el sector privado. Esa cifra se increment\u00f3 un 0,64% en relaci\u00f3n con el mes de octubre y un 3,58% respecto de noviembre de 2021. De acuerdo al informe oficial, en total son 3.458 las personas que ingresaron al mercado de trabajo formal durante dicho mes.<\/p>\n\n\n\n<p>\u201cLos n\u00fameros de empleo registrado nos muestran un crecimiento sostenido en el empleo desde mediados de 2020, hasta el \u00faltimo dato conocido que es el de noviembre de 2022\u201d, indic\u00f3 Pusineri.<\/p>\n\n\n\n<p>\u201cHoy la provincia registra en el sector privado 545.711 puestos de trabajo, lo cual, adem\u00e1s de la variaci\u00f3n positiva respecto del mes anterior, tambi\u00e9n implica que en un a\u00f1o ingresaron al mercado formal 22.196 trabajadores nuevos\u201d, a\u00f1adi\u00f3 el ministro.<\/p>\n\n\n\n<p>\u201cEsto es un dato sin dudas muy auspicioso para Santa Fe, que tiene en la gesti\u00f3n del gobernador Omar Perotti una decisi\u00f3n de acompa\u00f1ar a quienes producen y a quienes trabajan; y los datos de la Afip nos indican que estamos en el sendero correcto\u201d, consider\u00f3 el responsable de la cartera laboral.<\/p>\n\n\n\n<p>Consultado acerca de las l\u00edneas de gesti\u00f3n implementadas para mantener la impronta productiva de la provincia, Pusineri advirti\u00f3 que \u201ctenemos un sector productivo muy din\u00e1mico y muy eficiente, siendo una de las provincias que m\u00e1s divisas ingresa a la Argentina\u201d.<\/p>\n\n\n\n<p>Asimismo, el funcionario destac\u00f3 el conjunto de obras p\u00fablicas que se llevan a cabo para consolidar y expandir la econom\u00eda provincial: \u201cEstamos construyendo acueductos, gasoductos, traza ferroviaria, rutas\u201d, mencion\u00f3, al tiempo que record\u00f3 \u201cel trabajo de financiamiento al sector privado que se viene haciendo en conjunto con el Banco Naci\u00f3n\u201d.<\/p>\n\n\n\n<p>Asimismo, Pusineri se refiri\u00f3 a los programas relacionados con la producci\u00f3n y el empleo, \u201cque van desde capacitaciones hasta el fomento del empleo privado registrado; programas que tienen que ver con aportar conocimiento tanto al sector empleador como trabajador; el acompa\u00f1amiento a empresas en ferias y espacios de promoci\u00f3n de nuestros productos; y el apoyo decidido al turismo. Como resultado de esta articulaci\u00f3n entre el Estado y los actores productivos, hoy estamos viendo que la industria, la construcci\u00f3n, los servicios y el turismo registran subas en el empleo privado\u201d, resalt\u00f3.<\/p>\n\n\n\n<p>Finalmente, el ministro de Trabajo puso de relieve tambi\u00e9n el trabajo conjunto de la provincia y la Naci\u00f3n para que cada una de las empresas que necesitan insumos importados para su producci\u00f3n puedan acceder a ellos, apostando a que las divisas que salen del pa\u00eds tengan ese destino prioritario.<\/p>\n","protected":false},"excerpt":{"rendered":"<p>En noviembre de 2022 se registraron 545.711, cifra que se increment\u00f3 un 0,64% en relaci\u00f3n con octubre y un 3,58% con noviembre de 2021.\u00a0 El ministro de Trabajo, Empleo y Seguridad Social, Juan Manuel Pusineri destac\u00f3 que la provincia extiende la tendencia expansiva de su mercado laboral, de acuerdo a los recientes datos estad\u00edsticos publicados <a href=\"https:\/\/armstrongyregion.com.ar\/diario\/en-la-provincia-aumenta-el-numero-de-puestos-de-trabajos-registrados-en-el-sector-privado\/\" title=\"Read more\" >&#8230;<\/a><\/p>\n","protected":false},"author":1,"featured_media":37151,"comment_status":"open","ping_status":"open","sticky":false,"template":"","format":"image","meta":{"_jetpack_memberships_contains_paid_content":false,"footnotes":"","jetpack_publicize_message":"","jetpack_publicize_feature_enabled":true,"jetpack_social_post_already_shared":true,"jetpack_social_options":{"image_generator_settings":{"template":"highway","default_image_id":0,"enabled":false},"version":2}},"categories":[8,1,2,7,3],"tags":[8855,8856,8857,1066],"class_list":["post-37150","post","type-post","status-publish","format-image","has-post-thumbnail","hentry","category-deliberando","category-diario-armstrong","category-locales","category-politica","category-region","tag-aumenta","tag-numero","tag-puestos","tag-trabajo","post_format-post-format-image"],"jetpack_publicize_connections":[],"jetpack_featured_media_url":"https:\/\/armstrongyregion.com.ar\/diario\/wp-content\/uploads\/2023\/01\/16-enero-23-.jpg","jetpack_shortlink":"https:\/\/wp.me\/p62QDO-9Fc","jetpack_sharing_enabled":true,"amp_enabled":true,"_links":{"self":[{"href":"https:\/\/armstrongyregion.com.ar\/diario\/wp-json\/wp\/v2\/posts\/37150","targetHints":{"allow":["GET"]}}],"collection":[{"href":"https:\/\/armstrongyregion.com.ar\/diario\/wp-json\/wp\/v2\/posts"}],"about":[{"href":"https:\/\/armstrongyregion.com.ar\/diario\/wp-json\/wp\/v2\/types\/post"}],"author":[{"embeddable":true,"href":"https:\/\/armstrongyregion.com.ar\/diario\/wp-json\/wp\/v2\/users\/1"}],"replies":[{"embeddable":true,"href":"https:\/\/armstrongyregion.com.ar\/diario\/wp-json\/wp\/v2\/comments?post=37150"}],"version-history":[{"count":2,"href":"https:\/\/armstrongyregion.com.ar\/diario\/wp-json\/wp\/v2\/posts\/37150\/revisions"}],"predecessor-version":[{"id":37153,"href":"https:\/\/armstrongyregion.com.ar\/diario\/wp-json\/wp\/v2\/posts\/37150\/revisions\/37153"}],"wp:featuredmedia":[{"embeddable":true,"href":"https:\/\/armstrongyregion.com.ar\/diario\/wp-json\/wp\/v2\/media\/37151"}],"wp:attachment":[{"href":"https:\/\/armstrongyregion.com.ar\/diario\/wp-json\/wp\/v2\/media?parent=37150"}],"wp:term":[{"taxonomy":"category","embeddable":true,"href":"https:\/\/armstrongyregion.com.ar\/diario\/wp-json\/wp\/v2\/categories?post=37150"},{"taxonomy":"post_tag","embeddable":true,"href":"https:\/\/armstrongyregion.com.ar\/diario\/wp-json\/wp\/v2\/tags?post=37150"}],"curies":[{"name":"wp","href":"https:\/\/api.w.org\/{rel}","templated":true}]}}