{"id":3715,"date":"2015-08-23T02:16:25","date_gmt":"2015-08-23T02:16:25","guid":{"rendered":"https:\/\/armstrongyregion.com.ar\/diario\/?p=3715"},"modified":"2015-08-23T02:16:25","modified_gmt":"2015-08-23T02:16:25","slug":"cambio-climatico-cambio-mental-por-maria-damiani","status":"publish","type":"post","link":"https:\/\/armstrongyregion.com.ar\/diario\/cambio-climatico-cambio-mental-por-maria-damiani\/","title":{"rendered":"Cambio clim\u00e1tico, cambio mental. Por  Mar\u00eda Damiani."},"content":{"rendered":"<p><a href=\"http:\/\/armstrongyregion.com.ar\/diario\/wp-content\/uploads\/2015\/08\/images.jpg-Clima.jpg\"><img loading=\"lazy\" decoding=\"async\" class=\"alignnone size-medium wp-image-3716\" src=\"http:\/\/armstrongyregion.com.ar\/diario\/wp-content\/uploads\/2015\/08\/images.jpg-Clima-300x225.jpg\" alt=\" Clima-Prevencion-y-salud-\" width=\"300\" height=\"225\" srcset=\"https:\/\/armstrongyregion.com.ar\/diario\/wp-content\/uploads\/2015\/08\/images.jpg-Clima-300x225.jpg 300w, https:\/\/armstrongyregion.com.ar\/diario\/wp-content\/uploads\/2015\/08\/images.jpg-Clima.jpg 768w\" sizes=\"auto, (max-width: 300px) 100vw, 300px\" \/><\/a>El clima de la tierra ha cambiado a lo largo de la historia. Antiguamente, los campesinos predec\u00edan el tiempo para que sus plantas y animales lograran sobrevivir a los cambios y se adaptaran a las condiciones ambientales.<\/p>\n<p>En la actualidad, muchas personas viven pendientes de los cambios clim\u00e1ticos, del medio ambiente, de las estaciones del a\u00f1o y manifiestan demasiada preocupaci\u00f3n por las enfermedades de temporada como gripes, alergias o problemas respiratorios. Existe la tendencia de siempre echar la culpa de esos males al tiempo.<\/p>\n<p>\u00bfPuede realmente el clima influir en la salud?<\/p>\n<p>No necesariamente. Existe algo que siempre es v\u00e1lido para combatir malas influencias: dar prioridad a la manera de pensar y de vivir, reconociendo la realidad espiritual de cada uno. Si bien es relevante cuidar del medio ambiente, se debe preservar tambi\u00e9n el clima mental, es decir, un ambiente que no introduzca pensamientos amenazantes sino de confianza, \u00e1nimo y tranquilidad. Esto es vital para nuestra salud y bienestar.<\/p>\n<p>\u00bfC\u00f3mo se puede aplicar esto?<\/p>\n<p>No aceptando las creencias de que el clima o la atm\u00f3sfera puedan afectar o que algo tenga poder para causar una enfermedad o transmitirse de una persona a otra. Si se cambia la creencia, se cambian los resultados.<\/p>\n<p>Esa manera de vivir puede ser considerada una medicina espiritual, o sea, vivir cada d\u00eda con una mayor paz interior y sin miedo, sin enfocar la enfermedad. \u00a1Esta es una gran defensa! De la misma forma que cerramos con llave nuestros hogares, podemos cerrar la puerta de nuestro pensamiento a creer en el riesgo de contraer epidemias a causa del clima.<\/p>\n<p>Es posible contemplar d\u00edas soleados con la perspectiva del reconocimiento de nuestra identidad profunda con la fuente absoluta del divino Amor.<\/p>\n<p>Mary Baker Eddy fue una pionera en el \u00e1rea de la salud y el pensamiento y sostuvo: \u201cLos resfriados, la tos y el contagio son engendrados \u00fanicamente por las teor\u00edas humanas. La prensa, sin saberlo, propaga muchas penas y enfermedades entre la familia humana. Eso lo hace al dar nombres a las enfermedades y al publicar largas descripciones que proyectan vivamente im\u00e1genes de enfermedad al pensamiento\u201d.<\/p>\n<p>Se puede notar que a veces dos personas est\u00e1n en una temperatura muy fr\u00eda, y una se enferma y otra no. \u00bfPodr\u00edas ser eso porque hay en una persona la predisposici\u00f3n del pensamiento a creer en la influencia del clima y en la otra no? Quiz\u00e1s el cambio clim\u00e1tico no haya influido en la persona que se qued\u00f3 sana porque en su pensamiento no hab\u00eda temores y creencias autoimpuestas. Percibir que la naturaleza es una gran entidad de la creaci\u00f3n divina, ordenada armoniosamente por el Creador lleva a la idea de estar inmune ante cualquier estaci\u00f3n o temporada.<\/p>\n<p>Algo parecido ocurri\u00f3 con una amiga de Chile que san\u00f3 de un fuerte estado gripal al superar el enojo y sentirse liberada al expresar compasi\u00f3n maternal.<\/p>\n<p>Los buenos pensamientos tienen un gran alcance y son la clave para aportar felicidad a la vida. En la totalidad del Amor s\u00f3lo puede existir armon\u00eda y buena salud.<\/p>\n<p>Si respiras el ambiente del Amor divino, experimentar\u00e1s un cambio mental y encontrar\u00e1s tu atm\u00f3sfera verdadera.<\/p>\n<p><strong>Mar\u00eda Damiani escribe acerca de la salud y el bienestar desde una perspectiva espiritual y es Comit\u00e9 de Publicaci\u00f3n de la Ciencia Cristiana en Espa\u00f1a. Email: <\/strong><a href=\"mailto:spain@compub.org\"><strong>spain@compub.org<\/strong><\/a><\/p>\n<p><strong>\u00a0Twitter: @compubespana<\/strong><\/p>\n<p>&nbsp;<\/p>\n","protected":false},"excerpt":{"rendered":"<p>El clima de la tierra ha cambiado a lo largo de la historia. Antiguamente, los campesinos predec\u00edan el tiempo para que sus plantas y animales lograran sobrevivir a los cambios y se adaptaran a las condiciones ambientales. En la actualidad, muchas personas viven pendientes de los cambios clim\u00e1ticos, del medio ambiente, de las estaciones del <a href=\"https:\/\/armstrongyregion.com.ar\/diario\/cambio-climatico-cambio-mental-por-maria-damiani\/\" title=\"Read more\" >&#8230;<\/a><\/p>\n","protected":false},"author":2,"featured_media":3716,"comment_status":"open","ping_status":"open","sticky":false,"template":"","format":"standard","meta":{"_jetpack_memberships_contains_paid_content":false,"footnotes":"","jetpack_publicize_message":"","jetpack_publicize_feature_enabled":true,"jetpack_social_post_already_shared":false,"jetpack_social_options":{"image_generator_settings":{"template":"highway","default_image_id":0,"enabled":false},"version":2}},"categories":[1,2,4],"tags":[311,2571,906,322,1464,60],"class_list":["post-3715","post","type-post","status-publish","format-standard","has-post-thumbnail","hentry","category-diario-armstrong","category-locales","category-prevencion-salud","tag-cambio","tag-climatico","tag-damiani","tag-maria","tag-mental","tag-por"],"jetpack_publicize_connections":[],"jetpack_featured_media_url":"https:\/\/armstrongyregion.com.ar\/diario\/wp-content\/uploads\/2015\/08\/images.jpg-Clima.jpg","jetpack_shortlink":"https:\/\/wp.me\/p62QDO-XV","jetpack_sharing_enabled":true,"amp_enabled":true,"_links":{"self":[{"href":"https:\/\/armstrongyregion.com.ar\/diario\/wp-json\/wp\/v2\/posts\/3715","targetHints":{"allow":["GET"]}}],"collection":[{"href":"https:\/\/armstrongyregion.com.ar\/diario\/wp-json\/wp\/v2\/posts"}],"about":[{"href":"https:\/\/armstrongyregion.com.ar\/diario\/wp-json\/wp\/v2\/types\/post"}],"author":[{"embeddable":true,"href":"https:\/\/armstrongyregion.com.ar\/diario\/wp-json\/wp\/v2\/users\/2"}],"replies":[{"embeddable":true,"href":"https:\/\/armstrongyregion.com.ar\/diario\/wp-json\/wp\/v2\/comments?post=3715"}],"version-history":[{"count":0,"href":"https:\/\/armstrongyregion.com.ar\/diario\/wp-json\/wp\/v2\/posts\/3715\/revisions"}],"wp:featuredmedia":[{"embeddable":true,"href":"https:\/\/armstrongyregion.com.ar\/diario\/wp-json\/wp\/v2\/media\/3716"}],"wp:attachment":[{"href":"https:\/\/armstrongyregion.com.ar\/diario\/wp-json\/wp\/v2\/media?parent=3715"}],"wp:term":[{"taxonomy":"category","embeddable":true,"href":"https:\/\/armstrongyregion.com.ar\/diario\/wp-json\/wp\/v2\/categories?post=3715"},{"taxonomy":"post_tag","embeddable":true,"href":"https:\/\/armstrongyregion.com.ar\/diario\/wp-json\/wp\/v2\/tags?post=3715"}],"curies":[{"name":"wp","href":"https:\/\/api.w.org\/{rel}","templated":true}]}}