{"id":37146,"date":"2023-01-16T14:58:31","date_gmt":"2023-01-16T14:58:31","guid":{"rendered":"https:\/\/armstrongyregion.com.ar\/diario\/?p=37146"},"modified":"2023-01-16T14:58:36","modified_gmt":"2023-01-16T14:58:36","slug":"las-rosas-brutal-golpiza-en-la-via-publica","status":"publish","type":"post","link":"https:\/\/armstrongyregion.com.ar\/diario\/las-rosas-brutal-golpiza-en-la-via-publica\/","title":{"rendered":"Las Rosas: Brutal Golpiza en la V\u00eda P\u00fablica."},"content":{"rendered":"\n<figure class=\"wp-block-image size-full\"><a href=\"http:\/\/armstrongyregion.com.ar\/diario\/wp-content\/uploads\/2023\/01\/pelea-en-las-rosas-.jpg\"><img loading=\"lazy\" decoding=\"async\" width=\"540\" height=\"403\" src=\"http:\/\/armstrongyregion.com.ar\/diario\/wp-content\/uploads\/2023\/01\/pelea-en-las-rosas-.jpg\" alt=\"\" class=\"wp-image-37147\" srcset=\"https:\/\/armstrongyregion.com.ar\/diario\/wp-content\/uploads\/2023\/01\/pelea-en-las-rosas-.jpg 540w, https:\/\/armstrongyregion.com.ar\/diario\/wp-content\/uploads\/2023\/01\/pelea-en-las-rosas--300x224.jpg 300w\" sizes=\"auto, (max-width: 540px) 100vw, 540px\" \/><\/a><\/figure>\n\n\n\n<h2 class=\"wp-block-heading\">El hecho ocurri\u00f3 en la ma\u00f1ana del s\u00e1bado, la persona agredida fue derivada al SAMCo para su atenci\u00f3n.<\/h2>\n\n\n\n<p>Un hombre de la ciudad fue salvajemente agredido en la ma\u00f1ana del s\u00e1bado en la esquina de Italia y Paso de los Andes, el hombre quedo inconsciente luego de sufrir una patada salvaje golpeando la cabeza contra el pavimento, el agresor ya con la persona desvanecida en el piso le arrojo un botellazo e intento seguir golpe\u00e1ndolo, pero fue apartado por otras personas que estaban en el lugar.<\/p>\n\n\n\n<p>De acuerdo al reporte m\u00e9dico, a la persona agredida se le realizo un TAC que no arrojo complicaciones, aunque si se presentan secuelas de los golpes, como distintos edemas.<\/p>\n\n\n\n<p>Ambas partes realizaron denuncia en la Comisar\u00eda 1ra.<\/p>\n\n\n\n<p>Fuente: Renacer FM<\/p>\n","protected":false},"excerpt":{"rendered":"<p>El hecho ocurri\u00f3 en la ma\u00f1ana del s\u00e1bado, la persona agredida fue derivada al SAMCo para su atenci\u00f3n. Un hombre de la ciudad fue salvajemente agredido en la ma\u00f1ana del s\u00e1bado en la esquina de Italia y Paso de los Andes, el hombre quedo inconsciente luego de sufrir una patada salvaje golpeando la cabeza contra <a href=\"https:\/\/armstrongyregion.com.ar\/diario\/las-rosas-brutal-golpiza-en-la-via-publica\/\" title=\"Read more\" >&#8230;<\/a><\/p>\n","protected":false},"author":1,"featured_media":37147,"comment_status":"open","ping_status":"open","sticky":false,"template":"","format":"image","meta":{"_jetpack_memberships_contains_paid_content":false,"footnotes":"","jetpack_publicize_message":"","jetpack_publicize_feature_enabled":true,"jetpack_social_post_already_shared":true,"jetpack_social_options":{"image_generator_settings":{"template":"highway","default_image_id":0,"enabled":false},"version":2}},"categories":[8,1,2852,7,3],"tags":[8854,15,31,23,2469,361,1331],"class_list":["post-37146","post","type-post","status-publish","format-image","has-post-thumbnail","hentry","category-deliberando","category-diario-armstrong","category-policiales","category-politica","category-region","tag-brutal-golpiza","tag-en","tag-la","tag-las","tag-publica","tag-rosas","tag-via","post_format-post-format-image"],"jetpack_publicize_connections":[],"jetpack_featured_media_url":"https:\/\/armstrongyregion.com.ar\/diario\/wp-content\/uploads\/2023\/01\/pelea-en-las-rosas-.jpg","jetpack_shortlink":"https:\/\/wp.me\/p62QDO-9F8","jetpack_sharing_enabled":true,"amp_enabled":true,"_links":{"self":[{"href":"https:\/\/armstrongyregion.com.ar\/diario\/wp-json\/wp\/v2\/posts\/37146","targetHints":{"allow":["GET"]}}],"collection":[{"href":"https:\/\/armstrongyregion.com.ar\/diario\/wp-json\/wp\/v2\/posts"}],"about":[{"href":"https:\/\/armstrongyregion.com.ar\/diario\/wp-json\/wp\/v2\/types\/post"}],"author":[{"embeddable":true,"href":"https:\/\/armstrongyregion.com.ar\/diario\/wp-json\/wp\/v2\/users\/1"}],"replies":[{"embeddable":true,"href":"https:\/\/armstrongyregion.com.ar\/diario\/wp-json\/wp\/v2\/comments?post=37146"}],"version-history":[{"count":2,"href":"https:\/\/armstrongyregion.com.ar\/diario\/wp-json\/wp\/v2\/posts\/37146\/revisions"}],"predecessor-version":[{"id":37149,"href":"https:\/\/armstrongyregion.com.ar\/diario\/wp-json\/wp\/v2\/posts\/37146\/revisions\/37149"}],"wp:featuredmedia":[{"embeddable":true,"href":"https:\/\/armstrongyregion.com.ar\/diario\/wp-json\/wp\/v2\/media\/37147"}],"wp:attachment":[{"href":"https:\/\/armstrongyregion.com.ar\/diario\/wp-json\/wp\/v2\/media?parent=37146"}],"wp:term":[{"taxonomy":"category","embeddable":true,"href":"https:\/\/armstrongyregion.com.ar\/diario\/wp-json\/wp\/v2\/categories?post=37146"},{"taxonomy":"post_tag","embeddable":true,"href":"https:\/\/armstrongyregion.com.ar\/diario\/wp-json\/wp\/v2\/tags?post=37146"}],"curies":[{"name":"wp","href":"https:\/\/api.w.org\/{rel}","templated":true}]}}