{"id":37134,"date":"2023-01-14T14:18:12","date_gmt":"2023-01-14T14:18:12","guid":{"rendered":"https:\/\/armstrongyregion.com.ar\/diario\/?p=37134"},"modified":"2023-01-14T14:18:16","modified_gmt":"2023-01-14T14:18:16","slug":"correa-comienza-el-latinomericano-2023","status":"publish","type":"post","link":"https:\/\/armstrongyregion.com.ar\/diario\/correa-comienza-el-latinomericano-2023\/","title":{"rendered":"Correa: Comienza el Latinomericano 2023."},"content":{"rendered":"\n<figure class=\"wp-block-image size-full\"><a href=\"http:\/\/armstrongyregion.com.ar\/diario\/wp-content\/uploads\/2023\/01\/latinoamericano.jpg\"><img loading=\"lazy\" decoding=\"async\" width=\"526\" height=\"256\" src=\"http:\/\/armstrongyregion.com.ar\/diario\/wp-content\/uploads\/2023\/01\/latinoamericano.jpg\" alt=\"\" class=\"wp-image-37136\" srcset=\"https:\/\/armstrongyregion.com.ar\/diario\/wp-content\/uploads\/2023\/01\/latinoamericano.jpg 526w, https:\/\/armstrongyregion.com.ar\/diario\/wp-content\/uploads\/2023\/01\/latinoamericano-300x146.jpg 300w\" sizes=\"auto, (max-width: 526px) 100vw, 526px\" \/><\/a><\/figure>\n\n\n\n<h2 class=\"wp-block-heading\">El festival internacional m\u00e1s importante de la regi\u00f3n se prepara para tres noches a pura m\u00fasica, danza y canto.<\/h2>\n\n\n\n<p><\/p>\n\n\n\n<figure class=\"wp-block-audio\"><audio controls src=\"http:\/\/armstrongyregion.com.ar\/diario\/wp-content\/uploads\/2023\/01\/multimedia.audio_.ac7655d73c78ebb2.415544494f204d4f4e4f2e6d7033.mp3\"><\/audio><figcaption class=\"wp-element-caption\">Nota a Nahuel Cejas.<\/figcaption><\/figure>\n\n\n\n<p>Como cada enero la localidad de Correa se prepara para el festival internacional mas importante de la regi\u00f3n, la edici\u00f3n numero 11 del Latinoamericano se va a desarrollar este viernes 13, s\u00e1bado 14 y domingo 15 de enero con entrada libre y gratuita, en el predio polideportivo comunal.<\/p>\n\n\n\n<p>El festival latinoamericano re\u00fane la danza, m\u00fasica, canto y la cultura, con delegaciones de distintos puntos del pa\u00eds y paises vecinos, el Pte. comunal Nahuel Cejas hizo extensiva la invitaci\u00f3n para todo el p\u00fablico de la regi\u00f3n.<\/p>\n\n\n\n<p>Como cada a\u00f1o lo vas a poder vivir en directo por la radio y en esta edici\u00f3n tambi\u00e9n por el 4TV.<\/p>\n\n\n\n<p>fuente: Renacer Fm.<\/p>\n","protected":false},"excerpt":{"rendered":"<p>El festival internacional m\u00e1s importante de la regi\u00f3n se prepara para tres noches a pura m\u00fasica, danza y canto. Como cada enero la localidad de Correa se prepara para el festival internacional mas importante de la regi\u00f3n, la edici\u00f3n numero 11 del Latinoamericano se va a desarrollar este viernes 13, s\u00e1bado 14 y domingo 15 <a href=\"https:\/\/armstrongyregion.com.ar\/diario\/correa-comienza-el-latinomericano-2023\/\" title=\"Read more\" >&#8230;<\/a><\/p>\n","protected":false},"author":1,"featured_media":37136,"comment_status":"open","ping_status":"open","sticky":false,"template":"","format":"image","meta":{"_jetpack_memberships_contains_paid_content":false,"footnotes":"","jetpack_publicize_message":"","jetpack_publicize_feature_enabled":true,"jetpack_social_post_already_shared":true,"jetpack_social_options":{"image_generator_settings":{"template":"highway","default_image_id":0,"enabled":false},"version":2}},"categories":[8,1,2,7,3],"tags":[1299,303,16,305],"class_list":["post-37134","post","type-post","status-publish","format-image","has-post-thumbnail","hentry","category-deliberando","category-diario-armstrong","category-locales","category-politica","category-region","tag-comienza","tag-correa","tag-el","tag-latinoamericano","post_format-post-format-image"],"jetpack_publicize_connections":[],"jetpack_featured_media_url":"https:\/\/armstrongyregion.com.ar\/diario\/wp-content\/uploads\/2023\/01\/latinoamericano.jpg","jetpack_shortlink":"https:\/\/wp.me\/p62QDO-9EW","jetpack_sharing_enabled":true,"amp_enabled":true,"_links":{"self":[{"href":"https:\/\/armstrongyregion.com.ar\/diario\/wp-json\/wp\/v2\/posts\/37134","targetHints":{"allow":["GET"]}}],"collection":[{"href":"https:\/\/armstrongyregion.com.ar\/diario\/wp-json\/wp\/v2\/posts"}],"about":[{"href":"https:\/\/armstrongyregion.com.ar\/diario\/wp-json\/wp\/v2\/types\/post"}],"author":[{"embeddable":true,"href":"https:\/\/armstrongyregion.com.ar\/diario\/wp-json\/wp\/v2\/users\/1"}],"replies":[{"embeddable":true,"href":"https:\/\/armstrongyregion.com.ar\/diario\/wp-json\/wp\/v2\/comments?post=37134"}],"version-history":[{"count":1,"href":"https:\/\/armstrongyregion.com.ar\/diario\/wp-json\/wp\/v2\/posts\/37134\/revisions"}],"predecessor-version":[{"id":37137,"href":"https:\/\/armstrongyregion.com.ar\/diario\/wp-json\/wp\/v2\/posts\/37134\/revisions\/37137"}],"wp:featuredmedia":[{"embeddable":true,"href":"https:\/\/armstrongyregion.com.ar\/diario\/wp-json\/wp\/v2\/media\/37136"}],"wp:attachment":[{"href":"https:\/\/armstrongyregion.com.ar\/diario\/wp-json\/wp\/v2\/media?parent=37134"}],"wp:term":[{"taxonomy":"category","embeddable":true,"href":"https:\/\/armstrongyregion.com.ar\/diario\/wp-json\/wp\/v2\/categories?post=37134"},{"taxonomy":"post_tag","embeddable":true,"href":"https:\/\/armstrongyregion.com.ar\/diario\/wp-json\/wp\/v2\/tags?post=37134"}],"curies":[{"name":"wp","href":"https:\/\/api.w.org\/{rel}","templated":true}]}}