{"id":37119,"date":"2023-01-13T01:36:37","date_gmt":"2023-01-13T01:36:37","guid":{"rendered":"https:\/\/armstrongyregion.com.ar\/diario\/?p=37119"},"modified":"2023-01-13T01:36:42","modified_gmt":"2023-01-13T01:36:42","slug":"la-comuna-de-bouquet-suma-nuevos-proyectos","status":"publish","type":"post","link":"https:\/\/armstrongyregion.com.ar\/diario\/la-comuna-de-bouquet-suma-nuevos-proyectos\/","title":{"rendered":"La Comuna de Bouquet suma nuevos proyectos."},"content":{"rendered":"\n<figure class=\"wp-block-image size-full\"><a href=\"http:\/\/armstrongyregion.com.ar\/diario\/wp-content\/uploads\/2023\/01\/bouquet-comuna-.jpg\"><img loading=\"lazy\" decoding=\"async\" width=\"515\" height=\"303\" src=\"http:\/\/armstrongyregion.com.ar\/diario\/wp-content\/uploads\/2023\/01\/bouquet-comuna-.jpg\" alt=\"\" class=\"wp-image-37120\" srcset=\"https:\/\/armstrongyregion.com.ar\/diario\/wp-content\/uploads\/2023\/01\/bouquet-comuna-.jpg 515w, https:\/\/armstrongyregion.com.ar\/diario\/wp-content\/uploads\/2023\/01\/bouquet-comuna--300x177.jpg 300w\" sizes=\"auto, (max-width: 515px) 100vw, 515px\" \/><\/a><\/figure>\n\n\n\n<h2 class=\"wp-block-heading\">El Pte. Comunal Luis Raffo brind\u00f3 detalles sobre las obras en la red cloacal.<\/h2>\n\n\n\n<p><strong>Reparaci\u00f3n Red de Cloacas<\/strong><\/p>\n\n\n\n<p>Desde la gesti\u00f3n comunal informaron que se esta en la etapa final de la reparaci\u00f3n de la red, atento a ello se reunieron con el Grupo SADE para la ampliaci\u00f3n de la red que llegar\u00e1 al nuevo barrio de viviendas pr\u00f3ximo a inaugurarse.<\/p>\n\n\n\n<figure class=\"wp-block-embed is-type-video is-provider-youtube wp-block-embed-youtube wp-embed-aspect-16-9 wp-has-aspect-ratio\"><div class=\"wp-block-embed__wrapper\">\n<iframe loading=\"lazy\" title=\"11-01-23 Informe Comuna de Bouquet\" width=\"800\" height=\"450\" src=\"https:\/\/www.youtube.com\/embed\/o6l6hLuuY6o?feature=oembed\" frameborder=\"0\" allow=\"accelerometer; autoplay; clipboard-write; encrypted-media; gyroscope; picture-in-picture; web-share\" allowfullscreen><\/iframe>\n<\/div><\/figure>\n\n\n\n<p>Fuente; Renacer FM<\/p>\n\n\n\n<p><\/p>\n","protected":false},"excerpt":{"rendered":"<p>El Pte. Comunal Luis Raffo brind\u00f3 detalles sobre las obras en la red cloacal. Reparaci\u00f3n Red de Cloacas Desde la gesti\u00f3n comunal informaron que se esta en la etapa final de la reparaci\u00f3n de la red, atento a ello se reunieron con el Grupo SADE para la ampliaci\u00f3n de la red que llegar\u00e1 al nuevo <a href=\"https:\/\/armstrongyregion.com.ar\/diario\/la-comuna-de-bouquet-suma-nuevos-proyectos\/\" title=\"Read more\" >&#8230;<\/a><\/p>\n","protected":false},"author":1,"featured_media":37120,"comment_status":"open","ping_status":"open","sticky":false,"template":"","format":"image","meta":{"_jetpack_memberships_contains_paid_content":false,"footnotes":"","jetpack_publicize_message":"","jetpack_publicize_feature_enabled":true,"jetpack_social_post_already_shared":true,"jetpack_social_options":{"image_generator_settings":{"template":"highway","default_image_id":0,"enabled":false},"version":2}},"categories":[8,1,7,3],"tags":[228,19,31,242,8598,1771],"class_list":["post-37119","post","type-post","status-publish","format-image","has-post-thumbnail","hentry","category-deliberando","category-diario-armstrong","category-politica","category-region","tag-comuna","tag-de","tag-la","tag-nuevos","tag-proyectos-2","tag-suma","post_format-post-format-image"],"jetpack_publicize_connections":[],"jetpack_featured_media_url":"https:\/\/armstrongyregion.com.ar\/diario\/wp-content\/uploads\/2023\/01\/bouquet-comuna-.jpg","jetpack_shortlink":"https:\/\/wp.me\/p62QDO-9EH","jetpack_sharing_enabled":true,"amp_enabled":true,"_links":{"self":[{"href":"https:\/\/armstrongyregion.com.ar\/diario\/wp-json\/wp\/v2\/posts\/37119","targetHints":{"allow":["GET"]}}],"collection":[{"href":"https:\/\/armstrongyregion.com.ar\/diario\/wp-json\/wp\/v2\/posts"}],"about":[{"href":"https:\/\/armstrongyregion.com.ar\/diario\/wp-json\/wp\/v2\/types\/post"}],"author":[{"embeddable":true,"href":"https:\/\/armstrongyregion.com.ar\/diario\/wp-json\/wp\/v2\/users\/1"}],"replies":[{"embeddable":true,"href":"https:\/\/armstrongyregion.com.ar\/diario\/wp-json\/wp\/v2\/comments?post=37119"}],"version-history":[{"count":1,"href":"https:\/\/armstrongyregion.com.ar\/diario\/wp-json\/wp\/v2\/posts\/37119\/revisions"}],"predecessor-version":[{"id":37121,"href":"https:\/\/armstrongyregion.com.ar\/diario\/wp-json\/wp\/v2\/posts\/37119\/revisions\/37121"}],"wp:featuredmedia":[{"embeddable":true,"href":"https:\/\/armstrongyregion.com.ar\/diario\/wp-json\/wp\/v2\/media\/37120"}],"wp:attachment":[{"href":"https:\/\/armstrongyregion.com.ar\/diario\/wp-json\/wp\/v2\/media?parent=37119"}],"wp:term":[{"taxonomy":"category","embeddable":true,"href":"https:\/\/armstrongyregion.com.ar\/diario\/wp-json\/wp\/v2\/categories?post=37119"},{"taxonomy":"post_tag","embeddable":true,"href":"https:\/\/armstrongyregion.com.ar\/diario\/wp-json\/wp\/v2\/tags?post=37119"}],"curies":[{"name":"wp","href":"https:\/\/api.w.org\/{rel}","templated":true}]}}