{"id":37116,"date":"2023-01-12T13:24:34","date_gmt":"2023-01-12T13:24:34","guid":{"rendered":"https:\/\/armstrongyregion.com.ar\/diario\/?p=37116"},"modified":"2023-01-12T13:24:39","modified_gmt":"2023-01-12T13:24:39","slug":"rasetto-salio-al-cruce-del-ministro-massa-por-declaraciones-sobre-la-sequia","status":"publish","type":"post","link":"https:\/\/armstrongyregion.com.ar\/diario\/rasetto-salio-al-cruce-del-ministro-massa-por-declaraciones-sobre-la-sequia\/","title":{"rendered":"<strong>Rasetto sali\u00f3 al cruce del ministro Massa por declaraciones sobre la sequ\u00eda.<\/strong>"},"content":{"rendered":"\n<figure class=\"wp-block-image size-full\"><a href=\"http:\/\/armstrongyregion.com.ar\/diario\/wp-content\/uploads\/2023\/01\/Maiz.jpg\"><img loading=\"lazy\" decoding=\"async\" width=\"650\" height=\"328\" src=\"http:\/\/armstrongyregion.com.ar\/diario\/wp-content\/uploads\/2023\/01\/Maiz.jpg\" alt=\"\" class=\"wp-image-37117\" srcset=\"https:\/\/armstrongyregion.com.ar\/diario\/wp-content\/uploads\/2023\/01\/Maiz.jpg 650w, https:\/\/armstrongyregion.com.ar\/diario\/wp-content\/uploads\/2023\/01\/Maiz-300x151.jpg 300w\" sizes=\"auto, (max-width: 650px) 100vw, 650px\" \/><\/a><\/figure>\n\n\n\n<p>\u201cEstoy leyendo una entrevista en el diario Perfil al ministro de econom\u00eda Sergio Massa sobre la<br>situaci\u00f3n actual de la econom\u00eda y las medidas tomadas bajo su gesti\u00f3n, y en el medio,<br>encuentro declaraciones suyas sobre la intensa sequ\u00eda que atraviesa nuestro territorio<br>nacional. En las mismas, el ministro dice \u201ccay\u00f3 agua en estos \u00faltimos d\u00edas en la zona n\u00facleo\u201d y<br>\u201cpuede pasar que lo que perdemos por volumen lo recuperemos por precio\u201d, desconociendo<br>la situaci\u00f3n real de las lluvias y una sequ\u00eda que afecta el 55 por ciento del territorio y estando<br>m\u00e1s preocupado por lo que recaude el Estado que por los que verdaderamente sufriremos<br>esta crisis.<br>Lamento que el Ministro de Econom\u00eda piense se esta manera, esto es una cat\u00e1strofe y no<br>entiendo porque no toman conciencia. 50 por ciento de trigo, ma\u00edz seco, soja sec\u00e1ndose, los<br>tambos sin poder hacer reserva de comida para el invierno, pero hay que pagar el anticipo de<br>\u00abganancias\u00bb.<br>Esta situaci\u00f3n se lleva puesto a m\u00e1s de uno, no s\u00f3lo productores: contratistas que siembran,<br>aplican, cosechan, cantidad de empleados, camioneros, gomer\u00edas, personas que hacen,<br>viandas, talleres, repuesteros, es interminable la lista de rubros, que al final son personas, que<br>dependen y viven del sistema agropecuario. Es necesario tomar medidas de forma urgente<br>para afrontar la situaci\u00f3n que se est\u00e1 viviendo y que se viene inmediatamente y este gobierno<br>no lo est\u00e1 haciendo, y lo que es m\u00e1s preocupante, parece desconocer la situaci\u00f3n m\u00e1s all\u00e1 del<br>bolsillo&nbsp;propio.\u00bb<\/p>\n","protected":false},"excerpt":{"rendered":"<p>\u201cEstoy leyendo una entrevista en el diario Perfil al ministro de econom\u00eda Sergio Massa sobre lasituaci\u00f3n actual de la econom\u00eda y las medidas tomadas bajo su gesti\u00f3n, y en el medio,encuentro declaraciones suyas sobre la intensa sequ\u00eda que atraviesa nuestro territorionacional. En las mismas, el ministro dice \u201ccay\u00f3 agua en estos \u00faltimos d\u00edas en la <a href=\"https:\/\/armstrongyregion.com.ar\/diario\/rasetto-salio-al-cruce-del-ministro-massa-por-declaraciones-sobre-la-sequia\/\" title=\"Read more\" >&#8230;<\/a><\/p>\n","protected":false},"author":1,"featured_media":37117,"comment_status":"open","ping_status":"open","sticky":false,"template":"","format":"image","meta":{"_jetpack_memberships_contains_paid_content":false,"footnotes":"","jetpack_publicize_message":"","jetpack_publicize_feature_enabled":true,"jetpack_social_post_already_shared":true,"jetpack_social_options":{"image_generator_settings":{"template":"highway","default_image_id":0,"enabled":false},"version":2}},"categories":[8,1,7,3],"tags":[179,100,2349,578,1189,977],"class_list":["post-37116","post","type-post","status-publish","format-image","has-post-thumbnail","hentry","category-deliberando","category-diario-armstrong","category-politica","category-region","tag-al","tag-con","tag-cruce","tag-massa","tag-ministro","tag-rasetto","post_format-post-format-image"],"jetpack_publicize_connections":[],"jetpack_featured_media_url":"https:\/\/armstrongyregion.com.ar\/diario\/wp-content\/uploads\/2023\/01\/Maiz.jpg","jetpack_shortlink":"https:\/\/wp.me\/p62QDO-9EE","jetpack_sharing_enabled":true,"amp_enabled":true,"_links":{"self":[{"href":"https:\/\/armstrongyregion.com.ar\/diario\/wp-json\/wp\/v2\/posts\/37116","targetHints":{"allow":["GET"]}}],"collection":[{"href":"https:\/\/armstrongyregion.com.ar\/diario\/wp-json\/wp\/v2\/posts"}],"about":[{"href":"https:\/\/armstrongyregion.com.ar\/diario\/wp-json\/wp\/v2\/types\/post"}],"author":[{"embeddable":true,"href":"https:\/\/armstrongyregion.com.ar\/diario\/wp-json\/wp\/v2\/users\/1"}],"replies":[{"embeddable":true,"href":"https:\/\/armstrongyregion.com.ar\/diario\/wp-json\/wp\/v2\/comments?post=37116"}],"version-history":[{"count":1,"href":"https:\/\/armstrongyregion.com.ar\/diario\/wp-json\/wp\/v2\/posts\/37116\/revisions"}],"predecessor-version":[{"id":37118,"href":"https:\/\/armstrongyregion.com.ar\/diario\/wp-json\/wp\/v2\/posts\/37116\/revisions\/37118"}],"wp:featuredmedia":[{"embeddable":true,"href":"https:\/\/armstrongyregion.com.ar\/diario\/wp-json\/wp\/v2\/media\/37117"}],"wp:attachment":[{"href":"https:\/\/armstrongyregion.com.ar\/diario\/wp-json\/wp\/v2\/media?parent=37116"}],"wp:term":[{"taxonomy":"category","embeddable":true,"href":"https:\/\/armstrongyregion.com.ar\/diario\/wp-json\/wp\/v2\/categories?post=37116"},{"taxonomy":"post_tag","embeddable":true,"href":"https:\/\/armstrongyregion.com.ar\/diario\/wp-json\/wp\/v2\/tags?post=37116"}],"curies":[{"name":"wp","href":"https:\/\/api.w.org\/{rel}","templated":true}]}}