{"id":37108,"date":"2023-01-11T14:35:58","date_gmt":"2023-01-11T14:35:58","guid":{"rendered":"https:\/\/armstrongyregion.com.ar\/diario\/?p=37108"},"modified":"2023-01-11T14:36:03","modified_gmt":"2023-01-11T14:36:03","slug":"continua-la-sequia-y-la-preocupacion-es-cada-vez-mayor","status":"publish","type":"post","link":"https:\/\/armstrongyregion.com.ar\/diario\/continua-la-sequia-y-la-preocupacion-es-cada-vez-mayor\/","title":{"rendered":"Contin\u00faa la sequ\u00eda y la preocupaci\u00f3n es cada vez mayor."},"content":{"rendered":"\n<figure class=\"wp-block-image size-full\"><a href=\"http:\/\/armstrongyregion.com.ar\/diario\/wp-content\/uploads\/2023\/01\/Marianella-De-Emilio-.jpg\"><img loading=\"lazy\" decoding=\"async\" width=\"540\" height=\"308\" src=\"http:\/\/armstrongyregion.com.ar\/diario\/wp-content\/uploads\/2023\/01\/Marianella-De-Emilio-.jpg\" alt=\"\" class=\"wp-image-37109\" srcset=\"https:\/\/armstrongyregion.com.ar\/diario\/wp-content\/uploads\/2023\/01\/Marianella-De-Emilio-.jpg 540w, https:\/\/armstrongyregion.com.ar\/diario\/wp-content\/uploads\/2023\/01\/Marianella-De-Emilio--300x171.jpg 300w\" sizes=\"auto, (max-width: 540px) 100vw, 540px\" \/><\/a><\/figure>\n\n\n\n<h2 class=\"wp-block-heading\">Son registros hist\u00f3ricos en la regi\u00f3n dijo la Ing. Agr\u00f3noma Marianela De Emilio.<\/h2>\n\n\n\n<p>Se anuncia una semana de intenso calor y las lluvias escasas durante el \u00faltimo tiempo perjudican notablemente las tierras del pa\u00eds.<\/p>\n\n\n\n<p>La Ingeniera Agr\u00f3noma Marianela De Emilio inform\u00f3 como viene el clima en los pr\u00f3ximos d\u00edas y se mostr\u00f3 muy preocupada por la sequ\u00eda sostenida durante los \u00faltimos a\u00f1os:<\/p>\n\n\n\n<p>\u00abComo se esperaba, el tercer evento consecutivo de La Ni\u00f1a, con menos lluvias de lo normal, solamente que en nuestro caso estamos en la segunda campa\u00f1a m\u00e1s seca de la historia para Las Rosas desde 1975. El a\u00f1o m\u00e1s seco fue el 2008 y el a\u00f1o 2022 cerro con 6 mil\u00edmetros m\u00e1s que el 2008\u2026.Y el siguiente a\u00f1o m\u00e1s seco fue el 2020, as\u00ed que desde los tres a\u00f1os m\u00e1s secos, dos est\u00e1n entre el 2020 y 2022 eso habla de la gravedad de la situaci\u00f3n\u00bb.<\/p>\n\n\n\n<p>Dio la siguiente opini\u00f3n a cuando se informa de \u00abbuen tiempo\u00bb desde la provincia de Buenos Aires: buen tiempo, es para el que esta veraneando, buen tiempo en este momento ser\u00eda que llueva, eso que lo diga la gente que est\u00e1 en Bs. As. es que la situaci\u00f3n es grave. Estamos teniendo los ma\u00edces m\u00e1s que nada tard\u00edos, estamos en situaci\u00f3n de estr\u00e9s muy grande en la zona, est\u00e1n con altura muy baja, algunos la mitad de los que tendr\u00eda que ser, algunos ya en floraci\u00f3n lo que supone que perjudica el potencial de rendimiento.<\/p>\n\n\n\n<p>\u00abY en soja alguna se terminaron de sembrar hace poquito y esta recibiendo un castigo muy grande, no solo por las altas temperaturas, sino por la baja humedad relativa\u00bb, fue lo que asegur\u00f3 la Ingeniera del INTA.<\/p>\n\n\n\n<figure class=\"wp-block-embed is-type-video is-provider-youtube wp-block-embed-youtube wp-embed-aspect-16-9 wp-has-aspect-ratio\"><div class=\"wp-block-embed__wrapper\">\n<iframe loading=\"lazy\" title=\"09-01-23 Marianela de Emilio - Inta\" width=\"800\" height=\"450\" src=\"https:\/\/www.youtube.com\/embed\/CaE3v27IUVw?feature=oembed\" frameborder=\"0\" allow=\"accelerometer; autoplay; clipboard-write; encrypted-media; gyroscope; picture-in-picture; web-share\" allowfullscreen><\/iframe>\n<\/div><\/figure>\n\n\n\n<p>Fuente: Renacer FM.<\/p>\n","protected":false},"excerpt":{"rendered":"<p>Son registros hist\u00f3ricos en la regi\u00f3n dijo la Ing. Agr\u00f3noma Marianela De Emilio. Se anuncia una semana de intenso calor y las lluvias escasas durante el \u00faltimo tiempo perjudican notablemente las tierras del pa\u00eds. La Ingeniera Agr\u00f3noma Marianela De Emilio inform\u00f3 como viene el clima en los pr\u00f3ximos d\u00edas y se mostr\u00f3 muy preocupada por <a href=\"https:\/\/armstrongyregion.com.ar\/diario\/continua-la-sequia-y-la-preocupacion-es-cada-vez-mayor\/\" title=\"Read more\" >&#8230;<\/a><\/p>\n","protected":false},"author":1,"featured_media":37109,"comment_status":"open","ping_status":"open","sticky":false,"template":"","format":"image","meta":{"_jetpack_memberships_contains_paid_content":false,"footnotes":"","jetpack_publicize_message":"","jetpack_publicize_feature_enabled":true,"jetpack_social_post_already_shared":true,"jetpack_social_options":{"image_generator_settings":{"template":"highway","default_image_id":0,"enabled":false},"version":2}},"categories":[8,1,2,7,3],"tags":[262,31,713,8835,8834,2463,13],"class_list":["post-37108","post","type-post","status-publish","format-image","has-post-thumbnail","hentry","category-deliberando","category-diario-armstrong","category-locales","category-politica","category-region","tag-continua","tag-la","tag-mayor","tag-preocupacion","tag-sequia","tag-vez","tag-y","post_format-post-format-image"],"jetpack_publicize_connections":[],"jetpack_featured_media_url":"https:\/\/armstrongyregion.com.ar\/diario\/wp-content\/uploads\/2023\/01\/Marianella-De-Emilio-.jpg","jetpack_shortlink":"https:\/\/wp.me\/p62QDO-9Ew","jetpack_sharing_enabled":true,"amp_enabled":true,"_links":{"self":[{"href":"https:\/\/armstrongyregion.com.ar\/diario\/wp-json\/wp\/v2\/posts\/37108","targetHints":{"allow":["GET"]}}],"collection":[{"href":"https:\/\/armstrongyregion.com.ar\/diario\/wp-json\/wp\/v2\/posts"}],"about":[{"href":"https:\/\/armstrongyregion.com.ar\/diario\/wp-json\/wp\/v2\/types\/post"}],"author":[{"embeddable":true,"href":"https:\/\/armstrongyregion.com.ar\/diario\/wp-json\/wp\/v2\/users\/1"}],"replies":[{"embeddable":true,"href":"https:\/\/armstrongyregion.com.ar\/diario\/wp-json\/wp\/v2\/comments?post=37108"}],"version-history":[{"count":1,"href":"https:\/\/armstrongyregion.com.ar\/diario\/wp-json\/wp\/v2\/posts\/37108\/revisions"}],"predecessor-version":[{"id":37110,"href":"https:\/\/armstrongyregion.com.ar\/diario\/wp-json\/wp\/v2\/posts\/37108\/revisions\/37110"}],"wp:featuredmedia":[{"embeddable":true,"href":"https:\/\/armstrongyregion.com.ar\/diario\/wp-json\/wp\/v2\/media\/37109"}],"wp:attachment":[{"href":"https:\/\/armstrongyregion.com.ar\/diario\/wp-json\/wp\/v2\/media?parent=37108"}],"wp:term":[{"taxonomy":"category","embeddable":true,"href":"https:\/\/armstrongyregion.com.ar\/diario\/wp-json\/wp\/v2\/categories?post=37108"},{"taxonomy":"post_tag","embeddable":true,"href":"https:\/\/armstrongyregion.com.ar\/diario\/wp-json\/wp\/v2\/tags?post=37108"}],"curies":[{"name":"wp","href":"https:\/\/api.w.org\/{rel}","templated":true}]}}