{"id":37093,"date":"2023-01-10T00:14:48","date_gmt":"2023-01-10T00:14:48","guid":{"rendered":"https:\/\/armstrongyregion.com.ar\/diario\/?p=37093"},"modified":"2023-01-10T00:14:53","modified_gmt":"2023-01-10T00:14:53","slug":"concejales-de-renovacion-por-armstrong-entregaron-aportes-a-instituciones","status":"publish","type":"post","link":"https:\/\/armstrongyregion.com.ar\/diario\/concejales-de-renovacion-por-armstrong-entregaron-aportes-a-instituciones\/","title":{"rendered":"Concejales de Renovaci\u00f3n por Armstrong entregaron aportes a instituciones."},"content":{"rendered":"\n<figure class=\"wp-block-image size-full\"><a href=\"http:\/\/armstrongyregion.com.ar\/diario\/wp-content\/uploads\/2023\/01\/APORTES-1-ENERO23-.jpg\"><img loading=\"lazy\" decoding=\"async\" width=\"400\" height=\"357\" src=\"http:\/\/armstrongyregion.com.ar\/diario\/wp-content\/uploads\/2023\/01\/APORTES-1-ENERO23-.jpg\" alt=\"\" class=\"wp-image-37094\" srcset=\"https:\/\/armstrongyregion.com.ar\/diario\/wp-content\/uploads\/2023\/01\/APORTES-1-ENERO23-.jpg 400w, https:\/\/armstrongyregion.com.ar\/diario\/wp-content\/uploads\/2023\/01\/APORTES-1-ENERO23--300x268.jpg 300w\" sizes=\"auto, (max-width: 400px) 100vw, 400px\" \/><\/a><\/figure>\n\n\n\n<p>Los Concejales de Renovaci\u00f3n por Armstrong Emiliano Gramigna y Jes\u00fas Urquia entregaron aportes a la Fundaci\u00f3n Bemba Colora para colaborar en su campa\u00f1a para la adquisici\u00f3n y compra de\u00a0 aire acondicionado para su espacio de trabajo \u201cVilla Agustina\u201d.<\/p>\n\n\n\n<figure class=\"wp-block-image size-full\"><a href=\"http:\/\/armstrongyregion.com.ar\/diario\/wp-content\/uploads\/2023\/01\/aportes-2-enero23.jpg\"><img loading=\"lazy\" decoding=\"async\" width=\"388\" height=\"400\" src=\"http:\/\/armstrongyregion.com.ar\/diario\/wp-content\/uploads\/2023\/01\/aportes-2-enero23.jpg\" alt=\"\" class=\"wp-image-37095\" srcset=\"https:\/\/armstrongyregion.com.ar\/diario\/wp-content\/uploads\/2023\/01\/aportes-2-enero23.jpg 388w, https:\/\/armstrongyregion.com.ar\/diario\/wp-content\/uploads\/2023\/01\/aportes-2-enero23-291x300.jpg 291w\" sizes=\"auto, (max-width: 388px) 100vw, 388px\" \/><\/a><\/figure>\n\n\n\n<p>Adem\u00e1s entregaron un aporte a las organizadoras del Primer Triatl\u00f3n Recreativo Armstrong 2023 con la finalidad de colaborar para la provisi\u00f3n de los insumos necesarios para llevar adelante el evento.<\/p>\n\n\n\n<p>En charla con los Concejales expresaron, \u201ccomo lo hacemos desde siempre estamos cerca de las instituciones y organizadores de eventos para nuestra Ciudad no solo colaborando con aportes sino tambi\u00e9n facilitando herramientas de gesti\u00f3n\u201d.<\/p>\n","protected":false},"excerpt":{"rendered":"<p>Los Concejales de Renovaci\u00f3n por Armstrong Emiliano Gramigna y Jes\u00fas Urquia entregaron aportes a la Fundaci\u00f3n Bemba Colora para colaborar en su campa\u00f1a para la adquisici\u00f3n y compra de\u00a0 aire acondicionado para su espacio de trabajo \u201cVilla Agustina\u201d. Adem\u00e1s entregaron un aporte a las organizadoras del Primer Triatl\u00f3n Recreativo Armstrong 2023 con la finalidad de <a href=\"https:\/\/armstrongyregion.com.ar\/diario\/concejales-de-renovacion-por-armstrong-entregaron-aportes-a-instituciones\/\" title=\"Read more\" >&#8230;<\/a><\/p>\n","protected":false},"author":1,"featured_media":37094,"comment_status":"open","ping_status":"open","sticky":false,"template":"","format":"image","meta":{"_jetpack_memberships_contains_paid_content":false,"footnotes":"","jetpack_publicize_message":"","jetpack_publicize_feature_enabled":true,"jetpack_social_post_already_shared":true,"jetpack_social_options":{"image_generator_settings":{"template":"highway","default_image_id":0,"enabled":false},"version":2}},"categories":[8,1,2,7],"tags":[33,116,20,8830,3729,8593,60],"class_list":["post-37093","post","type-post","status-publish","format-image","has-post-thumbnail","hentry","category-deliberando","category-diario-armstrong","category-locales","category-politica","tag-a","tag-aportes","tag-armstrong","tag-concejales-2","tag-hicieron","tag-instituciones-2","tag-por","post_format-post-format-image"],"jetpack_publicize_connections":[],"jetpack_featured_media_url":"https:\/\/armstrongyregion.com.ar\/diario\/wp-content\/uploads\/2023\/01\/APORTES-1-ENERO23-.jpg","jetpack_shortlink":"https:\/\/wp.me\/p62QDO-9Eh","jetpack_sharing_enabled":true,"amp_enabled":true,"_links":{"self":[{"href":"https:\/\/armstrongyregion.com.ar\/diario\/wp-json\/wp\/v2\/posts\/37093","targetHints":{"allow":["GET"]}}],"collection":[{"href":"https:\/\/armstrongyregion.com.ar\/diario\/wp-json\/wp\/v2\/posts"}],"about":[{"href":"https:\/\/armstrongyregion.com.ar\/diario\/wp-json\/wp\/v2\/types\/post"}],"author":[{"embeddable":true,"href":"https:\/\/armstrongyregion.com.ar\/diario\/wp-json\/wp\/v2\/users\/1"}],"replies":[{"embeddable":true,"href":"https:\/\/armstrongyregion.com.ar\/diario\/wp-json\/wp\/v2\/comments?post=37093"}],"version-history":[{"count":1,"href":"https:\/\/armstrongyregion.com.ar\/diario\/wp-json\/wp\/v2\/posts\/37093\/revisions"}],"predecessor-version":[{"id":37096,"href":"https:\/\/armstrongyregion.com.ar\/diario\/wp-json\/wp\/v2\/posts\/37093\/revisions\/37096"}],"wp:featuredmedia":[{"embeddable":true,"href":"https:\/\/armstrongyregion.com.ar\/diario\/wp-json\/wp\/v2\/media\/37094"}],"wp:attachment":[{"href":"https:\/\/armstrongyregion.com.ar\/diario\/wp-json\/wp\/v2\/media?parent=37093"}],"wp:term":[{"taxonomy":"category","embeddable":true,"href":"https:\/\/armstrongyregion.com.ar\/diario\/wp-json\/wp\/v2\/categories?post=37093"},{"taxonomy":"post_tag","embeddable":true,"href":"https:\/\/armstrongyregion.com.ar\/diario\/wp-json\/wp\/v2\/tags?post=37093"}],"curies":[{"name":"wp","href":"https:\/\/api.w.org\/{rel}","templated":true}]}}