{"id":37086,"date":"2023-01-09T15:15:39","date_gmt":"2023-01-09T15:15:39","guid":{"rendered":"https:\/\/armstrongyregion.com.ar\/diario\/?p=37086"},"modified":"2023-01-09T15:15:43","modified_gmt":"2023-01-09T15:15:43","slug":"accidente-fatal-en-canada-de-gomez","status":"publish","type":"post","link":"https:\/\/armstrongyregion.com.ar\/diario\/accidente-fatal-en-canada-de-gomez\/","title":{"rendered":"Accidente fatal en Ca\u00f1ada de G\u00f3mez."},"content":{"rendered":"\n<figure class=\"wp-block-image size-full\"><a href=\"http:\/\/armstrongyregion.com.ar\/diario\/wp-content\/uploads\/2023\/01\/auto-321-.jpeg\"><img loading=\"lazy\" decoding=\"async\" width=\"460\" height=\"345\" src=\"http:\/\/armstrongyregion.com.ar\/diario\/wp-content\/uploads\/2023\/01\/auto-321-.jpeg\" alt=\"\" class=\"wp-image-37087\" srcset=\"https:\/\/armstrongyregion.com.ar\/diario\/wp-content\/uploads\/2023\/01\/auto-321-.jpeg 460w, https:\/\/armstrongyregion.com.ar\/diario\/wp-content\/uploads\/2023\/01\/auto-321--300x225.jpeg 300w\" sizes=\"auto, (max-width: 460px) 100vw, 460px\" \/><\/a><\/figure>\n\n\n\n<p>El hecho ocurri\u00f3 alrededor de las 0:50, en Ruta 9 km 383.5 aproximadamente, en donde por razones que se tratan de establecer,entraron en colisi\u00f3n una moto y un auto.<\/p>\n\n\n\n<figure class=\"wp-block-image size-full\"><a href=\"http:\/\/armstrongyregion.com.ar\/diario\/wp-content\/uploads\/2023\/01\/accidente-moto-321-.jpeg\"><img loading=\"lazy\" decoding=\"async\" width=\"460\" height=\"345\" src=\"http:\/\/armstrongyregion.com.ar\/diario\/wp-content\/uploads\/2023\/01\/accidente-moto-321-.jpeg\" alt=\"\" class=\"wp-image-37088\" srcset=\"https:\/\/armstrongyregion.com.ar\/diario\/wp-content\/uploads\/2023\/01\/accidente-moto-321-.jpeg 460w, https:\/\/armstrongyregion.com.ar\/diario\/wp-content\/uploads\/2023\/01\/accidente-moto-321--300x225.jpeg 300w\" sizes=\"auto, (max-width: 460px) 100vw, 460px\" \/><\/a><\/figure>\n\n\n\n<p>Como consecuencias, un masculino de 42 a\u00f1os, de apellido Vivani, oriundo de la ciudad de Ca\u00f1ada de G\u00f3mez, quien se conduc\u00eda en moto, falleci\u00f3.<\/p>\n\n\n\n<p>El conductor del auto que es oriundo de Las Parejas, habr\u00eda resultado con trautamismo de cr\u00e1neo, siendo trasladado al hospital por el servicio 107. La acompa\u00f1ante no habr\u00eda resultado con lesiones en principio.<\/p>\n\n\n\n<p>Bomberos y Polic\u00eda, actuaron en el lugar. A la espera de Informaci\u00f3n oficial.<\/p>\n\n\n\n<p>Fuente: Diario Ca\u00f1ada-<\/p>\n","protected":false},"excerpt":{"rendered":"<p>El hecho ocurri\u00f3 alrededor de las 0:50, en Ruta 9 km 383.5 aproximadamente, en donde por razones que se tratan de establecer,entraron en colisi\u00f3n una moto y un auto. Como consecuencias, un masculino de 42 a\u00f1os, de apellido Vivani, oriundo de la ciudad de Ca\u00f1ada de G\u00f3mez, quien se conduc\u00eda en moto, falleci\u00f3. El conductor <a href=\"https:\/\/armstrongyregion.com.ar\/diario\/accidente-fatal-en-canada-de-gomez\/\" title=\"Read more\" >&#8230;<\/a><\/p>\n","protected":false},"author":1,"featured_media":37087,"comment_status":"open","ping_status":"open","sticky":false,"template":"","format":"image","meta":{"_jetpack_memberships_contains_paid_content":false,"footnotes":"","jetpack_publicize_message":"","jetpack_publicize_feature_enabled":true,"jetpack_social_post_already_shared":true,"jetpack_social_options":{"image_generator_settings":{"template":"highway","default_image_id":0,"enabled":false},"version":2}},"categories":[8,1,2852,3],"tags":[694,163,19,15,695,164],"class_list":["post-37086","post","type-post","status-publish","format-image","has-post-thumbnail","hentry","category-deliberando","category-diario-armstrong","category-policiales","category-region","tag-accidente","tag-canada","tag-de","tag-en","tag-fatal","tag-gomez","post_format-post-format-image"],"jetpack_publicize_connections":[],"jetpack_featured_media_url":"https:\/\/armstrongyregion.com.ar\/diario\/wp-content\/uploads\/2023\/01\/auto-321-.jpeg","jetpack_shortlink":"https:\/\/wp.me\/p62QDO-9Ea","jetpack_sharing_enabled":true,"amp_enabled":true,"_links":{"self":[{"href":"https:\/\/armstrongyregion.com.ar\/diario\/wp-json\/wp\/v2\/posts\/37086","targetHints":{"allow":["GET"]}}],"collection":[{"href":"https:\/\/armstrongyregion.com.ar\/diario\/wp-json\/wp\/v2\/posts"}],"about":[{"href":"https:\/\/armstrongyregion.com.ar\/diario\/wp-json\/wp\/v2\/types\/post"}],"author":[{"embeddable":true,"href":"https:\/\/armstrongyregion.com.ar\/diario\/wp-json\/wp\/v2\/users\/1"}],"replies":[{"embeddable":true,"href":"https:\/\/armstrongyregion.com.ar\/diario\/wp-json\/wp\/v2\/comments?post=37086"}],"version-history":[{"count":1,"href":"https:\/\/armstrongyregion.com.ar\/diario\/wp-json\/wp\/v2\/posts\/37086\/revisions"}],"predecessor-version":[{"id":37089,"href":"https:\/\/armstrongyregion.com.ar\/diario\/wp-json\/wp\/v2\/posts\/37086\/revisions\/37089"}],"wp:featuredmedia":[{"embeddable":true,"href":"https:\/\/armstrongyregion.com.ar\/diario\/wp-json\/wp\/v2\/media\/37087"}],"wp:attachment":[{"href":"https:\/\/armstrongyregion.com.ar\/diario\/wp-json\/wp\/v2\/media?parent=37086"}],"wp:term":[{"taxonomy":"category","embeddable":true,"href":"https:\/\/armstrongyregion.com.ar\/diario\/wp-json\/wp\/v2\/categories?post=37086"},{"taxonomy":"post_tag","embeddable":true,"href":"https:\/\/armstrongyregion.com.ar\/diario\/wp-json\/wp\/v2\/tags?post=37086"}],"curies":[{"name":"wp","href":"https:\/\/api.w.org\/{rel}","templated":true}]}}