{"id":37080,"date":"2023-01-09T14:35:46","date_gmt":"2023-01-09T14:35:46","guid":{"rendered":"https:\/\/armstrongyregion.com.ar\/diario\/?p=37080"},"modified":"2023-01-09T14:35:51","modified_gmt":"2023-01-09T14:35:51","slug":"armstrong-informe-area-de-orden-publico-09-01-2023","status":"publish","type":"post","link":"https:\/\/armstrongyregion.com.ar\/diario\/armstrong-informe-area-de-orden-publico-09-01-2023\/","title":{"rendered":"Armstrong. Informe \u00c1rea de Orden P\u00fablico 09\/01\/2023."},"content":{"rendered":"\n<figure class=\"wp-block-image size-full\"><a href=\"http:\/\/armstrongyregion.com.ar\/diario\/wp-content\/uploads\/2023\/01\/orden-p-b-.jpg\"><img loading=\"lazy\" decoding=\"async\" width=\"400\" height=\"300\" src=\"http:\/\/armstrongyregion.com.ar\/diario\/wp-content\/uploads\/2023\/01\/orden-p-b-.jpg\" alt=\"\" class=\"wp-image-37081\" srcset=\"https:\/\/armstrongyregion.com.ar\/diario\/wp-content\/uploads\/2023\/01\/orden-p-b-.jpg 400w, https:\/\/armstrongyregion.com.ar\/diario\/wp-content\/uploads\/2023\/01\/orden-p-b--300x225.jpg 300w\" sizes=\"auto, (max-width: 400px) 100vw, 400px\" \/><\/a><\/figure>\n\n\n\n<p>El \u00c1rea de Orden P\u00fablico de la Municipalidad de Armstrong inform\u00f3 que en el transcurso de la \u00faltima semana se realizaron recorridos en coordinaci\u00f3n con Polic\u00eda y central de monitoreo para acciones de prevenci\u00f3n de faltas y delitos, con presencia efectiva en barrio FoNaVi Sur.<\/p>\n\n\n\n<figure class=\"wp-block-image size-full\"><a href=\"http:\/\/armstrongyregion.com.ar\/diario\/wp-content\/uploads\/2023\/01\/orden-publico-1-a.jpg\"><img loading=\"lazy\" decoding=\"async\" width=\"422\" height=\"301\" src=\"http:\/\/armstrongyregion.com.ar\/diario\/wp-content\/uploads\/2023\/01\/orden-publico-1-a.jpg\" alt=\"\" class=\"wp-image-37082\" srcset=\"https:\/\/armstrongyregion.com.ar\/diario\/wp-content\/uploads\/2023\/01\/orden-publico-1-a.jpg 422w, https:\/\/armstrongyregion.com.ar\/diario\/wp-content\/uploads\/2023\/01\/orden-publico-1-a-300x214.jpg 300w\" sizes=\"auto, (max-width: 422px) 100vw, 422px\" \/><\/a><\/figure>\n\n\n\n<p><\/p>\n\n\n\n<p>Asimismo, el d\u00eda mi\u00e9rcoles 04 de enero, en la intersecci\u00f3n de Ruta Nacional N\u00b0 9 y Paraguay se realiz\u00f3 un operativo de control en conjunto con la Agencia Provincial de Seguridad Vial, Polic\u00eda de Seguridad Vial y Comisar\u00eda Tercera consistente en alcoholemias, fiscalizaci\u00f3n de documentaci\u00f3n obligatoria para circular, excesos de pasajeros, uso de dispositivos de seguridad, etc.<\/p>\n\n\n\n<figure class=\"wp-block-image size-full\"><a href=\"http:\/\/armstrongyregion.com.ar\/diario\/wp-content\/uploads\/2023\/01\/informe-orden-publico.jpg\"><img loading=\"lazy\" decoding=\"async\" width=\"405\" height=\"406\" src=\"http:\/\/armstrongyregion.com.ar\/diario\/wp-content\/uploads\/2023\/01\/informe-orden-publico.jpg\" alt=\"\" class=\"wp-image-37084\" srcset=\"https:\/\/armstrongyregion.com.ar\/diario\/wp-content\/uploads\/2023\/01\/informe-orden-publico.jpg 405w, https:\/\/armstrongyregion.com.ar\/diario\/wp-content\/uploads\/2023\/01\/informe-orden-publico-300x300.jpg 300w, https:\/\/armstrongyregion.com.ar\/diario\/wp-content\/uploads\/2023\/01\/informe-orden-publico-150x150.jpg 150w\" sizes=\"auto, (max-width: 405px) 100vw, 405px\" \/><\/a><\/figure>\n\n\n\n<p>Resultado del mismo: 1 infracci\u00f3n por licencia habilitante para conducir vencida con retenci\u00f3n y secuestro del autom\u00f3vil, 1 infracci\u00f3n por transporte de mercader\u00eda en veh\u00edculo no autorizado.<\/p>\n\n\n\n<p>El d\u00eda jueves 05, inspectores de tr\u00e1nsito advierten un veh\u00edculo Peugeot 206 realizando maniobras peligrosas y circulando en contra mano en la zona urbana. Es interceptado y se advierte al conductor con aliento et\u00edlico y evidente estado de ebriedad. Con presencia policial se le consulta si se iba a someter al test de alcoholemia y se niega expresamente firmando el acta de infracci\u00f3n. El autom\u00f3vil es secuestrado. Interviene el Juzgado de Faltas.<\/p>\n\n\n\n<p>Se prest\u00f3 colaboraci\u00f3n en el accidente del vuelco de un cami\u00f3n en autopista C\u00f3rdoba-Rosario, y en la realizaci\u00f3n del triatl\u00f3n recreativo realizado el d\u00eda domingo 8.<\/p>\n","protected":false},"excerpt":{"rendered":"<p>El \u00c1rea de Orden P\u00fablico de la Municipalidad de Armstrong inform\u00f3 que en el transcurso de la \u00faltima semana se realizaron recorridos en coordinaci\u00f3n con Polic\u00eda y central de monitoreo para acciones de prevenci\u00f3n de faltas y delitos, con presencia efectiva en barrio FoNaVi Sur. Asimismo, el d\u00eda mi\u00e9rcoles 04 de enero, en la intersecci\u00f3n <a href=\"https:\/\/armstrongyregion.com.ar\/diario\/armstrong-informe-area-de-orden-publico-09-01-2023\/\" title=\"Read more\" >&#8230;<\/a><\/p>\n","protected":false},"author":1,"featured_media":37084,"comment_status":"open","ping_status":"open","sticky":false,"template":"","format":"image","meta":{"_jetpack_memberships_contains_paid_content":false,"footnotes":"","jetpack_publicize_message":"","jetpack_publicize_feature_enabled":true,"jetpack_social_post_already_shared":true,"jetpack_social_options":{"image_generator_settings":{"template":"highway","default_image_id":0,"enabled":false},"version":2}},"categories":[8,1,2,7,4],"tags":[20,8653,1570,8585],"class_list":["post-37080","post","type-post","status-publish","format-image","has-post-thumbnail","hentry","category-deliberando","category-diario-armstrong","category-locales","category-politica","category-prevencion-salud","tag-armstrong","tag-informe-2","tag-orden","tag-publico-2","post_format-post-format-image"],"jetpack_publicize_connections":[],"jetpack_featured_media_url":"https:\/\/armstrongyregion.com.ar\/diario\/wp-content\/uploads\/2023\/01\/informe-orden-publico.jpg","jetpack_shortlink":"https:\/\/wp.me\/p62QDO-9E4","jetpack_sharing_enabled":true,"amp_enabled":true,"_links":{"self":[{"href":"https:\/\/armstrongyregion.com.ar\/diario\/wp-json\/wp\/v2\/posts\/37080","targetHints":{"allow":["GET"]}}],"collection":[{"href":"https:\/\/armstrongyregion.com.ar\/diario\/wp-json\/wp\/v2\/posts"}],"about":[{"href":"https:\/\/armstrongyregion.com.ar\/diario\/wp-json\/wp\/v2\/types\/post"}],"author":[{"embeddable":true,"href":"https:\/\/armstrongyregion.com.ar\/diario\/wp-json\/wp\/v2\/users\/1"}],"replies":[{"embeddable":true,"href":"https:\/\/armstrongyregion.com.ar\/diario\/wp-json\/wp\/v2\/comments?post=37080"}],"version-history":[{"count":1,"href":"https:\/\/armstrongyregion.com.ar\/diario\/wp-json\/wp\/v2\/posts\/37080\/revisions"}],"predecessor-version":[{"id":37085,"href":"https:\/\/armstrongyregion.com.ar\/diario\/wp-json\/wp\/v2\/posts\/37080\/revisions\/37085"}],"wp:featuredmedia":[{"embeddable":true,"href":"https:\/\/armstrongyregion.com.ar\/diario\/wp-json\/wp\/v2\/media\/37084"}],"wp:attachment":[{"href":"https:\/\/armstrongyregion.com.ar\/diario\/wp-json\/wp\/v2\/media?parent=37080"}],"wp:term":[{"taxonomy":"category","embeddable":true,"href":"https:\/\/armstrongyregion.com.ar\/diario\/wp-json\/wp\/v2\/categories?post=37080"},{"taxonomy":"post_tag","embeddable":true,"href":"https:\/\/armstrongyregion.com.ar\/diario\/wp-json\/wp\/v2\/tags?post=37080"}],"curies":[{"name":"wp","href":"https:\/\/api.w.org\/{rel}","templated":true}]}}