{"id":37069,"date":"2023-01-09T12:27:10","date_gmt":"2023-01-09T12:27:10","guid":{"rendered":"https:\/\/armstrongyregion.com.ar\/diario\/?p=37069"},"modified":"2023-01-09T12:27:16","modified_gmt":"2023-01-09T12:27:16","slug":"las-ventas-minoristas-pyme-subieron-27-anual-en-diciembre","status":"publish","type":"post","link":"https:\/\/armstrongyregion.com.ar\/diario\/las-ventas-minoristas-pyme-subieron-27-anual-en-diciembre\/","title":{"rendered":"Las ventas minoristas pyme subieron 2,7% anual en diciembre."},"content":{"rendered":"\n<figure class=\"wp-block-image size-large\"><a href=\"http:\/\/armstrongyregion.com.ar\/diario\/wp-content\/uploads\/2023\/01\/ventas-reyes-.jpg\"><img loading=\"lazy\" decoding=\"async\" width=\"1024\" height=\"576\" src=\"http:\/\/armstrongyregion.com.ar\/diario\/wp-content\/uploads\/2023\/01\/ventas-reyes--1024x576.jpg\" alt=\"\" class=\"wp-image-37070\" srcset=\"https:\/\/armstrongyregion.com.ar\/diario\/wp-content\/uploads\/2023\/01\/ventas-reyes--1024x576.jpg 1024w, https:\/\/armstrongyregion.com.ar\/diario\/wp-content\/uploads\/2023\/01\/ventas-reyes--300x169.jpg 300w, https:\/\/armstrongyregion.com.ar\/diario\/wp-content\/uploads\/2023\/01\/ventas-reyes--768x432.jpg 768w, https:\/\/armstrongyregion.com.ar\/diario\/wp-content\/uploads\/2023\/01\/ventas-reyes-.jpg 1280w\" sizes=\"auto, (max-width: 1024px) 100vw, 1024px\" \/><\/a><\/figure>\n\n\n\n<p>En diciembre de 2022, las ventas minoristas pymes subieron un 2,7% en la comparaci\u00f3n interanual a precios constantes, rompiendo una racha de cinco meses consecutivos en baja.<br>Con la excepci\u00f3n de Textil e Indumentaria, todos los rubros medidos crecieron en diciembre en la comparaci\u00f3n anual, impulsados por las fiestas, reuniones y encuentros que suelen realizarse durante este mes. Adem\u00e1s, los acuerdos sectoriales permitieron darles cierta tranquilidad y previsibilidad a los comercios. Una evoluci\u00f3n de precios relativamente contenida aliment\u00f3 este incremento de ventas registrado en diciembre.<br>Con ese resultado, la evoluci\u00f3n de las ventas minoristas pymes cerr\u00f3 con un crecimiento de 1,4% frente a 2021. En esta comparaci\u00f3n, Textil e Indumentaria fue el \u00fanico sector que contabiliz\u00f3 una ca\u00edda, que fue del orden del 8,5%. Los dem\u00e1s sectores presentaron aumentos. El m\u00e1s importante fue en Farmacia y perfumer\u00eda, 7,8%; Ferreter\u00eda, materiales el\u00e9ctricos y de la construcci\u00f3n, 3,2%; y Alimentos y bebidas, 2,9%. Este dinamismo moderado se explica, en parte, por los registros del primer semestre del a\u00f1o y por el impulso del fin de a\u00f1o ya comentado.<br>As\u00ed surge del \u00cdndice de Ventas Minoristas Pymes de la Confederaci\u00f3n Argentina de la Mediana Empresa (CAME), elaborado en base a su relevamiento mensual entre 1.143 comercios minoristas de todo el pa\u00eds, realizado entre el 2 y 5 de diciembre.<\/p>\n\n\n\n<p><img loading=\"lazy\" decoding=\"async\" height=\"269\" src=\"https:\/\/ci4.googleusercontent.com\/proxy\/XzeFyHT3rusn8Qzt9h-RacKtsZCuBh7ibtA927Oz_RnV1CTei8N3KK0gBJDv7BMgd3lzr2k00gUDniYxVIWDgt03Ox1i56HNbiGsASc4PAAr_8L3oMQVx4_COOnFs0AZU5lHW6Tw6jH04vrJiEWXHQAH5ESe5Y0gvCcWKeZSDEzzw9z2osb7UB6JUOdPP_gjL95rtA=s0-d-e1-ft#https:\/\/mailprensa.came.org.ar\/data\/1899c60d3e88c767f20949a98d5003460b14bf85\/media_files\/101\/original\/image-20230107212913-2.png\" width=\"601\"><br><br><strong>An\u00e1lisis sectorial<\/strong><\/p>\n\n\n\n<p>Farmacia y Perfumer\u00eda volvi\u00f3 a ser el rubro de mayor tasa de variaci\u00f3n anual en diciembre (+15,7%), mientras que Indumentaria y Textil continu\u00f3 registrando ca\u00eddas significativas (-9,3% anual). Estos mismos comportamientos se observan al realizar la comparaci\u00f3n respecto del a\u00f1o completo.<\/p>\n\n\n\n<figure class=\"wp-block-image\"><img decoding=\"async\" src=\"https:\/\/ci6.googleusercontent.com\/proxy\/iTAt-dFSWEnmydR3hBEkzBF_3JNWalSGDnNdI56xWtAYUkUZBCZ1aN_Im_UXNWUz06uA5OB-ySFkCt5sh-hxZLwTpTdfhSFrFfRArPxloseMkWksVoYCsn4rsfgjwQceQsopoav5QO61GoGJsAtTFFVsKSNL3SOQr0bJOhKFS2ouYcEuokYFPRRPnFxBatGyQ6V_9w=s0-d-e1-ft#https:\/\/mailprensa.came.org.ar\/data\/1899c60d3e88c767f20949a98d5003460b14bf85\/media_files\/102\/original\/image-20230107212913-3.png\" alt=\"\"\/><\/figure>\n\n\n\n<figure class=\"wp-block-image\"><img decoding=\"async\" src=\"https:\/\/ci6.googleusercontent.com\/proxy\/20yc7eVCEGfcmWSG5i1A4fNDQUKfelxr8lsu0E3iFuDMhUomEod4UZ_hZ5QRQdtuPyvq2rv0Urgsvf2QmnVmT306mZXB-OVQfJHXaDH2pNWdyDkKAqKZjiw36iIEtt9fQrrR18ExLEBTfOR9EqEAGF-CQTlxntSEvzHjB-th8eCZKNDwQRHsZUyL3Y5-Bl8uUYcNyQ=s0-d-e1-ft#https:\/\/mailprensa.came.org.ar\/data\/1899c60d3e88c767f20949a98d5003460b14bf85\/media_files\/103\/original\/image-20230107212913-4.png\" alt=\"\"\/><\/figure>\n\n\n\n<p><strong>1)&nbsp;&nbsp;&nbsp;&nbsp;&nbsp;&nbsp;&nbsp; Alimentos y bebidas:<\/strong><br>Las ventas crecieron 3,6% anual en diciembre, 4,9% frente a noviembre y cerraron 2022 con un aumento de 2,9%. Los comercios destacaron que en el \u00faltimo mes del a\u00f1o se vendi\u00f3 bien, no hubo problemas de abastecimiento y se observ\u00f3 que la gente estuvo con \u00e1nimo festivo. Para los primeros dos meses de 2023, el 69% de los empresarios consultados espera que las ventas se mantengan o contin\u00faen creciendo.<br>\u201cDiciembre fue at\u00edpico por el Mundial, estuvimos cerrados durante los partidos. No nos fue mal, pero pudo ser mejor\u201d, explic\u00f3 la due\u00f1a de un comercio de productos org\u00e1nicos de San Fernando, en el Gran Buenos Aires.<br>\u201cPor las fiestas y el Mundial tuvimos pedidos grandes, m\u00e1s que en otros a\u00f1os\u201d, dijo el due\u00f1o de una panader\u00eda de la ciudad de C\u00f3rdoba.<\/p>\n\n\n\n<figure class=\"wp-block-image\"><img decoding=\"async\" src=\"https:\/\/ci5.googleusercontent.com\/proxy\/ZJW2dT7T6QIDjAFUjibJsizGAA-u-_za1wnt5N65NnXVvWSifYgzreNig9pwNMjg_7wgmVSuEB7picslS732DVdXD_t4MHT5mBqJ4WrRME4BWr9O-nxjPxZUPUHkaP_Sv7lEsBWHtptVcas9XGF7FSNW0cCdBosRWzch1alYdLIXAcsKJePiO_RcEAKUtx-Hhdcb_w=s0-d-e1-ft#https:\/\/mailprensa.came.org.ar\/data\/1899c60d3e88c767f20949a98d5003460b14bf85\/media_files\/104\/original\/image-20230107212913-5.png\" alt=\"\"\/><\/figure>\n\n\n\n<p><br><strong>2)&nbsp;&nbsp;&nbsp;&nbsp;&nbsp;&nbsp;&nbsp; Bazar, decoraci\u00f3n, textiles para el hogar y muebles.<\/strong><br>Las ventas en diciembre crecieron 4,7% anual, 7,6% en la comparaci\u00f3n mensual, y cerraron 2022 con un alza de 1,8%. Si bien el resultado fue positivo, los comercios destacaron que al ser un rubro m\u00e1s prescindible o postergable que otros, las ventas de este sector se vieron afectadas durante el a\u00f1o por la p\u00e9rdida de poder adquisitivo del salario frente a la inflaci\u00f3n.<br>\u201cDiciembre fue muy bueno por la promoci\u00f3n del Banco Provincia. Los comerciantes que entramos en esa promoci\u00f3n vendimos much\u00edsimo m\u00e1s que los que no. Hay muchos clientes que si no est\u00e1n los descuentos bancarios no compran\u201d, resumieron desde un local de la ciudad de Mar del Plata, en la Provincia de Buenos Aires.<br>\u201cLa gente tiene los bolsillos muy flacos. Hay pocas ventas, se vendi\u00f3 menos de lo esperado para esta \u00e9poca en nuestro rubro\u201d, dijo la propietaria de un negocio en San Salvador de Jujuy.<\/p>\n\n\n\n<figure class=\"wp-block-image\"><img decoding=\"async\" src=\"https:\/\/ci5.googleusercontent.com\/proxy\/lNS6g53p-MUarEMqr1puPToCH_WOdpAKBte6AG-9gFcI6QuugmyztDnrzY8laM_8WyxJe4gzZwYACFdHLxCsIgUeYcXNEBRckFqwohh9XcAygHCExbh7ZaDg6qVxed8ZPUHVvZVz1myh3wxprvcTgfYYnUFFlW6kfspbjIraDbCX-7JC8DhxU66dzmjhX0S2U-ivZQ=s0-d-e1-ft#https:\/\/mailprensa.came.org.ar\/data\/1899c60d3e88c767f20949a98d5003460b14bf85\/media_files\/105\/original\/image-20230107212913-6.png\" alt=\"\"\/><\/figure>\n\n\n\n<p><br><strong>3)&nbsp;&nbsp;&nbsp;&nbsp;&nbsp;&nbsp;&nbsp; Calzado y marroquiner\u00eda<\/strong><br>Las ventas crecieron un 1,6% anual, un 7,4% en la comparaci\u00f3n mensual, y finalizaron el a\u00f1o con un alza de 1,6%. No fue un sector muy favorecido por las celebraciones de la obtenci\u00f3n del Mundial de f\u00fatbol. Por el contrario, dicho evento deportivo limit\u00f3 los d\u00edas de venta y el tiempo dedicado a estas compras por parte de los consumidores.<br>\u201cEl Mundial fren\u00f3 mucho las ventas. En diciembre suelen ser mejores. Reci\u00e9n sobre fin de mes se recuperaron, pero el mes termin\u00f3 siendo bajo\u201d, dijo un empresario de Rosario, en la Provincia de Santa Fe.<br>\u201cNo se vendi\u00f3 como esperaba, salieron productos de montos chicos, pero igual fue mejor que el a\u00f1o pasado\u201d, explic\u00f3 la encargada de un comercio de la ciudad de Salta.<\/p>\n\n\n\n<figure class=\"wp-block-image\"><img decoding=\"async\" src=\"https:\/\/ci5.googleusercontent.com\/proxy\/SafZX4VxUFEYbNWt3EFdjLZ9mH8Fmaf7pJE26J_owxUkdGWi63Ke41A5AX0NTai1usUJCjUd5w0ZJ_b94cG7N3qnGd6klJJEmqvNnzA6HSBTr2E0In96SeUirs9mf7dEkg8iWp3ulRhtfKVohfdgRw9wac_02o1XWmpl2Q-CIu_1ElgVjf5TZq8hV9Ce4GUVgHh11Q=s0-d-e1-ft#https:\/\/mailprensa.came.org.ar\/data\/1899c60d3e88c767f20949a98d5003460b14bf85\/media_files\/106\/original\/image-20230107212913-7.png\" alt=\"\"\/><\/figure>\n\n\n\n<p><br><strong>4)&nbsp;&nbsp;&nbsp;&nbsp;&nbsp;&nbsp;&nbsp; Farmacia y perfumer\u00eda<\/strong><br>Las ventas crecieron 15,7% frente a diciembre de 2021, un 6,2% frente a noviembre, y finalizaron el a\u00f1o con un alza de 7,8%. Fue el sector m\u00e1s din\u00e1mico del 2022. Adem\u00e1s, se vendi\u00f3 bien durante todo el mes, especialmente en las farmacias. Las perfumer\u00edas tuvieron un buen cierre de a\u00f1o porque este rubro se ubica como una buena opci\u00f3n por la variedad de precios, aunque hay cierta preocupaci\u00f3n por las ventas en el pr\u00f3ximo bimestre.<br>\u201cVendimos bien, pero con el aumento del d\u00f3lar hubo modificaciones en la lista de precios, y eso afect\u00f3 la utilidad\u201d, se\u00f1al\u00f3 el propietario de una farmacia y perfumer\u00eda de la Ciudad de Buenos Aires.<br>\u201cLas ventas disminuir\u00e1n los pr\u00f3ximos meses, debido a que en verano siempre disminuyen las ventas\u201d, dijeron con preocupaci\u00f3n desde una farmacia en la ciudad de C\u00f3rdoba.<\/p>\n\n\n\n<figure class=\"wp-block-image\"><img decoding=\"async\" src=\"https:\/\/ci3.googleusercontent.com\/proxy\/QidmxTynVlvX5eLVD7HPD9vknZOhUx4o5xPRUajQCOOHbTo9B76smE3KsjywhgHKRp7g9aGJ43-ElNEMZcwCr5PPH6WfL4Y4YbxzAOsg1j_L_DYRXAoP3s8DGrh-Gw36d2p5c64G4c6HMMv3jgQ9KCcA5l3ozi-xgMwXmORf0IVwPSwRAItW9R5Ab3fAcqPUo5zEhw=s0-d-e1-ft#https:\/\/mailprensa.came.org.ar\/data\/1899c60d3e88c767f20949a98d5003460b14bf85\/media_files\/107\/original\/image-20230107212913-8.png\" alt=\"\"\/><\/figure>\n\n\n\n<p><br><strong>5)&nbsp;&nbsp;&nbsp;&nbsp;&nbsp;&nbsp;&nbsp; Ferreter\u00eda, materiales el\u00e9ctricos y materiales de la construcci\u00f3n.<\/strong><br>Las ventas crecieron 3,2% anual en diciembre, pero cayeron 8,5% frente a noviembre. En el a\u00f1o finalizaron con un aumento de 3,8%. Fue el \u00fanico rubro donde se informaron faltantes de mercader\u00eda o demoras en las entregas. Si bien fue uno de los sectores afectados por la suba de precios, este sector se ubic\u00f3 como el de segundo mejor desempe\u00f1o de 2022.<br>\u00abEstamos notando que nuestros clientes m\u00e1s fuertes, constructoras privadas y provinciales, no trabajaron en el mes. A su vez, los clientes m\u00e1s \u2018caseros\u2019 no quieren gastar tanto dinero en reformar sus casas, ya que los costos cada vez son m\u00e1s insostenibles\u00bb, explicaron desde una ferreter\u00eda industrial de la ciudad de Santa Fe.<br>\u201cLa gente destin\u00f3 m\u00e1s al consumo en vacaciones y menos a refacciones o construcci\u00f3n que otros a\u00f1os. No nos fue como esper\u00e1bamos, terminamos apenas arriba del a\u00f1o pasado\u201d, se\u00f1alaron desde Mor\u00f3n, en el Gran Buenos Aires.<\/p>\n\n\n\n<figure class=\"wp-block-image\"><img decoding=\"async\" src=\"https:\/\/ci4.googleusercontent.com\/proxy\/BXFD_824wfMgPmuh-iVCItSwHA3dtjlfeF4oRi10WEkH2X8z__ZKROxDMeOk0dyJtM-nBBi0YrQRdX4q_bHFXV2w7Bebs1YySmA76zALNZuArsTq5nFTvGGjuxz2cMBu30yworRZb9wh-8qGkrk47wcoW7BnypUTmmCMKE7nzasMGZtz2UHCGxmz3L20wJ1u4F3F_Q=s0-d-e1-ft#https:\/\/mailprensa.came.org.ar\/data\/1899c60d3e88c767f20949a98d5003460b14bf85\/media_files\/108\/original\/image-20230107212913-9.png\" alt=\"\"\/><\/figure>\n\n\n\n<p><br><strong>6)&nbsp;&nbsp;&nbsp;&nbsp;&nbsp;&nbsp;&nbsp; Textil e indumentaria<\/strong><br>Las ventas bajaron 9,3% anual en diciembre, pero subieron 10,8% mensual. El a\u00f1o cerr\u00f3 con una retracci\u00f3n de 8,5%. El rubro se vio muy afectado durante todo 2022 por diversos factores. Los ajustes de precios, que hicieron dif\u00edcil a las familias mantener el consumo en este rubro, y el crecimiento de la venta informal, con m\u00e1s demanda de lo habitual, fueron algunas de las problem\u00e1ticas que perjudicaron al sector.<br>\u201cFue buena la venta de diciembre con respecto a noviembre, pero cerramos el a\u00f1o vendiendo 10% menos en unidades que en 2021, y eso no me gusta para nada\u201d, dijo la due\u00f1a de un comercio de indumentaria de la ciudad de Alvear, en Mendoza.<br>\u201cLas ventas siempre aumentan en noviembre y diciembre, pero cuando comparamos con los mismos meses del a\u00f1o pasado todo el aumento fue por precios, no por mayores ventas. Para enero, febrero y marzo lo vemos dif\u00edcil\u201d, explic\u00f3 la due\u00f1a de un local en la ciudad de Paran\u00e1, Entre R\u00edos.<\/p>\n\n\n\n<figure class=\"wp-block-image\"><img decoding=\"async\" src=\"https:\/\/ci6.googleusercontent.com\/proxy\/JvOBmUZ5BKUktayHAWwS6unROciXwExQK-n-RKEvZCjj355eYkkOalyWGwrF3c8Bnsc39x57dep0pwFTj16Zge3lxVsTrNZfQKKW8-DCifE_vYd3KOGyAf99mIHPCfkvnIclZVnO8hrCkt4cGqYoYy0ynWxZtJQYt6fCA1ogQd8xz8nsvNJ-jBJwIyetJcpiNy_6lzg=s0-d-e1-ft#https:\/\/mailprensa.came.org.ar\/data\/1899c60d3e88c767f20949a98d5003460b14bf85\/media_files\/109\/original\/image-20230107212913-10.png\" alt=\"\"\/><\/figure>\n\n\n\n<p><\/p>\n","protected":false},"excerpt":{"rendered":"<p>En diciembre de 2022, las ventas minoristas pymes subieron un 2,7% en la comparaci\u00f3n interanual a precios constantes, rompiendo una racha de cinco meses consecutivos en baja.Con la excepci\u00f3n de Textil e Indumentaria, todos los rubros medidos crecieron en diciembre en la comparaci\u00f3n anual, impulsados por las fiestas, reuniones y encuentros que suelen realizarse durante <a href=\"https:\/\/armstrongyregion.com.ar\/diario\/las-ventas-minoristas-pyme-subieron-27-anual-en-diciembre\/\" title=\"Read more\" >&#8230;<\/a><\/p>\n","protected":false},"author":1,"featured_media":37070,"comment_status":"open","ping_status":"open","sticky":false,"template":"","format":"image","meta":{"_jetpack_memberships_contains_paid_content":false,"footnotes":"","jetpack_publicize_message":"","jetpack_publicize_feature_enabled":true,"jetpack_social_post_already_shared":true,"jetpack_social_options":{"image_generator_settings":{"template":"highway","default_image_id":0,"enabled":false},"version":2}},"categories":[8,1,2,7,3],"tags":[233,15,8825,8826,8824],"class_list":["post-37069","post","type-post","status-publish","format-image","has-post-thumbnail","hentry","category-deliberando","category-diario-armstrong","category-locales","category-politica","category-region","tag-diciembre","tag-en","tag-minoristas","tag-subieron","tag-ventas","post_format-post-format-image"],"jetpack_publicize_connections":[],"jetpack_featured_media_url":"https:\/\/armstrongyregion.com.ar\/diario\/wp-content\/uploads\/2023\/01\/ventas-reyes-.jpg","jetpack_shortlink":"https:\/\/wp.me\/p62QDO-9DT","jetpack_sharing_enabled":true,"amp_enabled":true,"_links":{"self":[{"href":"https:\/\/armstrongyregion.com.ar\/diario\/wp-json\/wp\/v2\/posts\/37069","targetHints":{"allow":["GET"]}}],"collection":[{"href":"https:\/\/armstrongyregion.com.ar\/diario\/wp-json\/wp\/v2\/posts"}],"about":[{"href":"https:\/\/armstrongyregion.com.ar\/diario\/wp-json\/wp\/v2\/types\/post"}],"author":[{"embeddable":true,"href":"https:\/\/armstrongyregion.com.ar\/diario\/wp-json\/wp\/v2\/users\/1"}],"replies":[{"embeddable":true,"href":"https:\/\/armstrongyregion.com.ar\/diario\/wp-json\/wp\/v2\/comments?post=37069"}],"version-history":[{"count":1,"href":"https:\/\/armstrongyregion.com.ar\/diario\/wp-json\/wp\/v2\/posts\/37069\/revisions"}],"predecessor-version":[{"id":37071,"href":"https:\/\/armstrongyregion.com.ar\/diario\/wp-json\/wp\/v2\/posts\/37069\/revisions\/37071"}],"wp:featuredmedia":[{"embeddable":true,"href":"https:\/\/armstrongyregion.com.ar\/diario\/wp-json\/wp\/v2\/media\/37070"}],"wp:attachment":[{"href":"https:\/\/armstrongyregion.com.ar\/diario\/wp-json\/wp\/v2\/media?parent=37069"}],"wp:term":[{"taxonomy":"category","embeddable":true,"href":"https:\/\/armstrongyregion.com.ar\/diario\/wp-json\/wp\/v2\/categories?post=37069"},{"taxonomy":"post_tag","embeddable":true,"href":"https:\/\/armstrongyregion.com.ar\/diario\/wp-json\/wp\/v2\/tags?post=37069"}],"curies":[{"name":"wp","href":"https:\/\/api.w.org\/{rel}","templated":true}]}}