{"id":3706,"date":"2015-08-23T01:44:37","date_gmt":"2015-08-23T01:44:37","guid":{"rendered":"https:\/\/armstrongyregion.com.ar\/diario\/?p=3706"},"modified":"2015-08-23T01:44:37","modified_gmt":"2015-08-23T01:44:37","slug":"diego-diaz-patron-concejal-electo-de-canada-de-gomez","status":"publish","type":"post","link":"https:\/\/armstrongyregion.com.ar\/diario\/diego-diaz-patron-concejal-electo-de-canada-de-gomez\/","title":{"rendered":"Diego D\u00edaz Patr\u00f3n, concejal electo de Ca\u00f1ada de G\u00f3mez."},"content":{"rendered":"<p><a href=\"http:\/\/armstrongyregion.com.ar\/diario\/wp-content\/uploads\/2015\/08\/DSC_0275.jpg\"><img loading=\"lazy\" decoding=\"async\" class=\"alignnone size-medium wp-image-3707\" src=\"http:\/\/armstrongyregion.com.ar\/diario\/wp-content\/uploads\/2015\/08\/DSC_0275-300x200.jpg\" alt=\"Diego-D\u00edaz-Patr\u00f3n-\" width=\"300\" height=\"200\" srcset=\"https:\/\/armstrongyregion.com.ar\/diario\/wp-content\/uploads\/2015\/08\/DSC_0275-300x200.jpg 300w, https:\/\/armstrongyregion.com.ar\/diario\/wp-content\/uploads\/2015\/08\/DSC_0275-1024x683.jpg 1024w\" sizes=\"auto, (max-width: 300px) 100vw, 300px\" \/><\/a><\/p>\n<p><iframe loading=\"lazy\" width=\"800\" height=\"600\" src=\"https:\/\/www.youtube.com\/embed\/K_6vMfyQQuM?feature=oembed\" frameborder=\"0\" allowfullscreen><\/iframe><\/p>\n<p>Por su parte Diego Diaz Patr\u00f3n, electo como concejal del Frente Para la Victoria, de Ca\u00f1ada de G\u00f3mez, detall\u00f3 la importancia del resultado obtenido en las elecciones provinciales de cara al futuro en el concejo ca\u00f1adense.<\/p>\n","protected":false},"excerpt":{"rendered":"<p>Por su parte Diego Diaz Patr\u00f3n, electo como concejal del Frente Para la Victoria, de Ca\u00f1ada de G\u00f3mez, detall\u00f3 la importancia del resultado obtenido en las elecciones provinciales de cara al futuro en el concejo ca\u00f1adense.<\/p>\n","protected":false},"author":2,"featured_media":3707,"comment_status":"open","ping_status":"open","sticky":false,"template":"","format":"standard","meta":{"_jetpack_memberships_contains_paid_content":false,"footnotes":"","jetpack_publicize_message":"","jetpack_publicize_feature_enabled":true,"jetpack_social_post_already_shared":false,"jetpack_social_options":{"image_generator_settings":{"template":"highway","default_image_id":0,"enabled":false},"version":2}},"categories":[8,1,2,7],"tags":[163,673,19,502,990,1071,164,2566],"class_list":["post-3706","post","type-post","status-publish","format-standard","has-post-thumbnail","hentry","category-deliberando","category-diario-armstrong","category-locales","category-politica","tag-canada","tag-concejal","tag-de","tag-diaz","tag-diego","tag-electo","tag-gomez","tag-patron"],"jetpack_publicize_connections":[],"jetpack_featured_media_url":"https:\/\/armstrongyregion.com.ar\/diario\/wp-content\/uploads\/2015\/08\/DSC_0275.jpg","jetpack_shortlink":"https:\/\/wp.me\/p62QDO-XM","jetpack_sharing_enabled":true,"amp_enabled":true,"_links":{"self":[{"href":"https:\/\/armstrongyregion.com.ar\/diario\/wp-json\/wp\/v2\/posts\/3706","targetHints":{"allow":["GET"]}}],"collection":[{"href":"https:\/\/armstrongyregion.com.ar\/diario\/wp-json\/wp\/v2\/posts"}],"about":[{"href":"https:\/\/armstrongyregion.com.ar\/diario\/wp-json\/wp\/v2\/types\/post"}],"author":[{"embeddable":true,"href":"https:\/\/armstrongyregion.com.ar\/diario\/wp-json\/wp\/v2\/users\/2"}],"replies":[{"embeddable":true,"href":"https:\/\/armstrongyregion.com.ar\/diario\/wp-json\/wp\/v2\/comments?post=3706"}],"version-history":[{"count":0,"href":"https:\/\/armstrongyregion.com.ar\/diario\/wp-json\/wp\/v2\/posts\/3706\/revisions"}],"wp:featuredmedia":[{"embeddable":true,"href":"https:\/\/armstrongyregion.com.ar\/diario\/wp-json\/wp\/v2\/media\/3707"}],"wp:attachment":[{"href":"https:\/\/armstrongyregion.com.ar\/diario\/wp-json\/wp\/v2\/media?parent=3706"}],"wp:term":[{"taxonomy":"category","embeddable":true,"href":"https:\/\/armstrongyregion.com.ar\/diario\/wp-json\/wp\/v2\/categories?post=3706"},{"taxonomy":"post_tag","embeddable":true,"href":"https:\/\/armstrongyregion.com.ar\/diario\/wp-json\/wp\/v2\/tags?post=3706"}],"curies":[{"name":"wp","href":"https:\/\/api.w.org\/{rel}","templated":true}]}}