{"id":37049,"date":"2023-01-06T12:11:22","date_gmt":"2023-01-06T12:11:22","guid":{"rendered":"https:\/\/armstrongyregion.com.ar\/diario\/?p=37049"},"modified":"2023-01-06T12:48:58","modified_gmt":"2023-01-06T12:48:58","slug":"se-inauguro-el-nuevo-sistema-de-iluminacion-led-en-el-parque-bracito-fuerte","status":"publish","type":"post","link":"https:\/\/armstrongyregion.com.ar\/diario\/se-inauguro-el-nuevo-sistema-de-iluminacion-led-en-el-parque-bracito-fuerte\/","title":{"rendered":"Se inaugur\u00f3 el nuevo sistema de iluminaci\u00f3n led en el Parque Bracito Fuerte."},"content":{"rendered":"\n<figure class=\"wp-block-image size-full\"><a href=\"http:\/\/armstrongyregion.com.ar\/diario\/wp-content\/uploads\/2023\/01\/fotaza-Sarita-.jpg\"><img loading=\"lazy\" decoding=\"async\" width=\"480\" height=\"270\" src=\"http:\/\/armstrongyregion.com.ar\/diario\/wp-content\/uploads\/2023\/01\/fotaza-Sarita-.jpg\" alt=\"\" class=\"wp-image-37050\" srcset=\"https:\/\/armstrongyregion.com.ar\/diario\/wp-content\/uploads\/2023\/01\/fotaza-Sarita-.jpg 480w, https:\/\/armstrongyregion.com.ar\/diario\/wp-content\/uploads\/2023\/01\/fotaza-Sarita--300x169.jpg 300w\" sizes=\"auto, (max-width: 480px) 100vw, 480px\" \/><\/a><\/figure>\n\n\n\n<h2 class=\"wp-block-heading\">El intendente local Dr. Pablo Verdecchia y el Gerente de la Cooperativa de Obras y Servicios P\u00fablicos de Armstrong Ing. Ricardo Airasca junto a funcionarios del gobierno municipal recorrieron en la tardecita- noche de ayer la obra de alumbrado p\u00fablico que se concret\u00f3 en uno de los espacios de recreaci\u00f3n y esparcimiento m\u00e1s importantes de la ciudad.<\/h2>\n\n\n\n<figure class=\"wp-block-image size-full\"><a href=\"http:\/\/armstrongyregion.com.ar\/diario\/wp-content\/uploads\/2023\/01\/cale-cale-.jpg\"><img loading=\"lazy\" decoding=\"async\" width=\"512\" height=\"289\" src=\"http:\/\/armstrongyregion.com.ar\/diario\/wp-content\/uploads\/2023\/01\/cale-cale-.jpg\" alt=\"\" class=\"wp-image-37051\" srcset=\"https:\/\/armstrongyregion.com.ar\/diario\/wp-content\/uploads\/2023\/01\/cale-cale-.jpg 512w, https:\/\/armstrongyregion.com.ar\/diario\/wp-content\/uploads\/2023\/01\/cale-cale--300x169.jpg 300w\" sizes=\"auto, (max-width: 512px) 100vw, 512px\" \/><\/a><\/figure>\n\n\n\n<p>El flamante sistema de iluminaci\u00f3n del Parque Bracito Fuerte fue inaugurado el pasado jueves en Armstrong. Desde hace tres meses el espacio verde viene renov\u00e1ndose a pasos agigantados, no solamente con este nuevo sistema de luces led y c\u00e1maras de seguridad, sino que que hay recambio de juegos, caminos de adoquines, un escenario y bancos nuevos para el concurrido predio.<\/p>\n\n\n\n<figure class=\"wp-block-image size-full\"><a href=\"http:\/\/armstrongyregion.com.ar\/diario\/wp-content\/uploads\/2023\/01\/juegos-Bracito-.jpg\"><img loading=\"lazy\" decoding=\"async\" width=\"512\" height=\"384\" src=\"http:\/\/armstrongyregion.com.ar\/diario\/wp-content\/uploads\/2023\/01\/juegos-Bracito-.jpg\" alt=\"\" class=\"wp-image-37052\" srcset=\"https:\/\/armstrongyregion.com.ar\/diario\/wp-content\/uploads\/2023\/01\/juegos-Bracito-.jpg 512w, https:\/\/armstrongyregion.com.ar\/diario\/wp-content\/uploads\/2023\/01\/juegos-Bracito--300x225.jpg 300w\" sizes=\"auto, (max-width: 512px) 100vw, 512px\" \/><\/a><\/figure>\n\n\n\n<p>El intendente local expres\u00f3: \u201cEst\u00e1 culminando una nueva etapa en el Bracito Fuerte, lugar con mucha concurrencia de familia los fines de semana y es lo que uno quiere priorizar\u201d.<\/p>\n\n\n\n<figure class=\"wp-block-image size-full\"><a href=\"http:\/\/armstrongyregion.com.ar\/diario\/wp-content\/uploads\/2023\/01\/pinky-y-cerebro.jpg\"><img loading=\"lazy\" decoding=\"async\" width=\"512\" height=\"384\" src=\"http:\/\/armstrongyregion.com.ar\/diario\/wp-content\/uploads\/2023\/01\/pinky-y-cerebro.jpg\" alt=\"\" class=\"wp-image-37053\" srcset=\"https:\/\/armstrongyregion.com.ar\/diario\/wp-content\/uploads\/2023\/01\/pinky-y-cerebro.jpg 512w, https:\/\/armstrongyregion.com.ar\/diario\/wp-content\/uploads\/2023\/01\/pinky-y-cerebro-300x225.jpg 300w\" sizes=\"auto, (max-width: 512px) 100vw, 512px\" \/><\/a><\/figure>\n\n\n\n<p> Luego a\u00f1adi\u00f3: \u201cDesde hace algunos meses venimos avanzando en el predio, se est\u00e1n recambiando los juegos y hoy concretamos la iluminaci\u00f3n led, priorizando tambi\u00e9n la seguridad de nuestros vecinos. Vamos paso a paso para que todos podamos disfrutar de estas tardecitas de verano en este lugar tan hermoso que tenemos en la ciudad, si bien falta&#8230; seguimos avanzando como estaba previsto a pesar de que lo logramos entre todos con fondos propios\u201d\u2026<\/p>\n","protected":false},"excerpt":{"rendered":"<p>El intendente local Dr. Pablo Verdecchia y el Gerente de la Cooperativa de Obras y Servicios P\u00fablicos de Armstrong Ing. Ricardo Airasca junto a funcionarios del gobierno municipal recorrieron en la tardecita- noche de ayer la obra de alumbrado p\u00fablico que se concret\u00f3 en uno de los espacios de recreaci\u00f3n y esparcimiento m\u00e1s importantes de <a href=\"https:\/\/armstrongyregion.com.ar\/diario\/se-inauguro-el-nuevo-sistema-de-iluminacion-led-en-el-parque-bracito-fuerte\/\" title=\"Read more\" >&#8230;<\/a><\/p>\n","protected":false},"author":1,"featured_media":37050,"comment_status":"open","ping_status":"open","sticky":false,"template":"","format":"image","meta":{"_jetpack_memberships_contains_paid_content":false,"footnotes":"","jetpack_publicize_message":"","jetpack_publicize_feature_enabled":true,"jetpack_social_post_already_shared":true,"jetpack_social_options":{"image_generator_settings":{"template":"highway","default_image_id":0,"enabled":false},"version":2}},"categories":[6,8,1,2,7,3],"tags":[20,1133,16,8820,1028,8818,51,86,2335],"class_list":["post-37049","post","type-post","status-publish","format-image","has-post-thumbnail","hentry","category-cultura-entretenimiento","category-deliberando","category-diario-armstrong","category-locales","category-politica","category-region","tag-armstrong","tag-bracito","tag-el","tag-fuerte-2","tag-inauguro","tag-luces","tag-nuevo","tag-se","tag-sistema","post_format-post-format-image"],"jetpack_publicize_connections":[],"jetpack_featured_media_url":"https:\/\/armstrongyregion.com.ar\/diario\/wp-content\/uploads\/2023\/01\/fotaza-Sarita-.jpg","jetpack_shortlink":"https:\/\/wp.me\/p62QDO-9Dz","jetpack_sharing_enabled":true,"amp_enabled":true,"_links":{"self":[{"href":"https:\/\/armstrongyregion.com.ar\/diario\/wp-json\/wp\/v2\/posts\/37049","targetHints":{"allow":["GET"]}}],"collection":[{"href":"https:\/\/armstrongyregion.com.ar\/diario\/wp-json\/wp\/v2\/posts"}],"about":[{"href":"https:\/\/armstrongyregion.com.ar\/diario\/wp-json\/wp\/v2\/types\/post"}],"author":[{"embeddable":true,"href":"https:\/\/armstrongyregion.com.ar\/diario\/wp-json\/wp\/v2\/users\/1"}],"replies":[{"embeddable":true,"href":"https:\/\/armstrongyregion.com.ar\/diario\/wp-json\/wp\/v2\/comments?post=37049"}],"version-history":[{"count":3,"href":"https:\/\/armstrongyregion.com.ar\/diario\/wp-json\/wp\/v2\/posts\/37049\/revisions"}],"predecessor-version":[{"id":37057,"href":"https:\/\/armstrongyregion.com.ar\/diario\/wp-json\/wp\/v2\/posts\/37049\/revisions\/37057"}],"wp:featuredmedia":[{"embeddable":true,"href":"https:\/\/armstrongyregion.com.ar\/diario\/wp-json\/wp\/v2\/media\/37050"}],"wp:attachment":[{"href":"https:\/\/armstrongyregion.com.ar\/diario\/wp-json\/wp\/v2\/media?parent=37049"}],"wp:term":[{"taxonomy":"category","embeddable":true,"href":"https:\/\/armstrongyregion.com.ar\/diario\/wp-json\/wp\/v2\/categories?post=37049"},{"taxonomy":"post_tag","embeddable":true,"href":"https:\/\/armstrongyregion.com.ar\/diario\/wp-json\/wp\/v2\/tags?post=37049"}],"curies":[{"name":"wp","href":"https:\/\/api.w.org\/{rel}","templated":true}]}}