{"id":37046,"date":"2023-01-06T11:07:59","date_gmt":"2023-01-06T11:07:59","guid":{"rendered":"https:\/\/armstrongyregion.com.ar\/diario\/?p=37046"},"modified":"2023-01-06T11:08:04","modified_gmt":"2023-01-06T11:08:04","slug":"la-comuna-de-maria-susana-inaugura-cancun-oasis-este-sabado","status":"publish","type":"post","link":"https:\/\/armstrongyregion.com.ar\/diario\/la-comuna-de-maria-susana-inaugura-cancun-oasis-este-sabado\/","title":{"rendered":"La Comuna de Mar\u00eda Susana inaugura Canc\u00fan \u2013 Oasis este s\u00e1bado."},"content":{"rendered":"\n<figure class=\"wp-block-image size-full\"><a href=\"http:\/\/armstrongyregion.com.ar\/diario\/wp-content\/uploads\/2023\/01\/cancun-oasis-main.jpg\"><img loading=\"lazy\" decoding=\"async\" width=\"800\" height=\"450\" src=\"http:\/\/armstrongyregion.com.ar\/diario\/wp-content\/uploads\/2023\/01\/cancun-oasis-main.jpg\" alt=\"\" class=\"wp-image-37047\" srcset=\"https:\/\/armstrongyregion.com.ar\/diario\/wp-content\/uploads\/2023\/01\/cancun-oasis-main.jpg 800w, https:\/\/armstrongyregion.com.ar\/diario\/wp-content\/uploads\/2023\/01\/cancun-oasis-main-300x169.jpg 300w, https:\/\/armstrongyregion.com.ar\/diario\/wp-content\/uploads\/2023\/01\/cancun-oasis-main-768x432.jpg 768w\" sizes=\"auto, (max-width: 800px) 100vw, 800px\" \/><\/a><\/figure>\n\n\n\n<p>La Comuna de Mar\u00eda Susana trabaja sin cesar para ultimar los detalles e inaugurar el estupendo balneario \u00abCanc\u00fan Oasis\u00bb, este s\u00e1bado, desde las 10 hs.<\/p>\n\n\n\n<p>El predio, en el que se sumaron dos nuevos piletones de gran magnitud y uno peque\u00f1o para ni\u00f1os, est\u00e1 casi listo, y en estos momentos, se procede a los retoques finales.<\/p>\n\n\n\n<p>\u00abEstamos ultimando detalles, llenando los piletones y dejando todo listo. Este sue\u00f1o naci\u00f3 de mi grupo de trabajo hace un tiempo y de a poco fuimos avanzando con las obras. A veces, los tiempos de la gente, no son los que tenemos nosotros, pero finalmente lleg\u00f3 el momento de poder estrenar el balneario\u00bb, se\u00f1al\u00f3 Omar Arce, presidente de la comuna.<\/p>\n\n\n\n<p>El balneario \u00abCanc\u00fan\u00bb, naci\u00f3 en la d\u00e9cada del 90, con la presidencia del Dr. Eliyo Salvai, y fue una gran novedad. Era una gran olla de agua con piso de arena. Con el correr de los a\u00f1os, el predio dej\u00f3 de utilizarse y por a\u00f1os qued\u00f3 en el olvido.<\/p>\n\n\n\n<p>Sin embargo, unos a\u00f1os atr\u00e1s, Omar Arce lo volvi\u00f3 a poner en valor y se transform\u00f3 nuevamente en el epicentro de mucha gente que pasaba sus d\u00edas de verano en el parque de agua.<a href=\"https:\/\/mariasusana.gob.ar\/wp-content\/uploads\/2023\/01\/cancun-oasis-1.jpg\"><\/a><\/p>\n\n\n\n<p>En 2021, el gobierno comunal, comenz\u00f3 con la ampliaci\u00f3n del lugar y la construcci\u00f3n de nuevos espejos de agua.<\/p>\n\n\n\n<p>\u00abTambi\u00e9n, sumamos una docena de parrilleros y remodelamos el lugar. agregaremos sombrillas gigantes y la gente podr\u00e1 disfrutar de la mejor manera\u00bb, agreg\u00f3 Arce.<\/p>\n\n\n\n<p><strong>Accesible para todos<\/strong><\/p>\n\n\n\n<p>El balneario, ser\u00e1 con entrada libre y gratuita de lunes a jueves. el viernes, s\u00e1bado y domingo, el ingreso para los mayores de 13 a\u00f1os, ser\u00e1 de $ 300, mientras que para los menores, seguir\u00e1 siendo sin costo.<\/p>\n","protected":false},"excerpt":{"rendered":"<p>La Comuna de Mar\u00eda Susana trabaja sin cesar para ultimar los detalles e inaugurar el estupendo balneario \u00abCanc\u00fan Oasis\u00bb, este s\u00e1bado, desde las 10 hs. El predio, en el que se sumaron dos nuevos piletones de gran magnitud y uno peque\u00f1o para ni\u00f1os, est\u00e1 casi listo, y en estos momentos, se procede a los retoques <a href=\"https:\/\/armstrongyregion.com.ar\/diario\/la-comuna-de-maria-susana-inaugura-cancun-oasis-este-sabado\/\" title=\"Read more\" >&#8230;<\/a><\/p>\n","protected":false},"author":1,"featured_media":37047,"comment_status":"open","ping_status":"open","sticky":false,"template":"","format":"image","meta":{"_jetpack_memberships_contains_paid_content":false,"footnotes":"","jetpack_publicize_message":"","jetpack_publicize_feature_enabled":true,"jetpack_social_post_already_shared":true,"jetpack_social_options":{"image_generator_settings":{"template":"highway","default_image_id":0,"enabled":false},"version":2}},"categories":[6,8,1,7,3],"tags":[8815,8814,8812,8816,8813],"class_list":["post-37046","post","type-post","status-publish","format-image","has-post-thumbnail","hentry","category-cultura-entretenimiento","category-deliberando","category-diario-armstrong","category-politica","category-region","tag-cancun-oasis","tag-inaugura","tag-maria-2","tag-sabado-2","tag-susana","post_format-post-format-image"],"jetpack_publicize_connections":[],"jetpack_featured_media_url":"https:\/\/armstrongyregion.com.ar\/diario\/wp-content\/uploads\/2023\/01\/cancun-oasis-main.jpg","jetpack_shortlink":"https:\/\/wp.me\/p62QDO-9Dw","jetpack_sharing_enabled":true,"amp_enabled":true,"_links":{"self":[{"href":"https:\/\/armstrongyregion.com.ar\/diario\/wp-json\/wp\/v2\/posts\/37046","targetHints":{"allow":["GET"]}}],"collection":[{"href":"https:\/\/armstrongyregion.com.ar\/diario\/wp-json\/wp\/v2\/posts"}],"about":[{"href":"https:\/\/armstrongyregion.com.ar\/diario\/wp-json\/wp\/v2\/types\/post"}],"author":[{"embeddable":true,"href":"https:\/\/armstrongyregion.com.ar\/diario\/wp-json\/wp\/v2\/users\/1"}],"replies":[{"embeddable":true,"href":"https:\/\/armstrongyregion.com.ar\/diario\/wp-json\/wp\/v2\/comments?post=37046"}],"version-history":[{"count":1,"href":"https:\/\/armstrongyregion.com.ar\/diario\/wp-json\/wp\/v2\/posts\/37046\/revisions"}],"predecessor-version":[{"id":37048,"href":"https:\/\/armstrongyregion.com.ar\/diario\/wp-json\/wp\/v2\/posts\/37046\/revisions\/37048"}],"wp:featuredmedia":[{"embeddable":true,"href":"https:\/\/armstrongyregion.com.ar\/diario\/wp-json\/wp\/v2\/media\/37047"}],"wp:attachment":[{"href":"https:\/\/armstrongyregion.com.ar\/diario\/wp-json\/wp\/v2\/media?parent=37046"}],"wp:term":[{"taxonomy":"category","embeddable":true,"href":"https:\/\/armstrongyregion.com.ar\/diario\/wp-json\/wp\/v2\/categories?post=37046"},{"taxonomy":"post_tag","embeddable":true,"href":"https:\/\/armstrongyregion.com.ar\/diario\/wp-json\/wp\/v2\/tags?post=37046"}],"curies":[{"name":"wp","href":"https:\/\/api.w.org\/{rel}","templated":true}]}}