{"id":37039,"date":"2023-01-04T17:32:54","date_gmt":"2023-01-04T17:32:54","guid":{"rendered":"https:\/\/armstrongyregion.com.ar\/diario\/?p=37039"},"modified":"2023-01-04T17:32:58","modified_gmt":"2023-01-04T17:32:58","slug":"canada-de-gomez-se-estreno-el-tercer-capitulo-de-musicos-de-la-canada","status":"publish","type":"post","link":"https:\/\/armstrongyregion.com.ar\/diario\/canada-de-gomez-se-estreno-el-tercer-capitulo-de-musicos-de-la-canada\/","title":{"rendered":"Ca\u00f1ada de G\u00f3mez. Se estren\u00f3 el tercer cap\u00edtulo de m\u00fasicos de la ca\u00f1ada."},"content":{"rendered":"\n<figure class=\"wp-block-image size-full\"><a href=\"http:\/\/armstrongyregion.com.ar\/diario\/wp-content\/uploads\/2023\/01\/musicos-canada-4-1-22-.jpg\"><img loading=\"lazy\" decoding=\"async\" width=\"540\" height=\"540\" src=\"http:\/\/armstrongyregion.com.ar\/diario\/wp-content\/uploads\/2023\/01\/musicos-canada-4-1-22-.jpg\" alt=\"\" class=\"wp-image-37040\" srcset=\"https:\/\/armstrongyregion.com.ar\/diario\/wp-content\/uploads\/2023\/01\/musicos-canada-4-1-22-.jpg 540w, https:\/\/armstrongyregion.com.ar\/diario\/wp-content\/uploads\/2023\/01\/musicos-canada-4-1-22--300x300.jpg 300w, https:\/\/armstrongyregion.com.ar\/diario\/wp-content\/uploads\/2023\/01\/musicos-canada-4-1-22--150x150.jpg 150w\" sizes=\"auto, (max-width: 540px) 100vw, 540px\" \/><\/a><\/figure>\n\n\n\n<p>Por iniciativa del presidente del Concejo, Marcelo Casalegno, desde la Secretar\u00eda de Educaci\u00f3n, Cultura y Deportes se est\u00e1 llevando adelante el programa \u201cM\u00fasica de la Ca\u00f1ada\u201d que se emite por YouTube, reconociendo a personalidades destacadas de la m\u00fasica local.<\/p>\n\n\n\n<p>Esta semana se estren\u00f3 el tercer cap\u00edtulo con Hugo Volentiera como protagonista, en tanto en las emisiones anteriores se reconoci\u00f3 a Gustavo Sampaolesi y Bel\u00e9n Ceriani.&nbsp; Cada cap\u00edtulo se puede disfrutar en&nbsp;<a href=\"https:\/\/www.youtube.com\/playlist?list=PLwqximQ_Duc_j4ow_6uLvMNsUyXYORpcK\" target=\"_blank\" rel=\"noreferrer noopener\">https:\/\/www.youtube.com\/playlist?list=PLwqximQ_Duc_j4ow_6uLvMNsUyXYORpcK<\/a>.&nbsp;<\/p>\n","protected":false},"excerpt":{"rendered":"<p>Por iniciativa del presidente del Concejo, Marcelo Casalegno, desde la Secretar\u00eda de Educaci\u00f3n, Cultura y Deportes se est\u00e1 llevando adelante el programa \u201cM\u00fasica de la Ca\u00f1ada\u201d que se emite por YouTube, reconociendo a personalidades destacadas de la m\u00fasica local. Esta semana se estren\u00f3 el tercer cap\u00edtulo con Hugo Volentiera como protagonista, en tanto en las <a href=\"https:\/\/armstrongyregion.com.ar\/diario\/canada-de-gomez-se-estreno-el-tercer-capitulo-de-musicos-de-la-canada\/\" title=\"Read more\" >&#8230;<\/a><\/p>\n","protected":false},"author":1,"featured_media":37040,"comment_status":"open","ping_status":"open","sticky":false,"template":"","format":"image","meta":{"_jetpack_memberships_contains_paid_content":false,"footnotes":"","jetpack_publicize_message":"","jetpack_publicize_feature_enabled":true,"jetpack_social_post_already_shared":true,"jetpack_social_options":{"image_generator_settings":{"template":"highway","default_image_id":0,"enabled":false},"version":2}},"categories":[6,8,1,2,3],"tags":[163,8811],"class_list":["post-37039","post","type-post","status-publish","format-image","has-post-thumbnail","hentry","category-cultura-entretenimiento","category-deliberando","category-diario-armstrong","category-locales","category-region","tag-canada","tag-musicos","post_format-post-format-image"],"jetpack_publicize_connections":[],"jetpack_featured_media_url":"https:\/\/armstrongyregion.com.ar\/diario\/wp-content\/uploads\/2023\/01\/musicos-canada-4-1-22-.jpg","jetpack_shortlink":"https:\/\/wp.me\/p62QDO-9Dp","jetpack_sharing_enabled":true,"amp_enabled":true,"_links":{"self":[{"href":"https:\/\/armstrongyregion.com.ar\/diario\/wp-json\/wp\/v2\/posts\/37039","targetHints":{"allow":["GET"]}}],"collection":[{"href":"https:\/\/armstrongyregion.com.ar\/diario\/wp-json\/wp\/v2\/posts"}],"about":[{"href":"https:\/\/armstrongyregion.com.ar\/diario\/wp-json\/wp\/v2\/types\/post"}],"author":[{"embeddable":true,"href":"https:\/\/armstrongyregion.com.ar\/diario\/wp-json\/wp\/v2\/users\/1"}],"replies":[{"embeddable":true,"href":"https:\/\/armstrongyregion.com.ar\/diario\/wp-json\/wp\/v2\/comments?post=37039"}],"version-history":[{"count":1,"href":"https:\/\/armstrongyregion.com.ar\/diario\/wp-json\/wp\/v2\/posts\/37039\/revisions"}],"predecessor-version":[{"id":37041,"href":"https:\/\/armstrongyregion.com.ar\/diario\/wp-json\/wp\/v2\/posts\/37039\/revisions\/37041"}],"wp:featuredmedia":[{"embeddable":true,"href":"https:\/\/armstrongyregion.com.ar\/diario\/wp-json\/wp\/v2\/media\/37040"}],"wp:attachment":[{"href":"https:\/\/armstrongyregion.com.ar\/diario\/wp-json\/wp\/v2\/media?parent=37039"}],"wp:term":[{"taxonomy":"category","embeddable":true,"href":"https:\/\/armstrongyregion.com.ar\/diario\/wp-json\/wp\/v2\/categories?post=37039"},{"taxonomy":"post_tag","embeddable":true,"href":"https:\/\/armstrongyregion.com.ar\/diario\/wp-json\/wp\/v2\/tags?post=37039"}],"curies":[{"name":"wp","href":"https:\/\/api.w.org\/{rel}","templated":true}]}}