{"id":37035,"date":"2023-01-04T16:46:13","date_gmt":"2023-01-04T16:46:13","guid":{"rendered":"https:\/\/armstrongyregion.com.ar\/diario\/?p=37035"},"modified":"2023-01-04T17:23:57","modified_gmt":"2023-01-04T17:23:57","slug":"chabas","status":"publish","type":"post","link":"https:\/\/armstrongyregion.com.ar\/diario\/chabas\/","title":{"rendered":"Chab\u00e1s. Un pueblo movilizado por el asesinato de Walter Hervot en Chab\u00e1s: siguen implorando por testigos."},"content":{"rendered":"\n<figure class=\"wp-block-image size-full\"><a href=\"http:\/\/armstrongyregion.com.ar\/diario\/wp-content\/uploads\/2023\/01\/walter_hervot_chabas_victima_crimen.jpg_674994428.jpg\"><img loading=\"lazy\" decoding=\"async\" width=\"400\" height=\"225\" src=\"http:\/\/armstrongyregion.com.ar\/diario\/wp-content\/uploads\/2023\/01\/walter_hervot_chabas_victima_crimen.jpg_674994428.jpg\" alt=\"\" class=\"wp-image-37036\" srcset=\"https:\/\/armstrongyregion.com.ar\/diario\/wp-content\/uploads\/2023\/01\/walter_hervot_chabas_victima_crimen.jpg_674994428.jpg 400w, https:\/\/armstrongyregion.com.ar\/diario\/wp-content\/uploads\/2023\/01\/walter_hervot_chabas_victima_crimen.jpg_674994428-300x169.jpg 300w\" sizes=\"auto, (max-width: 400px) 100vw, 400px\" \/><\/a><figcaption class=\"wp-element-caption\"><em>Walter Hervot, vecino de Chab\u00e1s muerto a golpes en Navidad. (Facebook<\/em>)-<\/figcaption><\/figure>\n\n\n\n<h2 class=\"wp-block-heading\">Familiares y amigos del hombre de 32 a\u00f1os asesinado a golpes en Navidad se reunieron en una plaza para exigir el esclarecimiento del caso. Solicitan que quienes hayan filmado la agresi\u00f3n se acerquen a la Justicia.<\/h2>\n\n\n\n<figure class=\"wp-block-embed is-type-video is-provider-youtube wp-block-embed-youtube wp-embed-aspect-16-9 wp-has-aspect-ratio\"><div class=\"wp-block-embed__wrapper\">\n<iframe loading=\"lazy\" title=\"Piden justicia por el hombre de 32 a\u00f1os que fue asesinado a golpes en Chab\u00e1s\" width=\"800\" height=\"450\" src=\"https:\/\/www.youtube.com\/embed\/aN2GiG83ebM?feature=oembed\" frameborder=\"0\" allow=\"accelerometer; autoplay; clipboard-write; encrypted-media; gyroscope; picture-in-picture; web-share\" allowfullscreen><\/iframe>\n<\/div><\/figure>\n\n\n\n<p><\/p>\n\n\n\n<p>Este martes, familiares y amigos de&nbsp;<a href=\"https:\/\/www.rosario3.com\/policiales\/Chabas-hallan-sin-vida-a-un-hombre-con-signos-de-haber-sido-golpeado-y-asfixiado-20221225-0027.html\" target=\"_blank\" rel=\"noreferrer noopener\"><strong>Walter Hervot,<\/strong>&nbsp;el hombre de 32 a\u00f1os que fue muerto a golpes en<strong>&nbsp;Chab\u00e1s&nbsp;<\/strong>durante los festejos de Navidad<\/a>, se manifestaron en la plaza Belgrano, el lugar en el que se desarroll\u00f3 la tr\u00e1gica fiesta, para exigir&nbsp;<strong>el esclarecimiento del caso y pedir m\u00e1s testigos<\/strong>&nbsp;que puedan aportar informaci\u00f3n a la Justicia.&nbsp;<\/p>\n\n\n\n<p>Por el salvaje crimen del joven&nbsp;<strong>hay tres personas detenidas e imputadas<\/strong>, a las que se suma&nbsp;<strong>una menor de 16 a\u00f1os que tambi\u00e9n habr\u00eda participado<\/strong>&nbsp;de las agresiones.&nbsp;<\/p>\n\n\n\n<p>En medio del dolor y la angustia que las envuelve, Claudia y Jesica, hermanas de la v\u00edctima, contaron en&nbsp;<em>Telenoche Rosario&nbsp;<\/em>(El Tres) que Walter estaba solo en los festejos y que un grupo de personas&nbsp;<strong>lo agredi\u00f3 y se le tiraron \u201ctodos encima para asesinarlo a sangre fr\u00eda\u201d<\/strong>.<\/p>\n\n\n\n<p>Tambi\u00e9n denunciaron que&nbsp;<strong>est\u00e1n siendo hostigadas por familiares de los imputados<\/strong>, pero le restaron importancia a eso&nbsp;y remarcaron la necesidad de contar&nbsp;<strong>con m\u00e1s testigos e im\u00e1genes para esclarecer lo que pas\u00f3.<\/strong><\/p>\n\n\n\n<p>\u201cNecesitamos m\u00e1s testigos para que sea m\u00e1s contundente. No lo llamo pelea,&nbsp;<strong>una persona contra un mont\u00f3n no es una pelea, son asesinos.<\/strong>&nbsp;Estaba todo el pueblo en la fiesta\u201d, expresaron.&nbsp;<\/p>\n\n\n\n<p>El asesinato del joven en Chab\u00e1s, una localidad del departamento Caseros ubicada a 99 kil\u00f3metros de Rosario,&nbsp;coincide con el comienzo del juicio por el&nbsp;<a href=\"https:\/\/www.rosario3.com\/informaciongeneral\/Juicio-por-el-crimen-de-Baez-Sosa-la-familia-habla-de-caceria-humana-y-pide-perpetua-para-los-rugbiers-20230102-0029.html\" target=\"_blank\" rel=\"noreferrer noopener\">crimen de Fernando B\u00e1ez Sosa<\/a>, el adolescente que&nbsp;<strong>muri\u00f3 tras ser brutalmente golpeado por un grupo de rugbiers en el verano de 2020 en Villa Gesel<\/strong>. Las hermanas de Walter relacionaron los hechos y se\u00f1alaron que \u201cla sociedad no aprende\u201d.&nbsp;<\/p>\n\n\n\n<p>\u201cQueremos un pa\u00eds con Justicia pero nadie aporta su granito de arena. Estamos viendo el juicio de Fernando B\u00e1ez Sosa.&nbsp;<strong>Tienen que cambiar las leyes y penas, no puede ser que quede todo impune<\/strong>\u201d, dijeron.&nbsp;<\/p>\n\n\n\n<h2 class=\"wp-block-heading\">Qu\u00e9 se sabe del crimen de Walter<\/h2>\n\n\n\n<p><br>Seg\u00fan el relato de Claudia, una de sus hermanas, en&nbsp;<em>Radio 2<\/em>, entre las 4 y las 4.30 del domingo 25 de diciembre, Walter Hervot protagoniz\u00f3 una gresca con personas que, seg\u00fan ella, lo superaban en n\u00famero. Fue una barbarie. Pero nadie atin\u00f3 a separar.&nbsp;<strong>\u201cLe estaban pegando y nadie se meti\u00f3 viendo semejante aberraci\u00f3n, nadie dijo basta\u201d<\/strong>, lament\u00f3.<\/p>\n\n\n\n<p><strong>Hervot qued\u00f3 tirado inconsciente en una cuneta<\/strong>&nbsp;y poco despu\u00e9s lo derivaron al Samco local, aunque para ese entonces ya estaba sin vida. \u201cNos llamaron a mi mam\u00e1 y a m\u00ed. Cuando llegaron los bomberos ya estaba sin vida mi hermano. Y la gente estaba ah\u00ed\u201d, recrimin\u00f3 Claudia.<\/p>\n\n\n\n<p>La mujer est\u00e1 al tanto de que&nbsp;<strong>hubo varias personas \u201cmorbosas\u201d que registraron con sus celulares<\/strong>&nbsp;la agresi\u00f3n fatal a su hermano, y solicit\u00f3 que acerquen esos videos a la Fiscal\u00eda para que sean incorporados como evidencia.<\/p>\n\n\n\n<p>Para las 17.30 del mismo domingo, el personal de la Agencia de Investigaci\u00f3n Criminal (AIC) report\u00f3 la detenci\u00f3n de un joven de 21 a\u00f1os en Chab\u00e1s, se\u00f1alado como uno de los agresores. Actualmente,&nbsp;<strong>los detenidos e imputados son tres, adem\u00e1s de la menor de edad que est\u00e1 a disposici\u00f3n de la Justicia de Menores<\/strong>.&nbsp;<\/p>\n\n\n\n<p>Fuente: Rosario3.com<\/p>\n","protected":false},"excerpt":{"rendered":"<p>Familiares y amigos del hombre de 32 a\u00f1os asesinado a golpes en Navidad se reunieron en una plaza para exigir el esclarecimiento del caso. Solicitan que quienes hayan filmado la agresi\u00f3n se acerquen a la Justicia. Este martes, familiares y amigos de&nbsp;Walter Hervot,&nbsp;el hombre de 32 a\u00f1os que fue muerto a golpes en&nbsp;Chab\u00e1s&nbsp;durante los festejos <a href=\"https:\/\/armstrongyregion.com.ar\/diario\/chabas\/\" title=\"Read more\" >&#8230;<\/a><\/p>\n","protected":false},"author":1,"featured_media":37036,"comment_status":"open","ping_status":"open","sticky":false,"template":"","format":"image","meta":{"_jetpack_memberships_contains_paid_content":false,"footnotes":"","jetpack_publicize_message":"","jetpack_publicize_feature_enabled":true,"jetpack_social_post_already_shared":true,"jetpack_social_options":{"image_generator_settings":{"template":"highway","default_image_id":0,"enabled":false},"version":2}},"categories":[8,1,2,2852,3],"tags":[8810,8809,15,688],"class_list":["post-37035","post","type-post","status-publish","format-image","has-post-thumbnail","hentry","category-deliberando","category-diario-armstrong","category-locales","category-policiales","category-region","tag-asesinado","tag-chabas","tag-en","tag-joven","post_format-post-format-image"],"jetpack_publicize_connections":[],"jetpack_featured_media_url":"https:\/\/armstrongyregion.com.ar\/diario\/wp-content\/uploads\/2023\/01\/walter_hervot_chabas_victima_crimen.jpg_674994428.jpg","jetpack_shortlink":"https:\/\/wp.me\/s62QDO-chabas","jetpack_sharing_enabled":true,"amp_enabled":true,"_links":{"self":[{"href":"https:\/\/armstrongyregion.com.ar\/diario\/wp-json\/wp\/v2\/posts\/37035","targetHints":{"allow":["GET"]}}],"collection":[{"href":"https:\/\/armstrongyregion.com.ar\/diario\/wp-json\/wp\/v2\/posts"}],"about":[{"href":"https:\/\/armstrongyregion.com.ar\/diario\/wp-json\/wp\/v2\/types\/post"}],"author":[{"embeddable":true,"href":"https:\/\/armstrongyregion.com.ar\/diario\/wp-json\/wp\/v2\/users\/1"}],"replies":[{"embeddable":true,"href":"https:\/\/armstrongyregion.com.ar\/diario\/wp-json\/wp\/v2\/comments?post=37035"}],"version-history":[{"count":2,"href":"https:\/\/armstrongyregion.com.ar\/diario\/wp-json\/wp\/v2\/posts\/37035\/revisions"}],"predecessor-version":[{"id":37038,"href":"https:\/\/armstrongyregion.com.ar\/diario\/wp-json\/wp\/v2\/posts\/37035\/revisions\/37038"}],"wp:featuredmedia":[{"embeddable":true,"href":"https:\/\/armstrongyregion.com.ar\/diario\/wp-json\/wp\/v2\/media\/37036"}],"wp:attachment":[{"href":"https:\/\/armstrongyregion.com.ar\/diario\/wp-json\/wp\/v2\/media?parent=37035"}],"wp:term":[{"taxonomy":"category","embeddable":true,"href":"https:\/\/armstrongyregion.com.ar\/diario\/wp-json\/wp\/v2\/categories?post=37035"},{"taxonomy":"post_tag","embeddable":true,"href":"https:\/\/armstrongyregion.com.ar\/diario\/wp-json\/wp\/v2\/tags?post=37035"}],"curies":[{"name":"wp","href":"https:\/\/api.w.org\/{rel}","templated":true}]}}