{"id":37022,"date":"2023-01-03T18:40:58","date_gmt":"2023-01-03T18:40:58","guid":{"rendered":"https:\/\/armstrongyregion.com.ar\/diario\/?p=37022"},"modified":"2023-01-03T18:41:02","modified_gmt":"2023-01-03T18:41:02","slug":"la-provincia-inauguro-las-salas-de-maternidad-y-terapia-intensiva-del-hospital-de-las-parejas","status":"publish","type":"post","link":"https:\/\/armstrongyregion.com.ar\/diario\/la-provincia-inauguro-las-salas-de-maternidad-y-terapia-intensiva-del-hospital-de-las-parejas\/","title":{"rendered":"La provincia inaugur\u00f3 las salas de Maternidad y Terapia Intensiva del Hospital de Las Parejas."},"content":{"rendered":"\n<figure class=\"wp-block-image size-full\"><a href=\"http:\/\/armstrongyregion.com.ar\/diario\/wp-content\/uploads\/2023\/01\/laspa-compag.jpg\"><img loading=\"lazy\" decoding=\"async\" width=\"570\" height=\"320\" src=\"http:\/\/armstrongyregion.com.ar\/diario\/wp-content\/uploads\/2023\/01\/laspa-compag.jpg\" alt=\"\" class=\"wp-image-37025\" srcset=\"https:\/\/armstrongyregion.com.ar\/diario\/wp-content\/uploads\/2023\/01\/laspa-compag.jpg 570w, https:\/\/armstrongyregion.com.ar\/diario\/wp-content\/uploads\/2023\/01\/laspa-compag-300x168.jpg 300w\" sizes=\"auto, (max-width: 570px) 100vw, 570px\" \/><\/a><\/figure>\n\n\n\n<h2 class=\"wp-block-heading\">Tambi\u00e9n se realizaron obras para refuncionalizar el quir\u00f3fano. Asimismo, a trav\u00e9s del Plan Incluir, se firm\u00f3 un convenio por mas de 15 millones de pesos para la construcci\u00f3n de una plaza en el predio donde se encuentra el nosocomio.<\/h2>\n\n\n\n<figure class=\"wp-block-image size-full\"><a href=\"http:\/\/armstrongyregion.com.ar\/diario\/wp-content\/uploads\/2023\/01\/Compagnucci-1-2-3-.jpg\"><img loading=\"lazy\" decoding=\"async\" width=\"492\" height=\"341\" src=\"http:\/\/armstrongyregion.com.ar\/diario\/wp-content\/uploads\/2023\/01\/Compagnucci-1-2-3-.jpg\" alt=\"\" class=\"wp-image-37023\" srcset=\"https:\/\/armstrongyregion.com.ar\/diario\/wp-content\/uploads\/2023\/01\/Compagnucci-1-2-3-.jpg 492w, https:\/\/armstrongyregion.com.ar\/diario\/wp-content\/uploads\/2023\/01\/Compagnucci-1-2-3--300x208.jpg 300w\" sizes=\"auto, (max-width: 492px) 100vw, 492px\" \/><\/a><\/figure>\n\n\n\n<p>Los ministros de Gesti\u00f3n P\u00fablica, Marcos Corach, y de Salud, Sonia Martorano, encabezaron este martes el acto de inauguraci\u00f3n de las salas de Maternidad y de Terapia Intensiva del Hospital de Las Parejas (departamento Belgrano), y las obras de revalorizaci\u00f3n del funcionamiento del quir\u00f3fano. Adem\u00e1s, se presentaron formalmente las prestaciones a los afiliados de PAMI de las localidades de Las Parejas, Montes de Oca y Bouquet.<\/p>\n\n\n\n<p>Asimismo, Corach y el intendente de esa ciudad, Horacio Compagnucci, firmaron un convenio con a trav\u00e9s del cual la provincia financiar\u00e1 con $ 15.000.875,69 el proyecto Plaza Tu Lote Propio. El convenio se lleva a cabo en el marco del Plan Incluir y el municipio asume el dise\u00f1o, contrataci\u00f3n, inspecci\u00f3n y mantenimiento de la obra.<\/p>\n\n\n\n<p>\u201cEs una enorme felicidad acompa\u00f1arlos hoy\u201d dijo Martorano, quien valor\u00f3 \u201cc\u00f3mo Las Parejas entendi\u00f3 la salud, c\u00f3mo entendi\u00f3 que hab\u00eda que jugar en situaciones tan complejas como en pandemia, con momentos dif\u00edciles, y esta ciudad, en vez de quedarse pidiendo ayuda, pregunt\u00f3 \u00abc\u00f3mo trabajamos y c\u00f3mo nos ponemos al frente de esto\u00bb\u201d, y agreg\u00f3 que esta ciudad \u201centendi\u00f3 c\u00f3mo tienen que articularse los subsistemas, y que la salud p\u00fablica es la de todos, independientemente de c\u00f3mo se acceda\u201d.<\/p>\n\n\n\n<p>\u201cEse \u00abponernos al frente\u00bb tiene que ver con este crecimiento\u201d, asegur\u00f3 la ministra, quien destac\u00f3 adem\u00e1s \u201cel compromiso de los empresarios locales para tener la mejor salud posible\u201d.<\/p>\n\n\n\n<p>Asimismo, la funcionaria reconoci\u00f3 que \u201ceste hospital queda ahora incluido en la gesti\u00f3n de riesgos y en los procesos y protocolos de seguridad del paciente. Este es hoy uno de los hospitales pilotos en trabajar en esta cultura de seguridad del paciente. Es important\u00edsimo todo lo que vamos generando desde Las Parejas, y eso tiene que ver con el compromiso de la provincia y de una Municipalidad que entendieron c\u00f3mo trabajar en la salud y en la calidad de vida de todos los habitantes\u201d.<\/p>\n\n\n\n<p>\u201cEn esta esta regi\u00f3n hay coraje, valent\u00eda, pasi\u00f3n y capacidad de trabajo\u201d, elogi\u00f3 Martorano, quien alent\u00f3 \u201ca seguir trabajando juntos para seguir creciendo y generando las mejores condiciones para la calidad de vida\u201d.<\/p>\n\n\n\n<p><strong>EXTENDER EL EJEMPLO DE LAS PAREJAS<\/strong><\/p>\n\n\n\n<p>Luego de la firma del convenio para la construcci\u00f3n de la Plaza de la Juventud, que se ubicar\u00e1 en el predio que se encuentra detr\u00e1s del hospital de Las Parejas, Marcos Corach tambi\u00e9n manifest\u00f3 su alegr\u00eda \u201cde estar ac\u00e1, hoy firmando un Plan Incluir\u201d.<\/p>\n\n\n\n<p>Al respecto, el ministro record\u00f3 que el pasado jueves \u201cel gobernador estuvo licitando un acueducto para el norte de la provincia, en Tostado. Ac\u00e1 estamos hablando de una plaza como obra del Incluir: est\u00e1 claro que nosotros no solo declamamos el federalismo\u201d, dijo el funcionario, quien pregunt\u00f3 \u201cpor qu\u00e9 tuvo que pasar tanto tiempo para que la gente de Tostado pueda tomar agua de calidad, o por qu\u00e9 tuvo que pasar tanto tiempo para una obra de gas, o una de cloacas. Hablamos de conectividad, de rutas transversales, de desarrollo, de trabajo, de mejora de calidad de vida. Todo eso se logra con mucho trabajo, y con un plan\u201d.<\/p>\n\n\n\n<p>\u201cLas Parejas es un ejemplo -agreg\u00f3 Corach-, y queremos extender este ejemplo a toda la provincia, donde se generen oportunidades de trabajo, donde los chicos puedan ir a la escuela, a los clubes, donde tengan otras posibilidades y tambi\u00e9n otros desaf\u00edos. Queremos que cada uno de ustedes viva mejor\u201d, concluy\u00f3.<\/p>\n\n\n\n<p><strong>JERARQUIZAR LA SALUD<\/strong><\/p>\n\n\n\n<p>Por \u00faltimo, el intendente local agradeci\u00f3 la presencia de los ministros y reconoci\u00f3 \u201ctodo lo que se fue haciendo en estos \u00faltimos dos a\u00f1os, donde tomamos un compromiso con el gobernador de jerarquizar la salud de la ciudad\u201d, aspecto en el que mencion\u00f3 \u201cla recategorizaci\u00f3n del hospital y el proyecto que se present\u00f3 al Ministerio de Salud\u201d, as\u00ed como el \u201caporte de una ambulancia de \u00faltima generaci\u00f3n y otra ambulancia que sum\u00f3 el municipio\u201d.<\/p>\n\n\n\n<p>Compagnucci valor\u00f3 adem\u00e1s \u201cel trabajo conjunto entre todas las instituciones, sobre todo en pandemia. Ahora queda un camino por recorrer, porque armar estructuras significa sostenerlas, y hay que hacer un esfuerzo muy grande, pero estamos buscando la mayor sustentabilidad posible para poder proyectar a futuro mayores servicios y mejores prestaciones para la salud p\u00fablica\u201d.<\/p>\n\n\n\n<p>Del acto, realizado en la Casa del Bicentenario, participaron tambi\u00e9n la presidenta del Concejo municipal, Cintia Marconato; el secretario de Salud municipal, Nicol\u00e1s Lapetina; el director del hospital de Las Parejas, Gabriel Figueroa; miembros gabinete municipal y concejales, entre otros.<\/p>\n\n\n\n<p><strong>MATERNIDAD, TERAPIA INTENSIVA Y QUIR\u00d3FANO<\/strong><\/p>\n\n\n\n<p>Tras 20 a\u00f1os, Las Parejas vuelve a tener un servicio de Maternidad y Pediatr\u00eda permanentes, lo cual le brinda la posibilidad de asistir nacimientos tanto en la ciudad como en la regi\u00f3n, gracias a la gesti\u00f3n y la firme respuesta del gobierno provincial a esta demanda.<\/p>\n\n\n\n<p>Durante 2022 se realizaron 87 partos en Las Parejas, Tototas, Armstrong, Las Rosas, Montes de Oca y Bouquet, entre otras localidades, asistidos por profesionales de distintas especialidades. En ese marco, la Maternidad del hospital apunta a descomprimir las asistencias de baja complejidad en el departamento Belgrano y en toda la regi\u00f3n.<\/p>\n\n\n\n<p>Asimismo, el Hospital de Las Parejas trabaja en forma estrecha con el municipio local llevando a cabo gestiones ante los ministerios de Salud nacional y provincial que permiten brindar asistencia m\u00e9dica a los ciudadanos, aumentando la complejidad y capacidad de respuesta de la salud p\u00fablica.<\/p>\n\n\n\n<p>De esta manera, el hospital tambi\u00e9n permite que 2000 afiliados del PAMI de Las Parejas, y 600 de Montes de Oca y Bouquet, reciban una atenci\u00f3n adecuada, acorde a sus necesidades, en especialidades como cardiolog\u00eda, traumatolog\u00eda, urolog\u00eda, ginecolog\u00eda, hematolog\u00eda, oncolog\u00eda, flebolog\u00eda, neurolog\u00eda, gastroenterolog\u00eda y cirug\u00eda general.<\/p>\n\n\n\n<p>En tanto, la refuncionalizaci\u00f3n del quir\u00f3fano asegurar\u00e1 la atenci\u00f3n de urgencias y pr\u00e1cticas programadas como traumatolog\u00eda, cirug\u00eda general, tocoginecolog\u00eda, entre otras.<\/p>\n\n\n\n<p>La Sala de Terapia Intensiva estar\u00e1 equipada con seis camas (actualmente cuenta con dos) y dos respiradores. El \u00e1rea fue creada con el objetivo de reforzar el sistema de internaci\u00f3n de alta complejidad durante la pandemia del Covid 19.<\/p>\n","protected":false},"excerpt":{"rendered":"<p>Tambi\u00e9n se realizaron obras para refuncionalizar el quir\u00f3fano. Asimismo, a trav\u00e9s del Plan Incluir, se firm\u00f3 un convenio por mas de 15 millones de pesos para la construcci\u00f3n de una plaza en el predio donde se encuentra el nosocomio. Los ministros de Gesti\u00f3n P\u00fablica, Marcos Corach, y de Salud, Sonia Martorano, encabezaron este martes el <a href=\"https:\/\/armstrongyregion.com.ar\/diario\/la-provincia-inauguro-las-salas-de-maternidad-y-terapia-intensiva-del-hospital-de-las-parejas\/\" title=\"Read more\" >&#8230;<\/a><\/p>\n","protected":false},"author":1,"featured_media":37025,"comment_status":"open","ping_status":"open","sticky":false,"template":"","format":"image","meta":{"_jetpack_memberships_contains_paid_content":false,"footnotes":"","jetpack_publicize_message":"","jetpack_publicize_feature_enabled":true,"jetpack_social_post_already_shared":true,"jetpack_social_options":{"image_generator_settings":{"template":"highway","default_image_id":0,"enabled":false},"version":2}},"categories":[8,1,2,7,3],"tags":[],"class_list":["post-37022","post","type-post","status-publish","format-image","has-post-thumbnail","hentry","category-deliberando","category-diario-armstrong","category-locales","category-politica","category-region","post_format-post-format-image"],"jetpack_publicize_connections":[],"jetpack_featured_media_url":"https:\/\/armstrongyregion.com.ar\/diario\/wp-content\/uploads\/2023\/01\/laspa-compag.jpg","jetpack_shortlink":"https:\/\/wp.me\/p62QDO-9D8","jetpack_sharing_enabled":true,"amp_enabled":true,"_links":{"self":[{"href":"https:\/\/armstrongyregion.com.ar\/diario\/wp-json\/wp\/v2\/posts\/37022","targetHints":{"allow":["GET"]}}],"collection":[{"href":"https:\/\/armstrongyregion.com.ar\/diario\/wp-json\/wp\/v2\/posts"}],"about":[{"href":"https:\/\/armstrongyregion.com.ar\/diario\/wp-json\/wp\/v2\/types\/post"}],"author":[{"embeddable":true,"href":"https:\/\/armstrongyregion.com.ar\/diario\/wp-json\/wp\/v2\/users\/1"}],"replies":[{"embeddable":true,"href":"https:\/\/armstrongyregion.com.ar\/diario\/wp-json\/wp\/v2\/comments?post=37022"}],"version-history":[{"count":1,"href":"https:\/\/armstrongyregion.com.ar\/diario\/wp-json\/wp\/v2\/posts\/37022\/revisions"}],"predecessor-version":[{"id":37026,"href":"https:\/\/armstrongyregion.com.ar\/diario\/wp-json\/wp\/v2\/posts\/37022\/revisions\/37026"}],"wp:featuredmedia":[{"embeddable":true,"href":"https:\/\/armstrongyregion.com.ar\/diario\/wp-json\/wp\/v2\/media\/37025"}],"wp:attachment":[{"href":"https:\/\/armstrongyregion.com.ar\/diario\/wp-json\/wp\/v2\/media?parent=37022"}],"wp:term":[{"taxonomy":"category","embeddable":true,"href":"https:\/\/armstrongyregion.com.ar\/diario\/wp-json\/wp\/v2\/categories?post=37022"},{"taxonomy":"post_tag","embeddable":true,"href":"https:\/\/armstrongyregion.com.ar\/diario\/wp-json\/wp\/v2\/tags?post=37022"}],"curies":[{"name":"wp","href":"https:\/\/api.w.org\/{rel}","templated":true}]}}