{"id":37019,"date":"2023-01-03T18:34:41","date_gmt":"2023-01-03T18:34:41","guid":{"rendered":"https:\/\/armstrongyregion.com.ar\/diario\/?p=37019"},"modified":"2023-01-03T18:34:45","modified_gmt":"2023-01-03T18:34:45","slug":"el-2022-fue-un-ano-record-para-las-exportaciones-de-origen-santafesino","status":"publish","type":"post","link":"https:\/\/armstrongyregion.com.ar\/diario\/el-2022-fue-un-ano-record-para-las-exportaciones-de-origen-santafesino\/","title":{"rendered":"El 2022 fue un a\u00f1o r\u00e9cord para las exportaciones de origen santafesino."},"content":{"rendered":"\n<figure class=\"wp-block-image size-full\"><a href=\"http:\/\/armstrongyregion.com.ar\/diario\/wp-content\/uploads\/2023\/01\/exportaciones-1-2-3-.jpg\"><img loading=\"lazy\" decoding=\"async\" width=\"640\" height=\"427\" src=\"http:\/\/armstrongyregion.com.ar\/diario\/wp-content\/uploads\/2023\/01\/exportaciones-1-2-3-.jpg\" alt=\"\" class=\"wp-image-37020\" srcset=\"https:\/\/armstrongyregion.com.ar\/diario\/wp-content\/uploads\/2023\/01\/exportaciones-1-2-3-.jpg 640w, https:\/\/armstrongyregion.com.ar\/diario\/wp-content\/uploads\/2023\/01\/exportaciones-1-2-3--300x200.jpg 300w\" sizes=\"auto, (max-width: 640px) 100vw, 640px\" \/><\/a><\/figure>\n\n\n\n<h2 class=\"wp-block-heading\">Las pol\u00edticas del gobierno de Omar Perotti para fomentar el comercio internacional mostraron resultados favorables, alcanzando una cifra hist\u00f3rica cercana a los U$S 20.000 millones.<\/h2>\n\n\n\n<p>Durante 2022, el gobierno provincial profundiz\u00f3 el camino de crecimiento de su entramado productivo, con un r\u00e9cord de exportaciones que alcanz\u00f3 una cifra cercana a los 20.000 millones de d\u00f3lares<\/p>\n\n\n\n<p>En ese marco, el secretario de Comercio Exterior, Germ\u00e1n B\u00fcrcher, manifest\u00f3 que \u201ces un orgullo alcanzar esta cifra hist\u00f3rica. Las decisiones que tomamos en los \u00faltimos tres a\u00f1os van dando sus resultados. No olvidemos que Santa Fe fue la primera provincia en adaptar su comercio internacional a los formatos digitales, en tiempos de pandemia. La realidad es que nunca paramos de buscar alternativas para seguir creciendo y potenciando a nuestras empresas\u201d, se\u00f1al\u00f3.<\/p>\n\n\n\n<p>\u201cTrabajamos d\u00eda a d\u00eda, con la indicaci\u00f3n del gobernador Omar Perotti, para aumentar la cantidad de pymes exportadoras y, de a poco, lo estamos logrando. Una empresa que empieza a exportar no s\u00f3lo llega a otro pa\u00eds con sus productos ampliando los mercados sino que, adem\u00e1s, genera m\u00e1s empleo, capacitaci\u00f3n, profesionalizaci\u00f3n y hace posible que se mueva todo un sistema de trabajo y producci\u00f3n\u201d, complet\u00f3 el funcionario.<\/p>\n\n\n\n<p><strong>UN POTENCIAL HIST\u00d3RICO<\/strong><\/p>\n\n\n\n<p>El potencial exportador caracteriz\u00f3 hist\u00f3ricamente a la provincia. Actualmente, representa entre el 22% y el 24% de las exportaciones argentinas, lo que convierte a la provincia en la segunda m\u00e1s exportadora a nivel nacional, teniendo entre sus principales destinos a pa\u00edses como India, Pa\u00edses Bajos, Brasil, Vietnam, China, Chile, Espa\u00f1a, Malasia y Per\u00fa.<\/p>\n\n\n\n<p>En el territorio santafesino se encuentran radicadas 730 empresas exportadoras, distribuidas en 98 ciudades. Adem\u00e1s, la Oferta Exportable de Santa Fe, que es la plataforma digital que nuclea a empresas que producen bienes y servicios con calidad para insertarse en los mercados globales, super\u00f3 este a\u00f1o las 2.000 firmas inscriptas.<\/p>\n\n\n\n<p><strong>M\u00c1S DE $ 60 MILLONES DESTINADOS A LA PROMOCI\u00d3N INTERNACIONAL<\/strong><\/p>\n\n\n\n<p>Entre los motivos que explican este fen\u00f3meno se encuentra el fuerte apoyo a las empresas exportadoras que lleva adelante la gesti\u00f3n de Omar Perotti. A trav\u00e9s de la Agencia Santa Fe Global, el gobierno provincial acompa\u00f1\u00f3 en 2022 a 331 empresas en acciones de promoci\u00f3n comercial en el exterior. Estas firmas pertenecen a 19 sectores productivos que participaron de 47 eventos comerciales presenciales internacionales en 19 pa\u00edses diferentes.<\/p>\n\n\n\n<p>Asimismo, se brind\u00f3 soporte a 707 empresas en eventos celebrados de forma virtual. Vale destacar que, de las 532 participaciones, el 25% de los representantes empresariales fueron mujeres.<\/p>\n\n\n\n<p>La provincia, adem\u00e1s, recibi\u00f3 en su territorio contrapartes de 12 pa\u00edses en rondas de negocios inversas. En total, entre ferias, misiones y rondas de negocios, el Estado santafesino invirti\u00f3 m\u00e1s de 60 millones de pesos durante 2022, en acciones de promoci\u00f3n internacional.<\/p>\n\n\n\n<p><strong>INTERNACIONALIZACI\u00d3N DE NUEVAS PYMES<\/strong><\/p>\n\n\n\n<p>En ese marco, Santa Fe tamb\u00e9n impulsa la internacionalizaci\u00f3n de nuevas pymes. Para ello, se trabaj\u00f3 junto a la Agencia Argentina de Inversi\u00f3n y Comercio Internacional (AAICI) con el programa Desaf\u00edo Exportador, el cual, durante la presente gesti\u00f3n, cont\u00f3 con la participaci\u00f3n de 281 empresas a las cuales se les asign\u00f3, por seis meses y sin cargo, un asistente t\u00e9cnico en materia de comercio internacional.<\/p>\n\n\n\n<p>Estos asistentes fueron capacitados en el marco del mismo programa, a trav\u00e9s de una Diplomatura en Comercio Internacional de la que egresaron 70 graduados. Por otro lado, se concret\u00f3 la formaci\u00f3n de siete grupos exportadores, entre los cuales se destacan dos casos de \u00e9xito: la Cooperativa de Cervezas Charo y el Grupo Exportador Ap\u00edcola Santafesinos. Estos grupos permiten que un conjunto de pymes puedan asociarse en el camino exportador y logren sus primeros pasos en la internacionalizaci\u00f3n.<\/p>\n\n\n\n<p>Las acciones de capacitaci\u00f3n fueron tambi\u00e9n extensas. M\u00e1s de 702 santafesinos participaron del Curso Introductorio de Comercio Exterior, dictado en vinculaci\u00f3n con Naci\u00f3n. Tambi\u00e9n se ejecutaron clases de sensibilizaci\u00f3n en materia de transformaci\u00f3n digital comercial, ecommerce, crossborder y marketing digital, de las que participaron m\u00e1s de 250 empresas.<\/p>\n\n\n\n<p>De igual modo, con una mirada federal, la Agencia Santa Fe Global estuvo presente en distintas localidades de la provincia, a trav\u00e9s del programa Ciudad Exportadora, para realizar capacitaciones en tem\u00e1ticas como precios exportables; actores de la exportaci\u00f3n; e inteligencia comercial internacional. De estos cursos participaron m\u00e1s de 150 referentes locales y m\u00e1s de 340 firmas.<\/p>\n\n\n\n<p><strong>OBRAS DE INFRAESTRUCTURA<\/strong><\/p>\n\n\n\n<p>Finalmente, otro aspecto importante de la pol\u00edtica de comercio exterior santafesina es su fuerte inversi\u00f3n en obras de infraestructura con el objeto de incrementar la competitividad del sector exportador.<\/p>\n\n\n\n<p>Durante la gesti\u00f3n, se invirti\u00f3 sobre la estructura de los cuatro puertos provinciales; se refuncionaliz\u00f3 el Puerto de Santa Fe y la Zona Franca Santafesina; se generaron lazos de gesti\u00f3n en los dos aeropuertos; se desarroll\u00f3 un nuevo dep\u00f3sito fiscal que se agrega a los tres ya existentes; y se invirti\u00f3 en la red ferroviaria con los dos circunvalares y en rutas provinciales.<\/p>\n","protected":false},"excerpt":{"rendered":"<p>Las pol\u00edticas del gobierno de Omar Perotti para fomentar el comercio internacional mostraron resultados favorables, alcanzando una cifra hist\u00f3rica cercana a los U$S 20.000 millones. Durante 2022, el gobierno provincial profundiz\u00f3 el camino de crecimiento de su entramado productivo, con un r\u00e9cord de exportaciones que alcanz\u00f3 una cifra cercana a los 20.000 millones de d\u00f3lares <a href=\"https:\/\/armstrongyregion.com.ar\/diario\/el-2022-fue-un-ano-record-para-las-exportaciones-de-origen-santafesino\/\" title=\"Read more\" >&#8230;<\/a><\/p>\n","protected":false},"author":1,"featured_media":37020,"comment_status":"open","ping_status":"open","sticky":false,"template":"","format":"image","meta":{"_jetpack_memberships_contains_paid_content":false,"footnotes":"","jetpack_publicize_message":"","jetpack_publicize_feature_enabled":true,"jetpack_social_post_already_shared":true,"jetpack_social_options":{"image_generator_settings":{"template":"highway","default_image_id":0,"enabled":false},"version":2}},"categories":[6,8,1,2819,2,7,3],"tags":[8661,154,16,8802,3449,81,8801,1282],"class_list":["post-37019","post","type-post","status-publish","format-image","has-post-thumbnail","hentry","category-cultura-entretenimiento","category-deliberando","category-diario-armstrong","category-el-pais","category-locales","category-politica","category-region","tag-8661","tag-ano","tag-el","tag-exportaciones","tag-origen","tag-para","tag-record-2","tag-santafesino","post_format-post-format-image"],"jetpack_publicize_connections":[],"jetpack_featured_media_url":"https:\/\/armstrongyregion.com.ar\/diario\/wp-content\/uploads\/2023\/01\/exportaciones-1-2-3-.jpg","jetpack_shortlink":"https:\/\/wp.me\/p62QDO-9D5","jetpack_sharing_enabled":true,"amp_enabled":true,"_links":{"self":[{"href":"https:\/\/armstrongyregion.com.ar\/diario\/wp-json\/wp\/v2\/posts\/37019","targetHints":{"allow":["GET"]}}],"collection":[{"href":"https:\/\/armstrongyregion.com.ar\/diario\/wp-json\/wp\/v2\/posts"}],"about":[{"href":"https:\/\/armstrongyregion.com.ar\/diario\/wp-json\/wp\/v2\/types\/post"}],"author":[{"embeddable":true,"href":"https:\/\/armstrongyregion.com.ar\/diario\/wp-json\/wp\/v2\/users\/1"}],"replies":[{"embeddable":true,"href":"https:\/\/armstrongyregion.com.ar\/diario\/wp-json\/wp\/v2\/comments?post=37019"}],"version-history":[{"count":1,"href":"https:\/\/armstrongyregion.com.ar\/diario\/wp-json\/wp\/v2\/posts\/37019\/revisions"}],"predecessor-version":[{"id":37021,"href":"https:\/\/armstrongyregion.com.ar\/diario\/wp-json\/wp\/v2\/posts\/37019\/revisions\/37021"}],"wp:featuredmedia":[{"embeddable":true,"href":"https:\/\/armstrongyregion.com.ar\/diario\/wp-json\/wp\/v2\/media\/37020"}],"wp:attachment":[{"href":"https:\/\/armstrongyregion.com.ar\/diario\/wp-json\/wp\/v2\/media?parent=37019"}],"wp:term":[{"taxonomy":"category","embeddable":true,"href":"https:\/\/armstrongyregion.com.ar\/diario\/wp-json\/wp\/v2\/categories?post=37019"},{"taxonomy":"post_tag","embeddable":true,"href":"https:\/\/armstrongyregion.com.ar\/diario\/wp-json\/wp\/v2\/tags?post=37019"}],"curies":[{"name":"wp","href":"https:\/\/api.w.org\/{rel}","templated":true}]}}