{"id":37016,"date":"2023-01-02T16:58:48","date_gmt":"2023-01-02T16:58:48","guid":{"rendered":"https:\/\/armstrongyregion.com.ar\/diario\/?p=37016"},"modified":"2023-01-02T16:58:52","modified_gmt":"2023-01-02T16:58:52","slug":"la-provincia-fortalece-equipos-tecnicos-para-el-desarrollo-del-inventario-provincial-de-humedales","status":"publish","type":"post","link":"https:\/\/armstrongyregion.com.ar\/diario\/la-provincia-fortalece-equipos-tecnicos-para-el-desarrollo-del-inventario-provincial-de-humedales\/","title":{"rendered":"La provincia fortalece equipos t\u00e9cnicos para el desarrollo del Inventario Provincial de Humedales."},"content":{"rendered":"\n<figure class=\"wp-block-image size-full\"><a href=\"http:\/\/armstrongyregion.com.ar\/diario\/wp-content\/uploads\/2023\/01\/humedales-.jpg\"><img loading=\"lazy\" decoding=\"async\" width=\"570\" height=\"320\" src=\"http:\/\/armstrongyregion.com.ar\/diario\/wp-content\/uploads\/2023\/01\/humedales-.jpg\" alt=\"\" class=\"wp-image-37017\" srcset=\"https:\/\/armstrongyregion.com.ar\/diario\/wp-content\/uploads\/2023\/01\/humedales-.jpg 570w, https:\/\/armstrongyregion.com.ar\/diario\/wp-content\/uploads\/2023\/01\/humedales--300x168.jpg 300w\" sizes=\"auto, (max-width: 570px) 100vw, 570px\" \/><\/a><\/figure>\n\n\n\n<h2 class=\"wp-block-heading\">Se llev\u00f3 adelante una nueva capacitaci\u00f3n a cargo de Carlos Ramonell (UNL) y Patricia Kandus (UNSAM) y otros expertos en la tem\u00e1tica.<\/h2>\n\n\n\n<p>El gobierno de Santa Fe, a trav\u00e9s del Ministerio de Ambiente y Cambio Clim\u00e1tico, contin\u00faa avanzando en la elaboraci\u00f3n del Inventario Provincial de Humedales. En ese sentido, se llev\u00f3 adelante una capacitaci\u00f3n destinada a profesionales y t\u00e9cnicos de Santa Fe a fin de generar herramientas para diagramar los pr\u00f3ximos niveles de trabajo.<\/p>\n\n\n\n<p>El evento estuvo a cargo de especialistas del profesor de la Facultad de Ingenier\u00eda y Ciencias H\u00eddricas de la Universidad Nacional del Litoral, Carlos Ramonell, y las integrantes del Instituto de Investigaci\u00f3n e Ingenier\u00eda Ambiental de la Universidad Nacional de San Mart\u00edn, Patricia Kandus y Priscilla Minotti.<\/p>\n\n\n\n<p>\u201cEste inventario tiene que ver con una decisi\u00f3n pol\u00edtica que compartimos con el gobernador Omar Perotti de conocer las caracter\u00edsticas de nuestro territorio para potenciar los niveles de conservaci\u00f3n de estas regiones\u201d, explic\u00f3 la Ministra de Ambiente y Cambio Clim\u00e1tico, Erika Gonnet.<\/p>\n\n\n\n<p>\u201cLa provincia tiene una diversidad enorme y un denominador com\u00fan que son los humedales, por lo cual tenemos una gran labor por delante que tiene que ver con el ordenamiento ambiental del territorio, el arraigo y el desarrollo sostenible\u201d, finaliz\u00f3 la ministra.<\/p>\n\n\n\n<p>Por su parte, en relaci\u00f3n a la capacitaci\u00f3n, la directora de Conservaci\u00f3n y Regeneraci\u00f3n, Clara Mitchell, coment\u00f3: \u201cDurante dos d\u00edas, trabajamos junto a los equipos t\u00e9cnicos de la provincia para acercar conocimientos espec\u00edficos sobre la confecci\u00f3n del Inventario Provincial de Humedales\u201d. \u201cFundamentalmente abordamos el Nivel 3 del Inventario, con el ejemplo que se est\u00e1 llevando a cabo desde la Ciudad de Santa Fe hasta la localidad de Florencia, en todo el valle de inundaci\u00f3n del r\u00edo Paran\u00e1\u201d.<\/p>\n\n\n\n<p>De la jornada participaron la subsecretaria de Protecci\u00f3n de la Naturaleza, Josefina Obeid, y las asesoras t\u00e9cnicas Estefan\u00eda Odetto y Daniela Lossada.<\/p>\n\n\n\n<p><strong>LOS OBJETIVOS<\/strong><\/p>\n\n\n\n<p>El objetivo del encuentro fue fortalecer la dimensi\u00f3n federal del proceso de inventario de humedales, a trav\u00e9s de los equipos t\u00e9cnicos de las provincias de manera consistente con el modelo propiciado por el Ministerio de Ambiente y Desarrollo Sustentable de la Naci\u00f3n, que impulsa la concreci\u00f3n del Inventario Nacional de Humedales de Argentina (INH). En esta oportunidad, se trat\u00f3 del segundo taller en la provincia de Santa Fe teniendo en cuenta el encuentro de julio del corriente a\u00f1o.<\/p>\n\n\n\n<p>Estas capacitaciones fueron impulsadas por la Fundaci\u00f3n Humedales\/Wetlands International que se encuadran en el Programa Corredor Azul, en asociaci\u00f3n con la Universidad Nacional de San Mart\u00edn, la Universidad Nacional del Litoral, el Ministerio de Ambiente y Cambio Clim\u00e1tico de Santa Fe y el Ministerio de Ambiente y Desarrollo Sostenible de la Naci\u00f3n.<\/p>\n\n\n\n<p><strong>INVENTARIO PROVINCIAL DE HUMEDALES<\/strong><\/p>\n\n\n\n<p>La realizaci\u00f3n de inventarios de humedales se inscribe en la necesidad de obtener un conocimiento claro y preciso en relaci\u00f3n a la identificaci\u00f3n y caracterizaci\u00f3n sobre estos ecosistemas provinciales, para la toma de decisiones vinculadas con su conservaci\u00f3n y su uso sostenible.<\/p>\n\n\n\n<p>De esta manera, el inventario se constituye como una herramienta a trav\u00e9s de la cual se brinda informaci\u00f3n actualizada georreferenciada sobre la extensi\u00f3n, variedad, caracter\u00edsticas, funciones ecol\u00f3gicas, servicios ecosist\u00e9micos y estado de conservaci\u00f3n de los humedales dentro del territorio provincial.<\/p>\n\n\n\n<p>En ese sentido, la cartera nacional sugiere la realizaci\u00f3n del inventario de humedales en cuatro niveles o escalas espaciales, las cuales permiten un acercamiento y obtenci\u00f3n de informaci\u00f3n m\u00e1s profunda a medida que se avanza en los niveles.<\/p>\n","protected":false},"excerpt":{"rendered":"<p>Se llev\u00f3 adelante una nueva capacitaci\u00f3n a cargo de Carlos Ramonell (UNL) y Patricia Kandus (UNSAM) y otros expertos en la tem\u00e1tica. El gobierno de Santa Fe, a trav\u00e9s del Ministerio de Ambiente y Cambio Clim\u00e1tico, contin\u00faa avanzando en la elaboraci\u00f3n del Inventario Provincial de Humedales. En ese sentido, se llev\u00f3 adelante una capacitaci\u00f3n destinada <a href=\"https:\/\/armstrongyregion.com.ar\/diario\/la-provincia-fortalece-equipos-tecnicos-para-el-desarrollo-del-inventario-provincial-de-humedales\/\" title=\"Read more\" >&#8230;<\/a><\/p>\n","protected":false},"author":1,"featured_media":37017,"comment_status":"open","ping_status":"open","sticky":false,"template":"","format":"image","meta":{"_jetpack_memberships_contains_paid_content":false,"footnotes":"","jetpack_publicize_message":"","jetpack_publicize_feature_enabled":true,"jetpack_social_post_already_shared":true,"jetpack_social_options":{"image_generator_settings":{"template":"highway","default_image_id":0,"enabled":false},"version":2}},"categories":[6,8,1,2819,2,7,3],"tags":[8798,8797,8800,8640,8799],"class_list":["post-37016","post","type-post","status-publish","format-image","has-post-thumbnail","hentry","category-cultura-entretenimiento","category-deliberando","category-diario-armstrong","category-el-pais","category-locales","category-politica","category-region","tag-equipos","tag-fortalece","tag-humedales","tag-provincia-2","tag-tecnicos-2","post_format-post-format-image"],"jetpack_publicize_connections":[],"jetpack_featured_media_url":"https:\/\/armstrongyregion.com.ar\/diario\/wp-content\/uploads\/2023\/01\/humedales-.jpg","jetpack_shortlink":"https:\/\/wp.me\/p62QDO-9D2","jetpack_sharing_enabled":true,"amp_enabled":true,"_links":{"self":[{"href":"https:\/\/armstrongyregion.com.ar\/diario\/wp-json\/wp\/v2\/posts\/37016","targetHints":{"allow":["GET"]}}],"collection":[{"href":"https:\/\/armstrongyregion.com.ar\/diario\/wp-json\/wp\/v2\/posts"}],"about":[{"href":"https:\/\/armstrongyregion.com.ar\/diario\/wp-json\/wp\/v2\/types\/post"}],"author":[{"embeddable":true,"href":"https:\/\/armstrongyregion.com.ar\/diario\/wp-json\/wp\/v2\/users\/1"}],"replies":[{"embeddable":true,"href":"https:\/\/armstrongyregion.com.ar\/diario\/wp-json\/wp\/v2\/comments?post=37016"}],"version-history":[{"count":1,"href":"https:\/\/armstrongyregion.com.ar\/diario\/wp-json\/wp\/v2\/posts\/37016\/revisions"}],"predecessor-version":[{"id":37018,"href":"https:\/\/armstrongyregion.com.ar\/diario\/wp-json\/wp\/v2\/posts\/37016\/revisions\/37018"}],"wp:featuredmedia":[{"embeddable":true,"href":"https:\/\/armstrongyregion.com.ar\/diario\/wp-json\/wp\/v2\/media\/37017"}],"wp:attachment":[{"href":"https:\/\/armstrongyregion.com.ar\/diario\/wp-json\/wp\/v2\/media?parent=37016"}],"wp:term":[{"taxonomy":"category","embeddable":true,"href":"https:\/\/armstrongyregion.com.ar\/diario\/wp-json\/wp\/v2\/categories?post=37016"},{"taxonomy":"post_tag","embeddable":true,"href":"https:\/\/armstrongyregion.com.ar\/diario\/wp-json\/wp\/v2\/tags?post=37016"}],"curies":[{"name":"wp","href":"https:\/\/api.w.org\/{rel}","templated":true}]}}