{"id":37008,"date":"2022-12-31T20:56:59","date_gmt":"2022-12-31T20:56:59","guid":{"rendered":"https:\/\/armstrongyregion.com.ar\/diario\/?p=37008"},"modified":"2022-12-31T20:57:03","modified_gmt":"2022-12-31T20:57:03","slug":"el-intendente-dr-pablo-verdecchia-hizo-llegar-su-saludo-de-fin-de-ano-a-traves-de-los-medios-de-armstrong-y-la-region","status":"publish","type":"post","link":"https:\/\/armstrongyregion.com.ar\/diario\/el-intendente-dr-pablo-verdecchia-hizo-llegar-su-saludo-de-fin-de-ano-a-traves-de-los-medios-de-armstrong-y-la-region\/","title":{"rendered":"El intendente Dr. Pablo Verdecchia hizo llegar su saludo de fin de a\u00f1o a trav\u00e9s de los medios de Armstrong y la regi\u00f3n."},"content":{"rendered":"\n<figure class=\"wp-block-image size-full\"><a href=\"http:\/\/armstrongyregion.com.ar\/diario\/wp-content\/uploads\/2022\/12\/Dr.-Pablo-Verdecchia-31-12-.jpg\"><img loading=\"lazy\" decoding=\"async\" width=\"777\" height=\"535\" src=\"http:\/\/armstrongyregion.com.ar\/diario\/wp-content\/uploads\/2022\/12\/Dr.-Pablo-Verdecchia-31-12-.jpg\" alt=\"\" class=\"wp-image-37009\" srcset=\"https:\/\/armstrongyregion.com.ar\/diario\/wp-content\/uploads\/2022\/12\/Dr.-Pablo-Verdecchia-31-12-.jpg 777w, https:\/\/armstrongyregion.com.ar\/diario\/wp-content\/uploads\/2022\/12\/Dr.-Pablo-Verdecchia-31-12--300x207.jpg 300w, https:\/\/armstrongyregion.com.ar\/diario\/wp-content\/uploads\/2022\/12\/Dr.-Pablo-Verdecchia-31-12--768x529.jpg 768w\" sizes=\"auto, (max-width: 777px) 100vw, 777px\" \/><\/a><\/figure>\n\n\n\n<h2 class=\"wp-block-heading\">En este a\u00f1o que finaliza dejemos atr\u00e1s las divisiones, las grietas, los enojos y en el que se inicia demos paso al compromiso para trabajar todos juntos, con afecto, con solidaridad para compartir una ciudad m\u00e1s ordenada y limpia.<\/h2>\n\n\n\n<p>Brindemos por lograr una ciudad donde<strong>\u00a0todos\u00a0seamos protagonistas\u00a0de iniciar un cambio definitivo,<\/strong> volvamos a sentir en lo profundo de nuestros corazones<strong> los deseos de que Armstrong sea nuestro mejor lugar para vivir,<\/strong> y a trav\u00e9s del amor, del\u00a0<strong>encuentro<\/strong>, poder crecer juntos.<\/p>\n\n\n\n<p><strong>Siempre sostuve que las dificultades nos preparan para ser mejore<\/strong>s; estos tiempos no ser\u00e1n la excepci\u00f3n.<\/p>\n\n\n\n<p><strong>Recibamos este 2023 unidos, en familia,<\/strong> con muchas\u00a0<strong>sonrisas\u00a0<\/strong>pero sobre todo con la\u00a0<strong>fe\u00a0inquebrantable<\/strong>\u00a0y las<strong>\u00a0convicciones intactas<\/strong>.<\/p>\n","protected":false},"excerpt":{"rendered":"<p>En este a\u00f1o que finaliza dejemos atr\u00e1s las divisiones, las grietas, los enojos y en el que se inicia demos paso al compromiso para trabajar todos juntos, con afecto, con solidaridad para compartir una ciudad m\u00e1s ordenada y limpia. Brindemos por lograr una ciudad donde\u00a0todos\u00a0seamos protagonistas\u00a0de iniciar un cambio definitivo, volvamos a sentir en lo <a href=\"https:\/\/armstrongyregion.com.ar\/diario\/el-intendente-dr-pablo-verdecchia-hizo-llegar-su-saludo-de-fin-de-ano-a-traves-de-los-medios-de-armstrong-y-la-region\/\" title=\"Read more\" >&#8230;<\/a><\/p>\n","protected":false},"author":1,"featured_media":37009,"comment_status":"open","ping_status":"open","sticky":false,"template":"","format":"image","meta":{"_jetpack_memberships_contains_paid_content":false,"footnotes":"","jetpack_publicize_message":"","jetpack_publicize_feature_enabled":true,"jetpack_social_post_already_shared":true,"jetpack_social_options":{"image_generator_settings":{"template":"highway","default_image_id":0,"enabled":false},"version":2}},"categories":[6,8,1,2,7,3],"tags":[154,19,8790,1294,1197,8792,35,205],"class_list":["post-37008","post","type-post","status-publish","format-image","has-post-thumbnail","hentry","category-cultura-entretenimiento","category-deliberando","category-diario-armstrong","category-locales","category-politica","category-region","tag-ano","tag-de","tag-dr-pablo","tag-fin","tag-hizo","tag-saludo-2","tag-su","tag-verdecchia","post_format-post-format-image"],"jetpack_publicize_connections":[],"jetpack_featured_media_url":"https:\/\/armstrongyregion.com.ar\/diario\/wp-content\/uploads\/2022\/12\/Dr.-Pablo-Verdecchia-31-12-.jpg","jetpack_shortlink":"https:\/\/wp.me\/p62QDO-9CU","jetpack_sharing_enabled":true,"amp_enabled":true,"_links":{"self":[{"href":"https:\/\/armstrongyregion.com.ar\/diario\/wp-json\/wp\/v2\/posts\/37008","targetHints":{"allow":["GET"]}}],"collection":[{"href":"https:\/\/armstrongyregion.com.ar\/diario\/wp-json\/wp\/v2\/posts"}],"about":[{"href":"https:\/\/armstrongyregion.com.ar\/diario\/wp-json\/wp\/v2\/types\/post"}],"author":[{"embeddable":true,"href":"https:\/\/armstrongyregion.com.ar\/diario\/wp-json\/wp\/v2\/users\/1"}],"replies":[{"embeddable":true,"href":"https:\/\/armstrongyregion.com.ar\/diario\/wp-json\/wp\/v2\/comments?post=37008"}],"version-history":[{"count":1,"href":"https:\/\/armstrongyregion.com.ar\/diario\/wp-json\/wp\/v2\/posts\/37008\/revisions"}],"predecessor-version":[{"id":37010,"href":"https:\/\/armstrongyregion.com.ar\/diario\/wp-json\/wp\/v2\/posts\/37008\/revisions\/37010"}],"wp:featuredmedia":[{"embeddable":true,"href":"https:\/\/armstrongyregion.com.ar\/diario\/wp-json\/wp\/v2\/media\/37009"}],"wp:attachment":[{"href":"https:\/\/armstrongyregion.com.ar\/diario\/wp-json\/wp\/v2\/media?parent=37008"}],"wp:term":[{"taxonomy":"category","embeddable":true,"href":"https:\/\/armstrongyregion.com.ar\/diario\/wp-json\/wp\/v2\/categories?post=37008"},{"taxonomy":"post_tag","embeddable":true,"href":"https:\/\/armstrongyregion.com.ar\/diario\/wp-json\/wp\/v2\/tags?post=37008"}],"curies":[{"name":"wp","href":"https:\/\/api.w.org\/{rel}","templated":true}]}}