{"id":37005,"date":"2022-12-31T20:42:50","date_gmt":"2022-12-31T20:42:50","guid":{"rendered":"https:\/\/armstrongyregion.com.ar\/diario\/?p=37005"},"modified":"2022-12-31T20:42:54","modified_gmt":"2022-12-31T20:42:54","slug":"senadores-dieron-media-sancion-al-nuevo-sistema-de-gestion-de-emergencias-y-desastres-agropecuarios","status":"publish","type":"post","link":"https:\/\/armstrongyregion.com.ar\/diario\/senadores-dieron-media-sancion-al-nuevo-sistema-de-gestion-de-emergencias-y-desastres-agropecuarios\/","title":{"rendered":"Senadores dieron media sanci\u00f3n al nuevo Sistema de Gesti\u00f3n de Emergencias y Desastres Agropecuarios."},"content":{"rendered":"\n<figure class=\"wp-block-image size-full\"><a href=\"http:\/\/armstrongyregion.com.ar\/diario\/wp-content\/uploads\/2022\/12\/GC-2022-12-29-Ley-Emergencia-Agro.jpg\"><img loading=\"lazy\" decoding=\"async\" width=\"473\" height=\"270\" src=\"http:\/\/armstrongyregion.com.ar\/diario\/wp-content\/uploads\/2022\/12\/GC-2022-12-29-Ley-Emergencia-Agro.jpg\" alt=\"\" class=\"wp-image-37006\" srcset=\"https:\/\/armstrongyregion.com.ar\/diario\/wp-content\/uploads\/2022\/12\/GC-2022-12-29-Ley-Emergencia-Agro.jpg 473w, https:\/\/armstrongyregion.com.ar\/diario\/wp-content\/uploads\/2022\/12\/GC-2022-12-29-Ley-Emergencia-Agro-300x171.jpg 300w\" sizes=\"auto, (max-width: 473px) 100vw, 473px\" \/><\/a><\/figure>\n\n\n\n<h2 class=\"wp-block-heading\"><strong>El legislador provincial Guillermo Cornaglia acompa\u00f1\u00f3 con su voto la iniciativa que promueve mecanismos para la recomposici\u00f3n productiva ante situaciones como la sequ\u00eda.<\/strong><\/h2>\n\n\n\n<p>La C\u00e1mara de Senadores de Santa Fe aprob\u00f3 con media sanci\u00f3n la creaci\u00f3n de un nuevo Sistema Provincial de Gesti\u00f3n Integral de Riesgos de Emergencias y Desastres Agropecuarios. El legislador por el departamento Belgrano, Guillermo Cornaglia, explic\u00f3 que la nueva ley contempla las miradas de las distintas zonas productivas, pone el foco en la prevenci\u00f3n y promueve mecanismos para la recomposici\u00f3n productiva ante situaciones como la sequ\u00eda que golpea actualmente a nuestra provincia. &nbsp;&nbsp;<\/p>\n\n\n\n<p>La aprobaci\u00f3n del nuevo sistema por parte de la C\u00e1mara Alta santafesina tuvo lugar el jueves 29 de diciembre durante la \u00faltima sesi\u00f3n del a\u00f1o, la cual fue de car\u00e1cter extraordinario.<\/p>\n","protected":false},"excerpt":{"rendered":"<p>El legislador provincial Guillermo Cornaglia acompa\u00f1\u00f3 con su voto la iniciativa que promueve mecanismos para la recomposici\u00f3n productiva ante situaciones como la sequ\u00eda. La C\u00e1mara de Senadores de Santa Fe aprob\u00f3 con media sanci\u00f3n la creaci\u00f3n de un nuevo Sistema Provincial de Gesti\u00f3n Integral de Riesgos de Emergencias y Desastres Agropecuarios. El legislador por el <a href=\"https:\/\/armstrongyregion.com.ar\/diario\/senadores-dieron-media-sancion-al-nuevo-sistema-de-gestion-de-emergencias-y-desastres-agropecuarios\/\" title=\"Read more\" >&#8230;<\/a><\/p>\n","protected":false},"author":1,"featured_media":37006,"comment_status":"open","ping_status":"open","sticky":false,"template":"","format":"image","meta":{"_jetpack_memberships_contains_paid_content":false,"footnotes":"","jetpack_publicize_message":"","jetpack_publicize_feature_enabled":true,"jetpack_social_post_already_shared":true,"jetpack_social_options":{"image_generator_settings":{"template":"highway","default_image_id":0,"enabled":false},"version":2}},"categories":[6,8,1,2,7,3],"tags":[179,19,8789,3782,8594,4559,790,1349,2335],"class_list":["post-37005","post","type-post","status-publish","format-image","has-post-thumbnail","hentry","category-cultura-entretenimiento","category-deliberando","category-diario-armstrong","category-locales","category-politica","category-region","tag-al","tag-de","tag-dieron","tag-emergencias","tag-gestion-2","tag-media","tag-sancion","tag-senadores","tag-sistema","post_format-post-format-image"],"jetpack_publicize_connections":[],"jetpack_featured_media_url":"https:\/\/armstrongyregion.com.ar\/diario\/wp-content\/uploads\/2022\/12\/GC-2022-12-29-Ley-Emergencia-Agro.jpg","jetpack_shortlink":"https:\/\/wp.me\/p62QDO-9CR","jetpack_sharing_enabled":true,"amp_enabled":true,"_links":{"self":[{"href":"https:\/\/armstrongyregion.com.ar\/diario\/wp-json\/wp\/v2\/posts\/37005","targetHints":{"allow":["GET"]}}],"collection":[{"href":"https:\/\/armstrongyregion.com.ar\/diario\/wp-json\/wp\/v2\/posts"}],"about":[{"href":"https:\/\/armstrongyregion.com.ar\/diario\/wp-json\/wp\/v2\/types\/post"}],"author":[{"embeddable":true,"href":"https:\/\/armstrongyregion.com.ar\/diario\/wp-json\/wp\/v2\/users\/1"}],"replies":[{"embeddable":true,"href":"https:\/\/armstrongyregion.com.ar\/diario\/wp-json\/wp\/v2\/comments?post=37005"}],"version-history":[{"count":1,"href":"https:\/\/armstrongyregion.com.ar\/diario\/wp-json\/wp\/v2\/posts\/37005\/revisions"}],"predecessor-version":[{"id":37007,"href":"https:\/\/armstrongyregion.com.ar\/diario\/wp-json\/wp\/v2\/posts\/37005\/revisions\/37007"}],"wp:featuredmedia":[{"embeddable":true,"href":"https:\/\/armstrongyregion.com.ar\/diario\/wp-json\/wp\/v2\/media\/37006"}],"wp:attachment":[{"href":"https:\/\/armstrongyregion.com.ar\/diario\/wp-json\/wp\/v2\/media?parent=37005"}],"wp:term":[{"taxonomy":"category","embeddable":true,"href":"https:\/\/armstrongyregion.com.ar\/diario\/wp-json\/wp\/v2\/categories?post=37005"},{"taxonomy":"post_tag","embeddable":true,"href":"https:\/\/armstrongyregion.com.ar\/diario\/wp-json\/wp\/v2\/tags?post=37005"}],"curies":[{"name":"wp","href":"https:\/\/api.w.org\/{rel}","templated":true}]}}