{"id":37002,"date":"2022-12-31T20:38:38","date_gmt":"2022-12-31T20:38:38","guid":{"rendered":"https:\/\/armstrongyregion.com.ar\/diario\/?p=37002"},"modified":"2022-12-31T20:38:42","modified_gmt":"2022-12-31T20:38:42","slug":"pullaro-a-perotti-gobernador-tome-las-riendas-de-la-gestion-y-actue","status":"publish","type":"post","link":"https:\/\/armstrongyregion.com.ar\/diario\/pullaro-a-perotti-gobernador-tome-las-riendas-de-la-gestion-y-actue\/","title":{"rendered":"Pullaro a Perotti: \u00abGobernador tome las riendas de la gesti\u00f3n y act\u00fae\u00bb."},"content":{"rendered":"\n<figure class=\"wp-block-image size-full\"><a href=\"http:\/\/armstrongyregion.com.ar\/diario\/wp-content\/uploads\/2022\/12\/Pullaro-1.jpg\"><img loading=\"lazy\" decoding=\"async\" width=\"415\" height=\"302\" src=\"http:\/\/armstrongyregion.com.ar\/diario\/wp-content\/uploads\/2022\/12\/Pullaro-1.jpg\" alt=\"\" class=\"wp-image-37003\" srcset=\"https:\/\/armstrongyregion.com.ar\/diario\/wp-content\/uploads\/2022\/12\/Pullaro-1.jpg 415w, https:\/\/armstrongyregion.com.ar\/diario\/wp-content\/uploads\/2022\/12\/Pullaro-1-300x218.jpg 300w\" sizes=\"auto, (max-width: 415px) 100vw, 415px\" \/><\/a><\/figure>\n\n\n\n<h2 class=\"wp-block-heading\"><em>Tras las balaceras a Canal 3, el Servicio Penitenciario y los asesinatos que no cesan, el precandidato a gobernador de Juntos por el Cambio, le pidi\u00f3 al Jefe del Ejecutivo que tome las riendas de la provincia de una vez y la ponga en el camino de la Paz y el Orden que prometi\u00f3 en la campa\u00f1a.<\/em><\/h2>\n\n\n\n<p>La noche del 28 de diciembre en Rosario dej\u00f3 el saldo de varias balaceras. Una de ellas en Televisi\u00f3n Litoral, otras dos en el Servicio Penitenciario y una cuarta en un local comercial. Adem\u00e1s, en las \u00faltimas horas se sumaron dos homicidios en las ciudades de Rosario y San Lorenzo, este \u00faltimo un trabajador de prensa en ocasi\u00f3n de robo.<\/p>\n\n\n\n<p>\u201cA tres a\u00f1os de haber asumido el gobierno, Omar Perotti persiste en el error de no tener un plan, de no tener a la polic\u00eda en la calle, de no investigar ni detener a las mafias. La falta de directivas claras y la no conducci\u00f3n de la Polic\u00eda de Santa Fe inciden directamente en los homicidios que se duplicaron, y en los robos y hurtos que se triplicaron. Le pido una vez m\u00e1s al gobernador que tome las riendas de la gesti\u00f3n y act\u00fae\u201d, se\u00f1al\u00f3 el diputado de Juntos por el Cambio Maximiliano Pullaro<\/p>\n\n\n\n<p>\u201cEl gobernador debe tomar medidas urgentes, no abandonar a la gente, coordinar con la justicia, y hacerse cargo del problema. El gobierno no gobierna, relata la realidad y los delincuentes avanzan y corren la raya todo el tiempo\u201d, a\u00f1adi\u00f3.<\/p>\n\n\n\n<p>A 3 d\u00edas de terminar el a\u00f1o las cifras exceden por lejos cualquiera de los a\u00f1os anteriores y duplican las del 2019, \u00faltimo a\u00f1o de Maximiliano Pullaro en el Ministerio de Seguridad.<\/p>\n\n\n\n<p>\u201cEl 2022 pasar\u00e1 a la historia como el a\u00f1o m\u00e1s violento de la provincia de Santa Fe y de la ciudad de Rosario, mientras, el Ejecutivo alterna entre el silencio de los funcionarios y el ocasional relato de un gobernador que prometi\u00f3 la Paz y el Orden pero sigue escondido tras excusas\u201d, finaliz\u00f3.<\/p>\n","protected":false},"excerpt":{"rendered":"<p>Tras las balaceras a Canal 3, el Servicio Penitenciario y los asesinatos que no cesan, el precandidato a gobernador de Juntos por el Cambio, le pidi\u00f3 al Jefe del Ejecutivo que tome las riendas de la provincia de una vez y la ponga en el camino de la Paz y el Orden que prometi\u00f3 en <a href=\"https:\/\/armstrongyregion.com.ar\/diario\/pullaro-a-perotti-gobernador-tome-las-riendas-de-la-gestion-y-actue\/\" title=\"Read more\" >&#8230;<\/a><\/p>\n","protected":false},"author":1,"featured_media":37003,"comment_status":"open","ping_status":"open","sticky":false,"template":"","format":"image","meta":{"_jetpack_memberships_contains_paid_content":false,"footnotes":"","jetpack_publicize_message":"","jetpack_publicize_feature_enabled":true,"jetpack_social_post_already_shared":true,"jetpack_social_options":{"image_generator_settings":{"template":"highway","default_image_id":0,"enabled":false},"version":2}},"categories":[8,1,2,7,3],"tags":[33,8788,19,1297,766,1409,2846,8787,3342,13],"class_list":["post-37002","post","type-post","status-publish","format-image","has-post-thumbnail","hentry","category-deliberando","category-diario-armstrong","category-locales","category-politica","category-region","tag-a","tag-actue","tag-de","tag-gestion","tag-gobernador","tag-perotti","tag-pullaro","tag-riendas","tag-tome","tag-y","post_format-post-format-image"],"jetpack_publicize_connections":[],"jetpack_featured_media_url":"https:\/\/armstrongyregion.com.ar\/diario\/wp-content\/uploads\/2022\/12\/Pullaro-1.jpg","jetpack_shortlink":"https:\/\/wp.me\/p62QDO-9CO","jetpack_sharing_enabled":true,"amp_enabled":true,"_links":{"self":[{"href":"https:\/\/armstrongyregion.com.ar\/diario\/wp-json\/wp\/v2\/posts\/37002","targetHints":{"allow":["GET"]}}],"collection":[{"href":"https:\/\/armstrongyregion.com.ar\/diario\/wp-json\/wp\/v2\/posts"}],"about":[{"href":"https:\/\/armstrongyregion.com.ar\/diario\/wp-json\/wp\/v2\/types\/post"}],"author":[{"embeddable":true,"href":"https:\/\/armstrongyregion.com.ar\/diario\/wp-json\/wp\/v2\/users\/1"}],"replies":[{"embeddable":true,"href":"https:\/\/armstrongyregion.com.ar\/diario\/wp-json\/wp\/v2\/comments?post=37002"}],"version-history":[{"count":1,"href":"https:\/\/armstrongyregion.com.ar\/diario\/wp-json\/wp\/v2\/posts\/37002\/revisions"}],"predecessor-version":[{"id":37004,"href":"https:\/\/armstrongyregion.com.ar\/diario\/wp-json\/wp\/v2\/posts\/37002\/revisions\/37004"}],"wp:featuredmedia":[{"embeddable":true,"href":"https:\/\/armstrongyregion.com.ar\/diario\/wp-json\/wp\/v2\/media\/37003"}],"wp:attachment":[{"href":"https:\/\/armstrongyregion.com.ar\/diario\/wp-json\/wp\/v2\/media?parent=37002"}],"wp:term":[{"taxonomy":"category","embeddable":true,"href":"https:\/\/armstrongyregion.com.ar\/diario\/wp-json\/wp\/v2\/categories?post=37002"},{"taxonomy":"post_tag","embeddable":true,"href":"https:\/\/armstrongyregion.com.ar\/diario\/wp-json\/wp\/v2\/tags?post=37002"}],"curies":[{"name":"wp","href":"https:\/\/api.w.org\/{rel}","templated":true}]}}