{"id":3700,"date":"2015-08-23T01:04:00","date_gmt":"2015-08-23T01:04:00","guid":{"rendered":"https:\/\/armstrongyregion.com.ar\/diario\/?p=3700"},"modified":"2015-08-23T01:04:00","modified_gmt":"2015-08-23T01:04:00","slug":"canada-de-gomez-cine-debate-en-la-casa-del-bicentenario","status":"publish","type":"post","link":"https:\/\/armstrongyregion.com.ar\/diario\/canada-de-gomez-cine-debate-en-la-casa-del-bicentenario\/","title":{"rendered":"Ca\u00f1ada de G\u00f3mez. Cine debate en la casa del bicentenario."},"content":{"rendered":"<p><a href=\"http:\/\/armstrongyregion.com.ar\/diario\/wp-content\/uploads\/2015\/08\/11901528_10207035072820404_1549297157_o.jpg\"><img loading=\"lazy\" decoding=\"async\" class=\"alignnone size-medium wp-image-3701\" src=\"http:\/\/armstrongyregion.com.ar\/diario\/wp-content\/uploads\/2015\/08\/11901528_10207035072820404_1549297157_o-300x169.jpg\" alt=\"Ca\u00f1ada-de-G\u00f3mez-\" width=\"300\" height=\"169\" srcset=\"https:\/\/armstrongyregion.com.ar\/diario\/wp-content\/uploads\/2015\/08\/11901528_10207035072820404_1549297157_o-300x169.jpg 300w, https:\/\/armstrongyregion.com.ar\/diario\/wp-content\/uploads\/2015\/08\/11901528_10207035072820404_1549297157_o-1024x576.jpg 1024w, https:\/\/armstrongyregion.com.ar\/diario\/wp-content\/uploads\/2015\/08\/11901528_10207035072820404_1549297157_o.jpg 2048w\" sizes=\"auto, (max-width: 300px) 100vw, 300px\" \/><\/a>En una actividad organizada por la Asociaci\u00f3n de Lucha con el Mal de Alzheimer y el auspicio de la municipalidad se proyect\u00f3 un documental<br \/>\nsobre la tem\u00e1tica.<\/p>\n<p>La Asociaci\u00f3n de Lucha con el Mal de Alzheimer propici\u00f3 la realizaci\u00f3n de una jornada de cine debate en Casa del Bicentenario con la<br \/>\nproyecci\u00f3n del documental \u201cAlzheimer: Cambios en la comunicaci\u00f3n y en el comportamiento\u201d.<br \/>\nLa actividad interinstitucional cont\u00f3 con el respaldo de la Municipalidad de Ca\u00f1ada de G\u00f3mez, Pami y la Residencia de Adultos \u201cLuisa<br \/>\nD. de Migoni\u201d. La directora de Promoci\u00f3n Comunitaria Antonella Genga destac\u00f3 \u201crespaldamos la realizaci\u00f3n de manera conjunta de una nueva<br \/>\nactividad con la salud como eje tem\u00e1tico\u201d.<\/p>\n","protected":false},"excerpt":{"rendered":"<p>En una actividad organizada por la Asociaci\u00f3n de Lucha con el Mal de Alzheimer y el auspicio de la municipalidad se proyect\u00f3 un documental sobre la tem\u00e1tica. La Asociaci\u00f3n de Lucha con el Mal de Alzheimer propici\u00f3 la realizaci\u00f3n de una jornada de cine debate en Casa del Bicentenario con la proyecci\u00f3n del documental \u201cAlzheimer: <a href=\"https:\/\/armstrongyregion.com.ar\/diario\/canada-de-gomez-cine-debate-en-la-casa-del-bicentenario\/\" title=\"Read more\" >&#8230;<\/a><\/p>\n","protected":false},"author":2,"featured_media":3701,"comment_status":"open","ping_status":"open","sticky":false,"template":"","format":"standard","meta":{"_jetpack_memberships_contains_paid_content":false,"footnotes":"","jetpack_publicize_message":"","jetpack_publicize_feature_enabled":true,"jetpack_social_post_already_shared":false,"jetpack_social_options":{"image_generator_settings":{"template":"highway","default_image_id":0,"enabled":false},"version":2}},"categories":[1,4,3],"tags":[1259,163,325,1355,19,1356,53,15,164,31],"class_list":["post-3700","post","type-post","status-publish","format-standard","has-post-thumbnail","hentry","category-diario-armstrong","category-prevencion-salud","category-region","tag-bicentenario","tag-canada","tag-casa","tag-cine","tag-de","tag-debate","tag-del","tag-en","tag-gomez","tag-la"],"jetpack_publicize_connections":[],"jetpack_featured_media_url":"https:\/\/armstrongyregion.com.ar\/diario\/wp-content\/uploads\/2015\/08\/11901528_10207035072820404_1549297157_o.jpg","jetpack_shortlink":"https:\/\/wp.me\/p62QDO-XG","jetpack_sharing_enabled":true,"amp_enabled":true,"_links":{"self":[{"href":"https:\/\/armstrongyregion.com.ar\/diario\/wp-json\/wp\/v2\/posts\/3700","targetHints":{"allow":["GET"]}}],"collection":[{"href":"https:\/\/armstrongyregion.com.ar\/diario\/wp-json\/wp\/v2\/posts"}],"about":[{"href":"https:\/\/armstrongyregion.com.ar\/diario\/wp-json\/wp\/v2\/types\/post"}],"author":[{"embeddable":true,"href":"https:\/\/armstrongyregion.com.ar\/diario\/wp-json\/wp\/v2\/users\/2"}],"replies":[{"embeddable":true,"href":"https:\/\/armstrongyregion.com.ar\/diario\/wp-json\/wp\/v2\/comments?post=3700"}],"version-history":[{"count":0,"href":"https:\/\/armstrongyregion.com.ar\/diario\/wp-json\/wp\/v2\/posts\/3700\/revisions"}],"wp:featuredmedia":[{"embeddable":true,"href":"https:\/\/armstrongyregion.com.ar\/diario\/wp-json\/wp\/v2\/media\/3701"}],"wp:attachment":[{"href":"https:\/\/armstrongyregion.com.ar\/diario\/wp-json\/wp\/v2\/media?parent=3700"}],"wp:term":[{"taxonomy":"category","embeddable":true,"href":"https:\/\/armstrongyregion.com.ar\/diario\/wp-json\/wp\/v2\/categories?post=3700"},{"taxonomy":"post_tag","embeddable":true,"href":"https:\/\/armstrongyregion.com.ar\/diario\/wp-json\/wp\/v2\/tags?post=3700"}],"curies":[{"name":"wp","href":"https:\/\/api.w.org\/{rel}","templated":true}]}}