{"id":36999,"date":"2022-12-31T20:33:23","date_gmt":"2022-12-31T20:33:23","guid":{"rendered":"https:\/\/armstrongyregion.com.ar\/diario\/?p=36999"},"modified":"2022-12-31T20:33:27","modified_gmt":"2022-12-31T20:33:27","slug":"fopea-20-anos-de-trabajo-por-un-periodismo-mejor","status":"publish","type":"post","link":"https:\/\/armstrongyregion.com.ar\/diario\/fopea-20-anos-de-trabajo-por-un-periodismo-mejor\/","title":{"rendered":"Fopea: 20 a\u00f1os de trabajo por un periodismo mejor."},"content":{"rendered":"\n<figure class=\"wp-block-image size-full\"><a href=\"http:\/\/armstrongyregion.com.ar\/diario\/wp-content\/uploads\/2022\/12\/FOPEA-123-.jpg\"><img loading=\"lazy\" decoding=\"async\" width=\"600\" height=\"337\" src=\"http:\/\/armstrongyregion.com.ar\/diario\/wp-content\/uploads\/2022\/12\/FOPEA-123-.jpg\" alt=\"\" class=\"wp-image-37000\" srcset=\"https:\/\/armstrongyregion.com.ar\/diario\/wp-content\/uploads\/2022\/12\/FOPEA-123-.jpg 600w, https:\/\/armstrongyregion.com.ar\/diario\/wp-content\/uploads\/2022\/12\/FOPEA-123--300x169.jpg 300w\" sizes=\"auto, (max-width: 600px) 100vw, 600px\" \/><\/a><\/figure>\n\n\n\n<p>Este 30 de diciembre<strong>&nbsp;cumplimos 20 a\u00f1os y estamos orgullosos del camino recorrido<\/strong>. En este tiempo FOPEA creci\u00f3, se consolid\u00f3 en Argentina y Am\u00e9rica Latina como una<strong>&nbsp;referente en la defensa de la libertad de expresi\u00f3n y la formaci\u00f3n de periodistas.<\/strong><\/p>\n\n\n\n<p>Desde hace 17 a\u00f1os organizamos nuestro Congreso Internacional de Periodismo en la ciudad de Buenos Aires. Este evento se convirti\u00f3, con el paso del tiempo, en un<strong>&nbsp;espacio de aprendizaje y crecimiento<\/strong>, donde colegas de todo el pa\u00eds pueden encontrarse con referentes del ecosistema a nivel global.&nbsp;<br><br><img loading=\"lazy\" decoding=\"async\" height=\"337\" src=\"https:\/\/ci6.googleusercontent.com\/proxy\/6y2sJqz99ZzYUl137By_xQEVcZ_MEJvMhZDZZ2tu8h5F7-gPOgm8mUKemlAi4rzXTHEov3Mo6JHbZbO8odexPRUHL4azRrHacIbPYO65wQWEDSKxv2cKb0tNvmMtWzURzENht4HTHplpFpBT4H9j6kB8lsi7Ng=s0-d-e1-ft#https:\/\/mcusercontent.com\/f25c304cc9c1d5c896ad40367\/images\/465f8a08-883b-ccd0-6e47-cd76f9df84c1.jpg\" width=\"600\"><\/p>\n\n\n\n<p>Nuestra joven FOPEA est\u00e1 marcada por los desaf\u00edos digitales de estos tiempos, y desde FOPEA hemos sido un \u00e1mbito de permanente de<strong>&nbsp;reflexi\u00f3n, di\u00e1logo y cambio desde nuestro Congreso de Periodismo Digital<\/strong>, que ya lleva 11 ediciones en C\u00f3rdoba.<\/p>\n\n\n\n<p>Nos destaca tambi\u00e9n ser una organizaci\u00f3n&nbsp;que propicia el crecimiento de nuestros socios, impulsando investigaciones period\u00edsticas, generando oportunidades de estudios a trav\u00e9s de becas.<\/p>\n\n\n\n<p>Pero tambi\u00e9n estamos para todos aquellos colegas que todav\u00eda no son socios, ofreciendo un<strong>&nbsp;abanico de capacitaciones \u00fanico en Argentina<\/strong>, que atiende a demandas de formaci\u00f3n que van desde la generaci\u00f3n de contenidos multiplataforma a la sustentabilidad de emprendimientos period\u00edsticos digitales.<br><br><img loading=\"lazy\" decoding=\"async\" height=\"337\" src=\"https:\/\/ci6.googleusercontent.com\/proxy\/8_06l-_sl8pvfABm2cxvsQCTCtP5JqwngozwyEpqG0WbbtI2Qd6FPWzlcvnJ8yYhE3VCa6BHMJBxAqrotQ-2B9myBta4gGqdIUxom_JbukUF5a8Py-9Gek3edC2rAOGd6vt8snnbV66q0fpqRpYAT8d7Dy7jMw=s0-d-e1-ft#https:\/\/mcusercontent.com\/f25c304cc9c1d5c896ad40367\/images\/a57efb40-8161-6787-7f2f-16be114b7dfc.jpg\" width=\"600\"><\/p>\n\n\n\n<p>La ambici\u00f3n de&nbsp;<strong>elevar la calidad del periodismo desde su ejercicio profesional&nbsp;<\/strong>es transversal a todos quienes integramos FOPEA, entendiendo que su pr\u00e1ctica con rigurosidad y responsabilidad social contribuye a la vida en democracia.&nbsp;<\/p>\n\n\n\n<p>Para esto, quienes pertenecemos a FOPEA entendemos que el periodismo se hace, d\u00eda a d\u00eda,&nbsp;<a href=\"https:\/\/fopea.us11.list-manage.com\/track\/click?u=f25c304cc9c1d5c896ad40367&amp;id=f3f86bd5db&amp;e=4a36472a23\" target=\"_blank\" rel=\"noreferrer noopener\"><strong>siguiendo las pautas de nuestro C\u00f3digo de \u00c9tica<\/strong>,<\/a>&nbsp;comprometidos a buscar la verdad, a resguardar nuestra independencia y a dar un tratamiento profesional y honesto a la informaci\u00f3n con respeto a los principios de la democracia, la honestidad, la transparencia, el pluralismo, la diversidad y el federalismo como valores fundamentales.<br><br><img loading=\"lazy\" decoding=\"async\" height=\"337\" src=\"https:\/\/ci4.googleusercontent.com\/proxy\/y70IYkvW7eX_8t4MPO8DJWyUIcGjuIuY95PZDAHEK5cy1DBsodnXvV-iEC0TBvorYBzvS2PR0QUd1oQWuCm0b13ZBDM3NoFNE_gfuQ8or7y76EtI-vBIa41iRZd7-7w-ThSiipt42cZlVOUtco8B6k0_D9YG8A=s0-d-e1-ft#https:\/\/mcusercontent.com\/f25c304cc9c1d5c896ad40367\/images\/3f1f31fc-a5e6-be38-ecef-792d7546a7c9.jpg\" width=\"600\"><\/p>\n\n\n\n<p>La defensa de periodistas a trav\u00e9s de nuestro Monitoreo de Libertad de Expresi\u00f3n es la manera en la que luchamos por estas banderas. En un escenario polarizado vemos que&nbsp;<a href=\"https:\/\/fopea.us11.list-manage.com\/track\/click?u=f25c304cc9c1d5c896ad40367&amp;id=1c5563fb36&amp;e=4a36472a23\" target=\"_blank\" rel=\"noreferrer noopener\"><strong>las agresiones a la prensa crecen a\u00f1o a a\u00f1o.&nbsp;<\/strong><\/a><\/p>\n\n\n\n<p>En 2021 llegamos al pico de ataques a la prensa registrados: 108 en toda Argentina. Las presiones, sobre todo de quienes gobiernan, son cada vez m\u00e1s grandes y han llegado incluso a utilizar el sistema judicial, en todos sus estratos, para&nbsp;<strong>intentar callar voces.&nbsp;<\/strong><br><br><img loading=\"lazy\" decoding=\"async\" height=\"337\" src=\"https:\/\/ci4.googleusercontent.com\/proxy\/cFajUWxcuQ1Yp449jfruN5X9paQlGJERV_1cWDJCkUFfzEPLtGOtINjiWrQodtJbuTDn-F9zLrhBGk79GSP4A5Ac5TZ4VFS2ltHas7emc00q6GxvWj9ZxeI_FbXmQFv3qXuBD4dhus-eF9DjntZwdMrwyZT6dg=s0-d-e1-ft#https:\/\/mcusercontent.com\/f25c304cc9c1d5c896ad40367\/images\/9f64d515-ea3e-bed1-6b2f-05282cbc27e2.png\" width=\"600\"><\/p>\n\n\n\n<p><strong>Estos 20 a\u00f1os nos encuentran m\u00e1s fortalecidos<\/strong>&nbsp;para no bajar la guardia, para afianzar&nbsp;nuestras defensas, apoyados tambi\u00e9n por una red de organizaciones latinoamericanas&nbsp;nucleadas en Voces del Sur&nbsp;que luchan por los mismos valores que nosotros.&nbsp;<\/p>\n\n\n\n<p>Son 20 a\u00f1os de trabajo -respaldado por todos los socios que pertenecieron, pertenecen y pertenecer\u00e1n a nuestra organizaci\u00f3n-&nbsp;que esperamos se replique por muchos, muchos a\u00f1os m\u00e1s.<\/p>\n","protected":false},"excerpt":{"rendered":"<p>Este 30 de diciembre&nbsp;cumplimos 20 a\u00f1os y estamos orgullosos del camino recorrido. En este tiempo FOPEA creci\u00f3, se consolid\u00f3 en Argentina y Am\u00e9rica Latina como una&nbsp;referente en la defensa de la libertad de expresi\u00f3n y la formaci\u00f3n de periodistas. Desde hace 17 a\u00f1os organizamos nuestro Congreso Internacional de Periodismo en la ciudad de Buenos Aires. <a href=\"https:\/\/armstrongyregion.com.ar\/diario\/fopea-20-anos-de-trabajo-por-un-periodismo-mejor\/\" title=\"Read more\" >&#8230;<\/a><\/p>\n","protected":false},"author":1,"featured_media":37000,"comment_status":"open","ping_status":"open","sticky":false,"template":"","format":"image","meta":{"_jetpack_memberships_contains_paid_content":false,"footnotes":"","jetpack_publicize_message":"","jetpack_publicize_feature_enabled":true,"jetpack_social_post_already_shared":true,"jetpack_social_options":{"image_generator_settings":{"template":"highway","default_image_id":0,"enabled":false},"version":2}},"categories":[6,8,1,2,7,3],"tags":[196,197,2288,19,8785,2351,60,1066],"class_list":["post-36999","post","type-post","status-publish","format-image","has-post-thumbnail","hentry","category-cultura-entretenimiento","category-deliberando","category-diario-armstrong","category-locales","category-politica","category-region","tag-196","tag-anos","tag-calidad","tag-de","tag-fopea","tag-periodismo","tag-por","tag-trabajo","post_format-post-format-image"],"jetpack_publicize_connections":[],"jetpack_featured_media_url":"https:\/\/armstrongyregion.com.ar\/diario\/wp-content\/uploads\/2022\/12\/FOPEA-123-.jpg","jetpack_shortlink":"https:\/\/wp.me\/p62QDO-9CL","jetpack_sharing_enabled":true,"amp_enabled":true,"_links":{"self":[{"href":"https:\/\/armstrongyregion.com.ar\/diario\/wp-json\/wp\/v2\/posts\/36999","targetHints":{"allow":["GET"]}}],"collection":[{"href":"https:\/\/armstrongyregion.com.ar\/diario\/wp-json\/wp\/v2\/posts"}],"about":[{"href":"https:\/\/armstrongyregion.com.ar\/diario\/wp-json\/wp\/v2\/types\/post"}],"author":[{"embeddable":true,"href":"https:\/\/armstrongyregion.com.ar\/diario\/wp-json\/wp\/v2\/users\/1"}],"replies":[{"embeddable":true,"href":"https:\/\/armstrongyregion.com.ar\/diario\/wp-json\/wp\/v2\/comments?post=36999"}],"version-history":[{"count":1,"href":"https:\/\/armstrongyregion.com.ar\/diario\/wp-json\/wp\/v2\/posts\/36999\/revisions"}],"predecessor-version":[{"id":37001,"href":"https:\/\/armstrongyregion.com.ar\/diario\/wp-json\/wp\/v2\/posts\/36999\/revisions\/37001"}],"wp:featuredmedia":[{"embeddable":true,"href":"https:\/\/armstrongyregion.com.ar\/diario\/wp-json\/wp\/v2\/media\/37000"}],"wp:attachment":[{"href":"https:\/\/armstrongyregion.com.ar\/diario\/wp-json\/wp\/v2\/media?parent=36999"}],"wp:term":[{"taxonomy":"category","embeddable":true,"href":"https:\/\/armstrongyregion.com.ar\/diario\/wp-json\/wp\/v2\/categories?post=36999"},{"taxonomy":"post_tag","embeddable":true,"href":"https:\/\/armstrongyregion.com.ar\/diario\/wp-json\/wp\/v2\/tags?post=36999"}],"curies":[{"name":"wp","href":"https:\/\/api.w.org\/{rel}","templated":true}]}}