{"id":36977,"date":"2022-12-27T15:43:28","date_gmt":"2022-12-27T15:43:28","guid":{"rendered":"https:\/\/armstrongyregion.com.ar\/diario\/?p=36977"},"modified":"2022-12-27T15:43:33","modified_gmt":"2022-12-27T15:43:33","slug":"deliberando-hoy-abordaremos-el-turismo-en-argentina-desde-la-optica-de-angel-cordoba","status":"publish","type":"post","link":"https:\/\/armstrongyregion.com.ar\/diario\/deliberando-hoy-abordaremos-el-turismo-en-argentina-desde-la-optica-de-angel-cordoba\/","title":{"rendered":"\u00a0DELIBERANDO: Hoy abordaremos el turismo en Argentina desde la \u00f3ptica de \u00c1ngel C\u00f3rdoba."},"content":{"rendered":"\n<figure class=\"wp-block-image size-full\"><a href=\"http:\/\/armstrongyregion.com.ar\/diario\/wp-content\/uploads\/2022\/12\/lic-Graciela-De-la-Casa-Deliberando.jpg\"><img loading=\"lazy\" decoding=\"async\" width=\"478\" height=\"282\" src=\"http:\/\/armstrongyregion.com.ar\/diario\/wp-content\/uploads\/2022\/12\/lic-Graciela-De-la-Casa-Deliberando.jpg\" alt=\"\" class=\"wp-image-36978\" srcset=\"https:\/\/armstrongyregion.com.ar\/diario\/wp-content\/uploads\/2022\/12\/lic-Graciela-De-la-Casa-Deliberando.jpg 478w, https:\/\/armstrongyregion.com.ar\/diario\/wp-content\/uploads\/2022\/12\/lic-Graciela-De-la-Casa-Deliberando-300x177.jpg 300w\" sizes=\"auto, (max-width: 478px) 100vw, 478px\" \/><\/a><\/figure>\n\n\n\n<p>\u00c1ngel C\u00f3rdoba, se dedica a la organizaci\u00f3n de viajes de turismo. El invitado de Deliberando forma parte de una agencia de la localidad de Arteaga, hablaremos sobre el resurgimiento de la tarea tur\u00edstica tras los dos a\u00f1os de pandemia que el \u00e1rea debi\u00f3 sortear para seguir adelante.<\/p>\n\n\n\n<figure class=\"wp-block-image size-full\"><a href=\"http:\/\/armstrongyregion.com.ar\/diario\/wp-content\/uploads\/2022\/12\/angel-cordoba-.jpg\"><img loading=\"lazy\" decoding=\"async\" width=\"423\" height=\"282\" src=\"http:\/\/armstrongyregion.com.ar\/diario\/wp-content\/uploads\/2022\/12\/angel-cordoba-.jpg\" alt=\"\" class=\"wp-image-36979\" srcset=\"https:\/\/armstrongyregion.com.ar\/diario\/wp-content\/uploads\/2022\/12\/angel-cordoba-.jpg 423w, https:\/\/armstrongyregion.com.ar\/diario\/wp-content\/uploads\/2022\/12\/angel-cordoba--300x200.jpg 300w\" sizes=\"auto, (max-width: 423px) 100vw, 423px\" \/><\/a><\/figure>\n\n\n\n<p>C\u00f3rdoba, expres\u00f3 que lentamente se fueron confirmando salidas y destinos nacionales respetando los porcentajes de pasajeros por unidad.<\/p>\n\n\n\n<p>La situaci\u00f3n econ\u00f3mica que atraviesa Argentina tambi\u00e9n influye en la confecci\u00f3n de programas acordes con la demanda. Cuales son estas propuestas? Nos interiorizaremos esta noche a las 21hs en DELIBERANDO, con la conducci\u00f3n de la licenciada Graciela de la Casa y Oscar Crispino.<\/p>\n\n\n\n<p>Reiteraci\u00f3n Mi\u00e9rcoles 13,30hs y Domingos 12hs.<\/p>\n","protected":false},"excerpt":{"rendered":"<p>\u00c1ngel C\u00f3rdoba, se dedica a la organizaci\u00f3n de viajes de turismo. El invitado de Deliberando forma parte de una agencia de la localidad de Arteaga, hablaremos sobre el resurgimiento de la tarea tur\u00edstica tras los dos a\u00f1os de pandemia que el \u00e1rea debi\u00f3 sortear para seguir adelante. C\u00f3rdoba, expres\u00f3 que lentamente se fueron confirmando salidas <a href=\"https:\/\/armstrongyregion.com.ar\/diario\/deliberando-hoy-abordaremos-el-turismo-en-argentina-desde-la-optica-de-angel-cordoba\/\" title=\"Read more\" >&#8230;<\/a><\/p>\n","protected":false},"author":1,"featured_media":36978,"comment_status":"open","ping_status":"open","sticky":false,"template":"","format":"image","meta":{"_jetpack_memberships_contains_paid_content":false,"footnotes":"","jetpack_publicize_message":"","jetpack_publicize_feature_enabled":true,"jetpack_social_post_already_shared":true,"jetpack_social_options":{"image_generator_settings":{"template":"highway","default_image_id":0,"enabled":false},"version":2}},"categories":[6,8,1,2,3],"tags":[8775,8776,44,8777,5031],"class_list":["post-36977","post","type-post","status-publish","format-image","has-post-thumbnail","hentry","category-cultura-entretenimiento","category-deliberando","category-diario-armstrong","category-locales","category-region","tag-angel-2","tag-cordoba-2","tag-deliberando-2","tag-lic-graciela-de-la-casa","tag-turismo","post_format-post-format-image"],"jetpack_publicize_connections":[],"jetpack_featured_media_url":"https:\/\/armstrongyregion.com.ar\/diario\/wp-content\/uploads\/2022\/12\/lic-Graciela-De-la-Casa-Deliberando.jpg","jetpack_shortlink":"https:\/\/wp.me\/p62QDO-9Cp","jetpack_sharing_enabled":true,"amp_enabled":true,"_links":{"self":[{"href":"https:\/\/armstrongyregion.com.ar\/diario\/wp-json\/wp\/v2\/posts\/36977","targetHints":{"allow":["GET"]}}],"collection":[{"href":"https:\/\/armstrongyregion.com.ar\/diario\/wp-json\/wp\/v2\/posts"}],"about":[{"href":"https:\/\/armstrongyregion.com.ar\/diario\/wp-json\/wp\/v2\/types\/post"}],"author":[{"embeddable":true,"href":"https:\/\/armstrongyregion.com.ar\/diario\/wp-json\/wp\/v2\/users\/1"}],"replies":[{"embeddable":true,"href":"https:\/\/armstrongyregion.com.ar\/diario\/wp-json\/wp\/v2\/comments?post=36977"}],"version-history":[{"count":1,"href":"https:\/\/armstrongyregion.com.ar\/diario\/wp-json\/wp\/v2\/posts\/36977\/revisions"}],"predecessor-version":[{"id":36980,"href":"https:\/\/armstrongyregion.com.ar\/diario\/wp-json\/wp\/v2\/posts\/36977\/revisions\/36980"}],"wp:featuredmedia":[{"embeddable":true,"href":"https:\/\/armstrongyregion.com.ar\/diario\/wp-json\/wp\/v2\/media\/36978"}],"wp:attachment":[{"href":"https:\/\/armstrongyregion.com.ar\/diario\/wp-json\/wp\/v2\/media?parent=36977"}],"wp:term":[{"taxonomy":"category","embeddable":true,"href":"https:\/\/armstrongyregion.com.ar\/diario\/wp-json\/wp\/v2\/categories?post=36977"},{"taxonomy":"post_tag","embeddable":true,"href":"https:\/\/armstrongyregion.com.ar\/diario\/wp-json\/wp\/v2\/tags?post=36977"}],"curies":[{"name":"wp","href":"https:\/\/api.w.org\/{rel}","templated":true}]}}