{"id":36973,"date":"2022-12-26T18:38:19","date_gmt":"2022-12-26T18:38:19","guid":{"rendered":"https:\/\/armstrongyregion.com.ar\/diario\/?p=36973"},"modified":"2022-12-26T18:38:23","modified_gmt":"2022-12-26T18:38:23","slug":"cronograma-electoral-2023-la-provincia-se-reunio-con-los-partidos-politicos","status":"publish","type":"post","link":"https:\/\/armstrongyregion.com.ar\/diario\/cronograma-electoral-2023-la-provincia-se-reunio-con-los-partidos-politicos\/","title":{"rendered":"Cronograma electoral 2023: la Provincia se reuni\u00f3 con los partidos pol\u00edticos."},"content":{"rendered":"\n<figure class=\"wp-block-image size-full\"><a href=\"http:\/\/armstrongyregion.com.ar\/diario\/wp-content\/uploads\/2022\/12\/26-12-politicos-.jpg\"><img loading=\"lazy\" decoding=\"async\" width=\"570\" height=\"320\" src=\"http:\/\/armstrongyregion.com.ar\/diario\/wp-content\/uploads\/2022\/12\/26-12-politicos-.jpg\" alt=\"\" class=\"wp-image-36974\" srcset=\"https:\/\/armstrongyregion.com.ar\/diario\/wp-content\/uploads\/2022\/12\/26-12-politicos-.jpg 570w, https:\/\/armstrongyregion.com.ar\/diario\/wp-content\/uploads\/2022\/12\/26-12-politicos--300x168.jpg 300w\" sizes=\"auto, (max-width: 570px) 100vw, 570px\" \/><\/a><\/figure>\n\n\n\n<h2 class=\"wp-block-heading\">El encuentro se realiz\u00f3 en Casa de Gobierno y fue encabezado por los ministros Celia Arena y Marcos Corach.<\/h2>\n\n\n\n<p>Los ministros de Gobierno, Justicia y Derechos Humanos, Celia Arena, y de Gesti\u00f3n P\u00fablica, Marcos Corach, se reunieron este lunes con dirigentes de partidos pol\u00edticos con representaci\u00f3n en la Legislatura de Santa Fe para debatir en torno al calendario electoral 2023, en el que se renovar\u00e1n casi todos los cargos electivos, desde gobernador, hasta legisladores provinciales y municipales aunque en este caso s\u00f3lo la mitad, intendentes y presidentes comunales.<\/p>\n\n\n\n<p>Arena explic\u00f3 que \u201ceste encuentro fue para intercambiar cu\u00e1l era el criterio que nosotros ten\u00edamos y que Perotti est\u00e1 teniendo en cuenta. Avanzamos sobre las fechas que pensamos, una decisi\u00f3n que el gobernador hab\u00eda dejado clara y compartida por la mayor\u00eda de las fuerzas pol\u00edticas con las que informalmente est\u00e1bamos hablando\u00bb.<\/p>\n\n\n\n<p>En ese sentido, la ministra dijo que \u00abse busca que la transici\u00f3n no sea tan larga como en la \u00faltima elecci\u00f3n, por lo cual nos llevar\u00eda a que la general ser\u00eda entre el 27 de agosto al 10 de septiembre, con tres fechas posibles\u00bb.<\/p>\n\n\n\n<p>Sobre las primarias, Arena indic\u00f3 que \u00abser\u00edan a fines de junio o principio de julio\u00bb y que \u00abel cierre de listas no va a ser antes de fines de abril, primeros d\u00edas de mayo. El cronograma determina diferentes per\u00edodos y al definir la general nos dispara el resto de las fechas\u00bb.<\/p>\n\n\n\n<p>Adem\u00e1s, se\u00f1al\u00f3 que \u00abtenemos que tener en cuenta que por ley las elecciones nacionales y provinciales se hacen en fechas distintas. Hoy la fecha de la Paso nacional es el 13 de agosto, pero hay todo un debate sobre acortar los plazos de campa\u00f1a a nivel nacional, que obviamente tendr\u00eda que sancionar una ley el Congreso. Este es un elemento a tener en cuenta&nbsp;a la hora de definir la fecha para nosotros\u00bb.<\/p>\n\n\n\n<p>En cuanto al decreto de convocatoria, que es el primer instrumento que dispara el proceso electoral, Arena dijo que, teniendo en cuenta el marco actual, \u00abser\u00eda a mediados o fines de febrero, con lo cual todav\u00eda hay tiempo para la definici\u00f3n\u00bb. Tambi\u00e9n expres\u00f3 que hay que tener presentes las fechas de las vacaciones de invierno, entro otros temas, que hacen al cuidado y promoci\u00f3n de la participaci\u00f3n en estos eventos tan importantes de elegir autoridades locales\u00bb.<\/p>\n","protected":false},"excerpt":{"rendered":"<p>El encuentro se realiz\u00f3 en Casa de Gobierno y fue encabezado por los ministros Celia Arena y Marcos Corach. Los ministros de Gobierno, Justicia y Derechos Humanos, Celia Arena, y de Gesti\u00f3n P\u00fablica, Marcos Corach, se reunieron este lunes con dirigentes de partidos pol\u00edticos con representaci\u00f3n en la Legislatura de Santa Fe para debatir en <a href=\"https:\/\/armstrongyregion.com.ar\/diario\/cronograma-electoral-2023-la-provincia-se-reunio-con-los-partidos-politicos\/\" title=\"Read more\" >&#8230;<\/a><\/p>\n","protected":false},"author":1,"featured_media":36974,"comment_status":"open","ping_status":"open","sticky":false,"template":"","format":"image","meta":{"_jetpack_memberships_contains_paid_content":false,"footnotes":"","jetpack_publicize_message":"","jetpack_publicize_feature_enabled":true,"jetpack_social_post_already_shared":true,"jetpack_social_options":{"image_generator_settings":{"template":"highway","default_image_id":0,"enabled":false},"version":2}},"categories":[8,1,2,7,3],"tags":[8751,729,8772],"class_list":["post-36973","post","type-post","status-publish","format-image","has-post-thumbnail","hentry","category-deliberando","category-diario-armstrong","category-locales","category-politica","category-region","tag-8751","tag-cronograma","tag-electoral-2","post_format-post-format-image"],"jetpack_publicize_connections":[],"jetpack_featured_media_url":"https:\/\/armstrongyregion.com.ar\/diario\/wp-content\/uploads\/2022\/12\/26-12-politicos-.jpg","jetpack_shortlink":"https:\/\/wp.me\/p62QDO-9Cl","jetpack_sharing_enabled":true,"amp_enabled":true,"_links":{"self":[{"href":"https:\/\/armstrongyregion.com.ar\/diario\/wp-json\/wp\/v2\/posts\/36973","targetHints":{"allow":["GET"]}}],"collection":[{"href":"https:\/\/armstrongyregion.com.ar\/diario\/wp-json\/wp\/v2\/posts"}],"about":[{"href":"https:\/\/armstrongyregion.com.ar\/diario\/wp-json\/wp\/v2\/types\/post"}],"author":[{"embeddable":true,"href":"https:\/\/armstrongyregion.com.ar\/diario\/wp-json\/wp\/v2\/users\/1"}],"replies":[{"embeddable":true,"href":"https:\/\/armstrongyregion.com.ar\/diario\/wp-json\/wp\/v2\/comments?post=36973"}],"version-history":[{"count":1,"href":"https:\/\/armstrongyregion.com.ar\/diario\/wp-json\/wp\/v2\/posts\/36973\/revisions"}],"predecessor-version":[{"id":36975,"href":"https:\/\/armstrongyregion.com.ar\/diario\/wp-json\/wp\/v2\/posts\/36973\/revisions\/36975"}],"wp:featuredmedia":[{"embeddable":true,"href":"https:\/\/armstrongyregion.com.ar\/diario\/wp-json\/wp\/v2\/media\/36974"}],"wp:attachment":[{"href":"https:\/\/armstrongyregion.com.ar\/diario\/wp-json\/wp\/v2\/media?parent=36973"}],"wp:term":[{"taxonomy":"category","embeddable":true,"href":"https:\/\/armstrongyregion.com.ar\/diario\/wp-json\/wp\/v2\/categories?post=36973"},{"taxonomy":"post_tag","embeddable":true,"href":"https:\/\/armstrongyregion.com.ar\/diario\/wp-json\/wp\/v2\/tags?post=36973"}],"curies":[{"name":"wp","href":"https:\/\/api.w.org\/{rel}","templated":true}]}}