{"id":36969,"date":"2022-12-26T18:34:43","date_gmt":"2022-12-26T18:34:43","guid":{"rendered":"https:\/\/armstrongyregion.com.ar\/diario\/?p=36969"},"modified":"2022-12-26T18:40:26","modified_gmt":"2022-12-26T18:40:26","slug":"armstrong-informe-area-de-orden-publico-26-12-2022","status":"publish","type":"post","link":"https:\/\/armstrongyregion.com.ar\/diario\/armstrong-informe-area-de-orden-publico-26-12-2022\/","title":{"rendered":"Armstrong. Informe \u00c1rea de Orden P\u00fablico 26-12-2022"},"content":{"rendered":"\n<figure class=\"wp-block-image size-full\"><a href=\"http:\/\/armstrongyregion.com.ar\/diario\/wp-content\/uploads\/2022\/12\/orden-publico-1-.jpg\"><img loading=\"lazy\" decoding=\"async\" width=\"570\" height=\"640\" src=\"http:\/\/armstrongyregion.com.ar\/diario\/wp-content\/uploads\/2022\/12\/orden-publico-1-.jpg\" alt=\"\" class=\"wp-image-36970\" srcset=\"https:\/\/armstrongyregion.com.ar\/diario\/wp-content\/uploads\/2022\/12\/orden-publico-1-.jpg 570w, https:\/\/armstrongyregion.com.ar\/diario\/wp-content\/uploads\/2022\/12\/orden-publico-1--267x300.jpg 267w\" sizes=\"auto, (max-width: 570px) 100vw, 570px\" \/><\/a><\/figure>\n\n\n\n<p>El \u00c1rea de Orden P\u00fablico de la Municipalidad de Armstrong inform\u00f3 que en el transcurso de la \u00faltima semana se realizaron recorridos en coordinaci\u00f3n con Polic\u00eda y central de monitoreo para acciones de prevenci\u00f3n de faltas y delitos, con presencia efectiva en barrio FoNaVi Sur.<\/p>\n\n\n\n<figure class=\"wp-block-image size-full\"><a href=\"http:\/\/armstrongyregion.com.ar\/diario\/wp-content\/uploads\/2022\/12\/orden-publico-2-.jpg\"><img loading=\"lazy\" decoding=\"async\" width=\"320\" height=\"288\" src=\"http:\/\/armstrongyregion.com.ar\/diario\/wp-content\/uploads\/2022\/12\/orden-publico-2-.jpg\" alt=\"\" class=\"wp-image-36971\" srcset=\"https:\/\/armstrongyregion.com.ar\/diario\/wp-content\/uploads\/2022\/12\/orden-publico-2-.jpg 320w, https:\/\/armstrongyregion.com.ar\/diario\/wp-content\/uploads\/2022\/12\/orden-publico-2--300x270.jpg 300w\" sizes=\"auto, (max-width: 320px) 100vw, 320px\" \/><\/a><\/figure>\n\n\n\n<p>Asimismo, en la intersecci\u00f3n de Ruta Nacional N\u00b0 9 y Paraguay se realiz\u00f3 un operativo de control en conjunto con la Agencia Provincial de Seguridad Vial, Polic\u00eda de Seguridad Vial y Comisar\u00eda Tercera consistente en alcoholemias, fiscalizaci\u00f3n de documentaci\u00f3n obligatoria para circular, excesos de pasajeros, uso de dispositivos de seguridad, etc.<\/p>\n\n\n\n<p>Como resultado del mismo se detect\u00f3 una alcoholemia positiva (1.42 g\/lt) con retenci\u00f3n y secuestro del veh\u00edculo, y falta de documentaci\u00f3n exigible para circular, con retenci\u00f3n y secuestro del veh\u00edculo.<\/p>\n","protected":false},"excerpt":{"rendered":"<p>El \u00c1rea de Orden P\u00fablico de la Municipalidad de Armstrong inform\u00f3 que en el transcurso de la \u00faltima semana se realizaron recorridos en coordinaci\u00f3n con Polic\u00eda y central de monitoreo para acciones de prevenci\u00f3n de faltas y delitos, con presencia efectiva en barrio FoNaVi Sur. Asimismo, en la intersecci\u00f3n de Ruta Nacional N\u00b0 9 y <a href=\"https:\/\/armstrongyregion.com.ar\/diario\/armstrong-informe-area-de-orden-publico-26-12-2022\/\" title=\"Read more\" >&#8230;<\/a><\/p>\n","protected":false},"author":1,"featured_media":36970,"comment_status":"open","ping_status":"open","sticky":false,"template":"","format":"image","meta":{"_jetpack_memberships_contains_paid_content":false,"footnotes":"","jetpack_publicize_message":"","jetpack_publicize_feature_enabled":true,"jetpack_social_post_already_shared":true,"jetpack_social_options":{"image_generator_settings":{"template":"highway","default_image_id":0,"enabled":false},"version":2}},"categories":[8,1,2,7],"tags":[20,8653,1570,8773],"class_list":["post-36969","post","type-post","status-publish","format-image","has-post-thumbnail","hentry","category-deliberando","category-diario-armstrong","category-locales","category-politica","tag-armstrong","tag-informe-2","tag-orden","tag-publico-3","post_format-post-format-image"],"jetpack_publicize_connections":[],"jetpack_featured_media_url":"https:\/\/armstrongyregion.com.ar\/diario\/wp-content\/uploads\/2022\/12\/orden-publico-1-.jpg","jetpack_shortlink":"https:\/\/wp.me\/p62QDO-9Ch","jetpack_sharing_enabled":true,"amp_enabled":true,"_links":{"self":[{"href":"https:\/\/armstrongyregion.com.ar\/diario\/wp-json\/wp\/v2\/posts\/36969","targetHints":{"allow":["GET"]}}],"collection":[{"href":"https:\/\/armstrongyregion.com.ar\/diario\/wp-json\/wp\/v2\/posts"}],"about":[{"href":"https:\/\/armstrongyregion.com.ar\/diario\/wp-json\/wp\/v2\/types\/post"}],"author":[{"embeddable":true,"href":"https:\/\/armstrongyregion.com.ar\/diario\/wp-json\/wp\/v2\/users\/1"}],"replies":[{"embeddable":true,"href":"https:\/\/armstrongyregion.com.ar\/diario\/wp-json\/wp\/v2\/comments?post=36969"}],"version-history":[{"count":1,"href":"https:\/\/armstrongyregion.com.ar\/diario\/wp-json\/wp\/v2\/posts\/36969\/revisions"}],"predecessor-version":[{"id":36972,"href":"https:\/\/armstrongyregion.com.ar\/diario\/wp-json\/wp\/v2\/posts\/36969\/revisions\/36972"}],"wp:featuredmedia":[{"embeddable":true,"href":"https:\/\/armstrongyregion.com.ar\/diario\/wp-json\/wp\/v2\/media\/36970"}],"wp:attachment":[{"href":"https:\/\/armstrongyregion.com.ar\/diario\/wp-json\/wp\/v2\/media?parent=36969"}],"wp:term":[{"taxonomy":"category","embeddable":true,"href":"https:\/\/armstrongyregion.com.ar\/diario\/wp-json\/wp\/v2\/categories?post=36969"},{"taxonomy":"post_tag","embeddable":true,"href":"https:\/\/armstrongyregion.com.ar\/diario\/wp-json\/wp\/v2\/tags?post=36969"}],"curies":[{"name":"wp","href":"https:\/\/api.w.org\/{rel}","templated":true}]}}