{"id":36966,"date":"2022-12-26T18:30:45","date_gmt":"2022-12-26T18:30:45","guid":{"rendered":"https:\/\/armstrongyregion.com.ar\/diario\/?p=36966"},"modified":"2022-12-26T18:30:49","modified_gmt":"2022-12-26T18:30:49","slug":"caso-de-abuso-sexual-en-la-plaza-de-las-parejas","status":"publish","type":"post","link":"https:\/\/armstrongyregion.com.ar\/diario\/caso-de-abuso-sexual-en-la-plaza-de-las-parejas\/","title":{"rendered":"Caso de abuso sexual en la plaza de Las Parejas."},"content":{"rendered":"\n<figure class=\"wp-block-image size-full\"><a href=\"http:\/\/armstrongyregion.com.ar\/diario\/wp-content\/uploads\/2022\/12\/caso-abuso-laspa-.jpg\"><img loading=\"lazy\" decoding=\"async\" width=\"530\" height=\"323\" src=\"http:\/\/armstrongyregion.com.ar\/diario\/wp-content\/uploads\/2022\/12\/caso-abuso-laspa-.jpg\" alt=\"\" class=\"wp-image-36967\" srcset=\"https:\/\/armstrongyregion.com.ar\/diario\/wp-content\/uploads\/2022\/12\/caso-abuso-laspa-.jpg 530w, https:\/\/armstrongyregion.com.ar\/diario\/wp-content\/uploads\/2022\/12\/caso-abuso-laspa--300x183.jpg 300w\" sizes=\"auto, (max-width: 530px) 100vw, 530px\" \/><\/a><figcaption class=\"wp-element-caption\">imagen ilustrativa-<\/figcaption><\/figure>\n\n\n\n<h2 class=\"wp-block-heading\">Ampliaron por 90 d\u00edas la prisi\u00f3n preventiva del acusado de abuso sexual a dos ni\u00f1os.<\/h2>\n\n\n\n<p>El acusado del abuso sexual a dos ni\u00f1os en la plaza, seguir\u00e1 en prisi\u00f3n preventiva a la espera de juicio.<\/p>\n\n\n\n<p>Esta ma\u00f1ana se llev\u00f3 una audiencia donde se esperaba que se fijara fecha para el juicio a este joven de Las Parejas, por ahora solo se ampli\u00f3 la prisi\u00f3n preventiva y seguir\u00e1 90 d\u00edas m\u00e1s detenido.<\/p>\n\n\n\n<p><strong>EL CASO<\/strong><\/p>\n\n\n\n<p>El abuso sexual a dos menores de edad sucedi\u00f3 el \u00faltimo fin de semana de septiembre en la plaza Bandera Argentina en el Barrio Alborada. El masculino habr\u00eda captados a los nenes hacia una zona m\u00e1s oculta del lugar; con uno habr\u00eda concretado el abuso sexual y no con el otro, que habr\u00eda escapado y notificado de la situaci\u00f3n a un familiar.&nbsp;<\/p>\n\n\n\n<p>El hombre ten\u00eda antecedentes y hab\u00eda sido condenado por un hecho de la misma \u00edndole hace aproximadamente 10 a\u00f1os.<\/p>\n\n\n\n<p>Fuente \/&nbsp;<strong><a href=\"http:\/\/www.contactoradio.net\/inicio\/noticia\/31715\" rel=\"noreferrer noopener\" target=\"_blank\">CONTACTO FM<\/a><\/strong><\/p>\n","protected":false},"excerpt":{"rendered":"<p>Ampliaron por 90 d\u00edas la prisi\u00f3n preventiva del acusado de abuso sexual a dos ni\u00f1os. El acusado del abuso sexual a dos ni\u00f1os en la plaza, seguir\u00e1 en prisi\u00f3n preventiva a la espera de juicio. Esta ma\u00f1ana se llev\u00f3 una audiencia donde se esperaba que se fijara fecha para el juicio a este joven de <a href=\"https:\/\/armstrongyregion.com.ar\/diario\/caso-de-abuso-sexual-en-la-plaza-de-las-parejas\/\" title=\"Read more\" >&#8230;<\/a><\/p>\n","protected":false},"author":1,"featured_media":36967,"comment_status":"open","ping_status":"open","sticky":false,"template":"","format":"image","meta":{"_jetpack_memberships_contains_paid_content":false,"footnotes":"","jetpack_publicize_message":"","jetpack_publicize_feature_enabled":true,"jetpack_social_post_already_shared":true,"jetpack_social_options":{"image_generator_settings":{"template":"highway","default_image_id":0,"enabled":false},"version":2}},"categories":[8,1,2852,3],"tags":[1531,297,23,24],"class_list":["post-36966","post","type-post","status-publish","format-image","has-post-thumbnail","hentry","category-deliberando","category-diario-armstrong","category-policiales","category-region","tag-abuso","tag-caso","tag-las","tag-parejas","post_format-post-format-image"],"jetpack_publicize_connections":[],"jetpack_featured_media_url":"https:\/\/armstrongyregion.com.ar\/diario\/wp-content\/uploads\/2022\/12\/caso-abuso-laspa-.jpg","jetpack_shortlink":"https:\/\/wp.me\/p62QDO-9Ce","jetpack_sharing_enabled":true,"amp_enabled":true,"_links":{"self":[{"href":"https:\/\/armstrongyregion.com.ar\/diario\/wp-json\/wp\/v2\/posts\/36966","targetHints":{"allow":["GET"]}}],"collection":[{"href":"https:\/\/armstrongyregion.com.ar\/diario\/wp-json\/wp\/v2\/posts"}],"about":[{"href":"https:\/\/armstrongyregion.com.ar\/diario\/wp-json\/wp\/v2\/types\/post"}],"author":[{"embeddable":true,"href":"https:\/\/armstrongyregion.com.ar\/diario\/wp-json\/wp\/v2\/users\/1"}],"replies":[{"embeddable":true,"href":"https:\/\/armstrongyregion.com.ar\/diario\/wp-json\/wp\/v2\/comments?post=36966"}],"version-history":[{"count":1,"href":"https:\/\/armstrongyregion.com.ar\/diario\/wp-json\/wp\/v2\/posts\/36966\/revisions"}],"predecessor-version":[{"id":36968,"href":"https:\/\/armstrongyregion.com.ar\/diario\/wp-json\/wp\/v2\/posts\/36966\/revisions\/36968"}],"wp:featuredmedia":[{"embeddable":true,"href":"https:\/\/armstrongyregion.com.ar\/diario\/wp-json\/wp\/v2\/media\/36967"}],"wp:attachment":[{"href":"https:\/\/armstrongyregion.com.ar\/diario\/wp-json\/wp\/v2\/media?parent=36966"}],"wp:term":[{"taxonomy":"category","embeddable":true,"href":"https:\/\/armstrongyregion.com.ar\/diario\/wp-json\/wp\/v2\/categories?post=36966"},{"taxonomy":"post_tag","embeddable":true,"href":"https:\/\/armstrongyregion.com.ar\/diario\/wp-json\/wp\/v2\/tags?post=36966"}],"curies":[{"name":"wp","href":"https:\/\/api.w.org\/{rel}","templated":true}]}}