{"id":36948,"date":"2022-12-22T15:33:40","date_gmt":"2022-12-22T15:33:40","guid":{"rendered":"https:\/\/armstrongyregion.com.ar\/diario\/?p=36948"},"modified":"2022-12-22T15:45:45","modified_gmt":"2022-12-22T15:45:45","slug":"hoy-se-realiza-el-pesebre-viviente-frente-al-templo-parroquial","status":"publish","type":"post","link":"https:\/\/armstrongyregion.com.ar\/diario\/hoy-se-realiza-el-pesebre-viviente-frente-al-templo-parroquial\/","title":{"rendered":"Hoy se realiza el pesebre viviente frente al templo parroquial."},"content":{"rendered":"\n<figure class=\"wp-block-image size-full\"><a href=\"http:\/\/armstrongyregion.com.ar\/diario\/wp-content\/uploads\/2022\/12\/pesebre-21-12.jpg\"><img loading=\"lazy\" decoding=\"async\" width=\"360\" height=\"640\" src=\"http:\/\/armstrongyregion.com.ar\/diario\/wp-content\/uploads\/2022\/12\/pesebre-21-12.jpg\" alt=\"\" class=\"wp-image-36949\" srcset=\"https:\/\/armstrongyregion.com.ar\/diario\/wp-content\/uploads\/2022\/12\/pesebre-21-12.jpg 360w, https:\/\/armstrongyregion.com.ar\/diario\/wp-content\/uploads\/2022\/12\/pesebre-21-12-169x300.jpg 169w\" sizes=\"auto, (max-width: 360px) 100vw, 360px\" \/><\/a><\/figure>\n\n\n\n<p>El mismo tendr\u00e1 lugar este jueves 22 de diciembre, a partir de las 21 horas, en la parroquia nuestra Se\u00f1ora de la Merced de nuestra ciudad.<\/p>\n\n\n\n<p>Hoy pesebre es sin\u00f3nimo de cuna de Jes\u00fas o de la escena completa del ni\u00f1o Dios rodeado por sus padres, los Reyes Magos, los pastores y los animales en un establo. Pero esta palabra de origen latino \u2013praesepe o praesepes\u2013 designa originalmente el comedero, la caja donde se coloca el forraje para alimentar a los animales. El vocablo se compone del prefijo prae, que significa \u00abdelante\u00bb y saepes, \u00abcerco\u00bb.<\/p>\n\n\n\n<p>De los cuatro Evangelios del Nuevo Testamento, s\u00f3lo el de Lucas hace referencia a las circunstancias del nacimiento de Jes\u00fas: Mar\u00eda, dice el evangelista, acost\u00f3 a su ni\u00f1o en un pesebre, en el establo donde ella y su esposo pasaron la noche en Bel\u00e9n, porque no hab\u00eda sitio en el mes\u00f3n.<\/p>\n","protected":false},"excerpt":{"rendered":"<p>El mismo tendr\u00e1 lugar este jueves 22 de diciembre, a partir de las 21 horas, en la parroquia nuestra Se\u00f1ora de la Merced de nuestra ciudad. Hoy pesebre es sin\u00f3nimo de cuna de Jes\u00fas o de la escena completa del ni\u00f1o Dios rodeado por sus padres, los Reyes Magos, los pastores y los animales en <a href=\"https:\/\/armstrongyregion.com.ar\/diario\/hoy-se-realiza-el-pesebre-viviente-frente-al-templo-parroquial\/\" title=\"Read more\" >&#8230;<\/a><\/p>\n","protected":false},"author":1,"featured_media":36949,"comment_status":"open","ping_status":"open","sticky":false,"template":"","format":"image","meta":{"_jetpack_memberships_contains_paid_content":false,"footnotes":"","jetpack_publicize_message":"","jetpack_publicize_feature_enabled":true,"jetpack_social_post_already_shared":true,"jetpack_social_options":{"image_generator_settings":{"template":"highway","default_image_id":0,"enabled":false},"version":2}},"categories":[6,8,1,2,3],"tags":[16,15,8771,89,8770,90],"class_list":["post-36948","post","type-post","status-publish","format-image","has-post-thumbnail","hentry","category-cultura-entretenimiento","category-deliberando","category-diario-armstrong","category-locales","category-region","tag-el","tag-en","tag-parroquial","tag-pesebre","tag-salon-2","tag-viviente","post_format-post-format-image"],"jetpack_publicize_connections":[],"jetpack_featured_media_url":"https:\/\/armstrongyregion.com.ar\/diario\/wp-content\/uploads\/2022\/12\/pesebre-21-12.jpg","jetpack_shortlink":"https:\/\/wp.me\/p62QDO-9BW","jetpack_sharing_enabled":true,"amp_enabled":true,"_links":{"self":[{"href":"https:\/\/armstrongyregion.com.ar\/diario\/wp-json\/wp\/v2\/posts\/36948","targetHints":{"allow":["GET"]}}],"collection":[{"href":"https:\/\/armstrongyregion.com.ar\/diario\/wp-json\/wp\/v2\/posts"}],"about":[{"href":"https:\/\/armstrongyregion.com.ar\/diario\/wp-json\/wp\/v2\/types\/post"}],"author":[{"embeddable":true,"href":"https:\/\/armstrongyregion.com.ar\/diario\/wp-json\/wp\/v2\/users\/1"}],"replies":[{"embeddable":true,"href":"https:\/\/armstrongyregion.com.ar\/diario\/wp-json\/wp\/v2\/comments?post=36948"}],"version-history":[{"count":2,"href":"https:\/\/armstrongyregion.com.ar\/diario\/wp-json\/wp\/v2\/posts\/36948\/revisions"}],"predecessor-version":[{"id":36952,"href":"https:\/\/armstrongyregion.com.ar\/diario\/wp-json\/wp\/v2\/posts\/36948\/revisions\/36952"}],"wp:featuredmedia":[{"embeddable":true,"href":"https:\/\/armstrongyregion.com.ar\/diario\/wp-json\/wp\/v2\/media\/36949"}],"wp:attachment":[{"href":"https:\/\/armstrongyregion.com.ar\/diario\/wp-json\/wp\/v2\/media?parent=36948"}],"wp:term":[{"taxonomy":"category","embeddable":true,"href":"https:\/\/armstrongyregion.com.ar\/diario\/wp-json\/wp\/v2\/categories?post=36948"},{"taxonomy":"post_tag","embeddable":true,"href":"https:\/\/armstrongyregion.com.ar\/diario\/wp-json\/wp\/v2\/tags?post=36948"}],"curies":[{"name":"wp","href":"https:\/\/api.w.org\/{rel}","templated":true}]}}