{"id":36944,"date":"2022-12-21T16:14:22","date_gmt":"2022-12-21T16:14:22","guid":{"rendered":"https:\/\/armstrongyregion.com.ar\/diario\/?p=36944"},"modified":"2022-12-21T16:14:27","modified_gmt":"2022-12-21T16:14:27","slug":"marcha-atras-perotti-dejo-sin-efecto-el-asueto-del-23-de-diciembre-porque-el-feriado-nacional-afecto-tareas-provinciales","status":"publish","type":"post","link":"https:\/\/armstrongyregion.com.ar\/diario\/marcha-atras-perotti-dejo-sin-efecto-el-asueto-del-23-de-diciembre-porque-el-feriado-nacional-afecto-tareas-provinciales\/","title":{"rendered":"Marcha atr\u00e1s: Perotti dej\u00f3 sin efecto el asueto del 23 de diciembre porque el feriado nacional \u00abafect\u00f3 tareas provinciales\u00bb."},"content":{"rendered":"\n<figure class=\"wp-block-image size-full\"><a href=\"http:\/\/armstrongyregion.com.ar\/diario\/wp-content\/uploads\/2022\/12\/arena_perotti.png_1756841869.png\"><img loading=\"lazy\" decoding=\"async\" width=\"400\" height=\"225\" src=\"http:\/\/armstrongyregion.com.ar\/diario\/wp-content\/uploads\/2022\/12\/arena_perotti.png_1756841869.png\" alt=\"\" class=\"wp-image-36945\" srcset=\"https:\/\/armstrongyregion.com.ar\/diario\/wp-content\/uploads\/2022\/12\/arena_perotti.png_1756841869.png 400w, https:\/\/armstrongyregion.com.ar\/diario\/wp-content\/uploads\/2022\/12\/arena_perotti.png_1756841869-300x169.png 300w\" sizes=\"auto, (max-width: 400px) 100vw, 400px\" \/><\/a><\/figure>\n\n\n\n<h2 class=\"wp-block-heading\">El gobernador firm\u00f3 un nuevo decreto en el que anula la decisi\u00f3n administrativa de liberar a los trabajadores p\u00fablicos el d\u00eda previo a Navidad. En los argumentos, sostuvo que, pese a no adherir al feriado decretado por Alberto Fern\u00e1ndez, \u201cla difusi\u00f3n masiva sobre el feriado nacional afect\u00f3 el normal desarrollo de las tareas\u201d, en las dependencias provinciales.<\/h2>\n\n\n\n<p><strong>El gobernador Omar Perotti firm\u00f3 este mi\u00e9rcoles un decreto en el que modifica la decisi\u00f3n que se anunci\u00f3 d\u00edas atr\u00e1s\u00a0<\/strong>de dar asueto administrativo a la administraci\u00f3n p\u00fablica provincial por las Fiestas. De esta manera,\u00a0<strong>el viernes 23 de diciembre las oficinas del Gobierno de Santa Fe permanecer\u00e1n abiertas.<\/strong><\/p>\n\n\n\n<p>En los argumentos del decreto, el gobernador sostiene que la decisi\u00f3n tiene que ver con que,\u00a0<strong>pese a que Santa Fe no adhiri\u00f3 al feriado nacional, la difusi\u00f3n masiva del anuncio de Alberto Fern\u00e1ndez \u201cafect\u00f3 el normal desarrollo de las tareas\u201d<\/strong>, en la administraci\u00f3n p\u00fablica provincial.\u00a0<\/p>\n\n\n\n<p>La decisi\u00f3n de levantar el asueto, seg\u00fan detalla el decreto, tambi\u00e9n\u00a0<strong>va en sinton\u00eda con el anuncio que hicieron otras provincias y municipios y tambi\u00e9n la Corte Suprema de Justicia de Santa Fe<\/strong>. \u201cEn reuni\u00f3n de acuerdo ordinario llevada a cabo el 20 de diciembre, resolvi\u00f3<br>disponer asueto para el d\u00eda 30 de diciembre del corriente a\u00f1o\u201d, remarc\u00f3.<\/p>\n","protected":false},"excerpt":{"rendered":"<p>El gobernador firm\u00f3 un nuevo decreto en el que anula la decisi\u00f3n administrativa de liberar a los trabajadores p\u00fablicos el d\u00eda previo a Navidad. En los argumentos, sostuvo que, pese a no adherir al feriado decretado por Alberto Fern\u00e1ndez, \u201cla difusi\u00f3n masiva sobre el feriado nacional afect\u00f3 el normal desarrollo de las tareas\u201d, en las <a href=\"https:\/\/armstrongyregion.com.ar\/diario\/marcha-atras-perotti-dejo-sin-efecto-el-asueto-del-23-de-diciembre-porque-el-feriado-nacional-afecto-tareas-provinciales\/\" title=\"Read more\" >&#8230;<\/a><\/p>\n","protected":false},"author":1,"featured_media":36945,"comment_status":"open","ping_status":"open","sticky":false,"template":"","format":"image","meta":{"_jetpack_memberships_contains_paid_content":false,"footnotes":"","jetpack_publicize_message":"","jetpack_publicize_feature_enabled":true,"jetpack_social_post_already_shared":true,"jetpack_social_options":{"image_generator_settings":{"template":"highway","default_image_id":0,"enabled":false},"version":2}},"categories":[8,1,2,7,3],"tags":[1958,233,1686,4143,1409,378],"class_list":["post-36944","post","type-post","status-publish","format-image","has-post-thumbnail","hentry","category-deliberando","category-diario-armstrong","category-locales","category-politica","category-region","tag-deja","tag-diciembre","tag-efecto","tag-feriado","tag-perotti","tag-sin","post_format-post-format-image"],"jetpack_publicize_connections":[],"jetpack_featured_media_url":"https:\/\/armstrongyregion.com.ar\/diario\/wp-content\/uploads\/2022\/12\/arena_perotti.png_1756841869.png","jetpack_shortlink":"https:\/\/wp.me\/p62QDO-9BS","jetpack_sharing_enabled":true,"amp_enabled":true,"_links":{"self":[{"href":"https:\/\/armstrongyregion.com.ar\/diario\/wp-json\/wp\/v2\/posts\/36944","targetHints":{"allow":["GET"]}}],"collection":[{"href":"https:\/\/armstrongyregion.com.ar\/diario\/wp-json\/wp\/v2\/posts"}],"about":[{"href":"https:\/\/armstrongyregion.com.ar\/diario\/wp-json\/wp\/v2\/types\/post"}],"author":[{"embeddable":true,"href":"https:\/\/armstrongyregion.com.ar\/diario\/wp-json\/wp\/v2\/users\/1"}],"replies":[{"embeddable":true,"href":"https:\/\/armstrongyregion.com.ar\/diario\/wp-json\/wp\/v2\/comments?post=36944"}],"version-history":[{"count":1,"href":"https:\/\/armstrongyregion.com.ar\/diario\/wp-json\/wp\/v2\/posts\/36944\/revisions"}],"predecessor-version":[{"id":36946,"href":"https:\/\/armstrongyregion.com.ar\/diario\/wp-json\/wp\/v2\/posts\/36944\/revisions\/36946"}],"wp:featuredmedia":[{"embeddable":true,"href":"https:\/\/armstrongyregion.com.ar\/diario\/wp-json\/wp\/v2\/media\/36945"}],"wp:attachment":[{"href":"https:\/\/armstrongyregion.com.ar\/diario\/wp-json\/wp\/v2\/media?parent=36944"}],"wp:term":[{"taxonomy":"category","embeddable":true,"href":"https:\/\/armstrongyregion.com.ar\/diario\/wp-json\/wp\/v2\/categories?post=36944"},{"taxonomy":"post_tag","embeddable":true,"href":"https:\/\/armstrongyregion.com.ar\/diario\/wp-json\/wp\/v2\/tags?post=36944"}],"curies":[{"name":"wp","href":"https:\/\/api.w.org\/{rel}","templated":true}]}}