{"id":36940,"date":"2022-12-21T12:48:51","date_gmt":"2022-12-21T12:48:51","guid":{"rendered":"https:\/\/armstrongyregion.com.ar\/diario\/?p=36940"},"modified":"2022-12-21T12:50:01","modified_gmt":"2022-12-21T12:50:01","slug":"la-provincia-participo-de-la-presentacion-de-la-3a-edicion-de-la-biografia-de-fito-paez","status":"publish","type":"post","link":"https:\/\/armstrongyregion.com.ar\/diario\/la-provincia-participo-de-la-presentacion-de-la-3a-edicion-de-la-biografia-de-fito-paez\/","title":{"rendered":"La provincia particip\u00f3 de la presentaci\u00f3n de la 3\u00aa edici\u00f3n de la biograf\u00eda de Fito P\u00e1ez."},"content":{"rendered":"\n<figure class=\"wp-block-image size-full\"><a href=\"http:\/\/armstrongyregion.com.ar\/diario\/wp-content\/uploads\/2022\/12\/fito-paez-.jpg\"><img loading=\"lazy\" decoding=\"async\" width=\"375\" height=\"250\" src=\"http:\/\/armstrongyregion.com.ar\/diario\/wp-content\/uploads\/2022\/12\/fito-paez-.jpg\" alt=\"\" class=\"wp-image-36941\" srcset=\"https:\/\/armstrongyregion.com.ar\/diario\/wp-content\/uploads\/2022\/12\/fito-paez-.jpg 375w, https:\/\/armstrongyregion.com.ar\/diario\/wp-content\/uploads\/2022\/12\/fito-paez--300x200.jpg 300w\" sizes=\"auto, (max-width: 375px) 100vw, 375px\" \/><\/a><\/figure>\n\n\n\n<h2 class=\"wp-block-heading\">El libro \u201cLa vida despu\u00e9s de la vida\u201d pertenece al periodista Horacio Vargas.Del acto realizado en Rosario participaron la vicegobernadora Alejandra Rodenas y el ministro de Cultura, Jorge Llonch.\u00a0<\/h2>\n\n\n\n<p>La vicegobernadora de la provincia, Alejandra Rodenas, y el ministro de Cultura, Jorge Llonch, participaron este lunes en Rosario de la presentaci\u00f3n de la 3\u00aa edici\u00f3n del libro \u201cLa vida despu\u00e9s de la vida\u201d, biograf\u00eda de Fito P\u00e1ez, escrita por el periodista Horacio Vargas. La actividad se desarroll\u00f3 en la c\u00fapula de la terraza de Ciudad Cultural Lavard\u00e9n.<\/p>\n\n\n\n<p>En la oportunidad, Rodenas manifest\u00f3 que \u201ces muy probable que muchas de estas canciones de los \u201880 de Fito, hoy no las hubiese podido escribir ni componer. Las escribi\u00f3 en aquel momento porque toda escritura y todo arte est\u00e1n situados, hist\u00f3ricamente connotados y en contexto\u201d.&nbsp;<\/p>\n\n\n\n<p>A su turno, Llonch habl\u00f3 de su entra\u00f1able amistad con el m\u00fasico rosarino y record\u00f3 que juntos \u201crecorrimos la provincia, el pa\u00eds y la mitad del mundo. Hicimos conciertos en todas las ciudades de Espa\u00f1a, en Estados Unidos, en M\u00e9xico, Colombia, Per\u00fa y Brasil\u201d, entre otros pa\u00edses.<\/p>\n\n\n\n<p>\u201cEn los \u201880 empezamos a actuar en los peque\u00f1os pubs de aquella \u00e9poca, los paraculturales de Buenos Aires que fueron maravillosos, porque, cuando empezamos a tocar con Fito, en esos lugares actuaban Sumo, Virus, Los Redondos, Fabiana Cantilo\u201d, entre otros artistas, rememor\u00f3 el funcionario.<\/p>\n\n\n\n<p>A continuaci\u00f3n, el periodista Pedro Squillaci, editor del suplemento Escenario, del diario La Capital, y testigo de aquellos a\u00f1os, destac\u00f3 que Fito P\u00e1ez \u201ces un tipo que le puede cantar al amor, al desamor, a la vida, a la muerte; que pas\u00f3 por una tragedia terrible; que puede hablar de los sentimientos propios y de los sentimientos que tenemos todos; de la sociedad que te pinta la Argentina, la casa desaparecida\u201d.<\/p>\n\n\n\n<p><strong>PALABRAS DEL AUTOR<\/strong><\/p>\n\n\n\n<p>Por su parte, Vargas evoc\u00f3 el clima de la \u00e9poca en que se entrecruzaron sus vidas: \u201dYo era un principiante del periodismo y Fito un principiante de la m\u00fasica. En ese entonces, toda la energ\u00eda estaba puesta alrededor de la m\u00fasica, del periodismo y de la cultura; y el libro hace hincapi\u00e9 en eso\u201d.<\/p>\n\n\n\n<p>\u201cTreinta a\u00f1os despu\u00e9s uno vuelve a reescribirse y la verdad es que es una imagen fuerte. Lo que hice fue reescribir algunas cosas, sacar otras. Puse fotos in\u00e9ditas\u201d, cont\u00f3 el periodista acerca de la 3\u00aa edici\u00f3n del libro.<\/p>\n\n\n\n<p>Luego de mencionar que la obra \u201cfue un suceso inesperado porque se vendi\u00f3 muy bien\u201d y que \u201cse agot\u00f3 la segunda edici\u00f3n\u201d, Vargas explic\u00f3 que \u201cLa vida despu\u00e9s de la vida\u201d abarca desde el nacimiento de Fito en Rosario hasta el disco Circo Beat. \u201cSon 30 a\u00f1os de su vida\u201d, complet\u00f3.<\/p>\n","protected":false},"excerpt":{"rendered":"<p>El libro \u201cLa vida despu\u00e9s de la vida\u201d pertenece al periodista Horacio Vargas.Del acto realizado en Rosario participaron la vicegobernadora Alejandra Rodenas y el ministro de Cultura, Jorge Llonch.\u00a0 La vicegobernadora de la provincia, Alejandra Rodenas, y el ministro de Cultura, Jorge Llonch, participaron este lunes en Rosario de la presentaci\u00f3n de la 3\u00aa edici\u00f3n <a href=\"https:\/\/armstrongyregion.com.ar\/diario\/la-provincia-participo-de-la-presentacion-de-la-3a-edicion-de-la-biografia-de-fito-paez\/\" title=\"Read more\" >&#8230;<\/a><\/p>\n","protected":false},"author":1,"featured_media":36941,"comment_status":"open","ping_status":"open","sticky":false,"template":"","format":"image","meta":{"_jetpack_memberships_contains_paid_content":false,"footnotes":"","jetpack_publicize_message":"","jetpack_publicize_feature_enabled":true,"jetpack_social_post_already_shared":true,"jetpack_social_options":{"image_generator_settings":{"template":"highway","default_image_id":0,"enabled":false},"version":2}},"categories":[6,8,1,2,3],"tags":[8766,19,317,8767,31,992,8640,1809],"class_list":["post-36940","post","type-post","status-publish","format-image","has-post-thumbnail","hentry","category-cultura-entretenimiento","category-deliberando","category-diario-armstrong","category-locales","category-region","tag-biografia","tag-de","tag-edicion","tag-fito","tag-la","tag-participo","tag-provincia-2","tag-tercera","post_format-post-format-image"],"jetpack_publicize_connections":[],"jetpack_featured_media_url":"https:\/\/armstrongyregion.com.ar\/diario\/wp-content\/uploads\/2022\/12\/fito-paez-.jpg","jetpack_shortlink":"https:\/\/wp.me\/p62QDO-9BO","jetpack_sharing_enabled":true,"amp_enabled":true,"_links":{"self":[{"href":"https:\/\/armstrongyregion.com.ar\/diario\/wp-json\/wp\/v2\/posts\/36940","targetHints":{"allow":["GET"]}}],"collection":[{"href":"https:\/\/armstrongyregion.com.ar\/diario\/wp-json\/wp\/v2\/posts"}],"about":[{"href":"https:\/\/armstrongyregion.com.ar\/diario\/wp-json\/wp\/v2\/types\/post"}],"author":[{"embeddable":true,"href":"https:\/\/armstrongyregion.com.ar\/diario\/wp-json\/wp\/v2\/users\/1"}],"replies":[{"embeddable":true,"href":"https:\/\/armstrongyregion.com.ar\/diario\/wp-json\/wp\/v2\/comments?post=36940"}],"version-history":[{"count":1,"href":"https:\/\/armstrongyregion.com.ar\/diario\/wp-json\/wp\/v2\/posts\/36940\/revisions"}],"predecessor-version":[{"id":36942,"href":"https:\/\/armstrongyregion.com.ar\/diario\/wp-json\/wp\/v2\/posts\/36940\/revisions\/36942"}],"wp:featuredmedia":[{"embeddable":true,"href":"https:\/\/armstrongyregion.com.ar\/diario\/wp-json\/wp\/v2\/media\/36941"}],"wp:attachment":[{"href":"https:\/\/armstrongyregion.com.ar\/diario\/wp-json\/wp\/v2\/media?parent=36940"}],"wp:term":[{"taxonomy":"category","embeddable":true,"href":"https:\/\/armstrongyregion.com.ar\/diario\/wp-json\/wp\/v2\/categories?post=36940"},{"taxonomy":"post_tag","embeddable":true,"href":"https:\/\/armstrongyregion.com.ar\/diario\/wp-json\/wp\/v2\/tags?post=36940"}],"curies":[{"name":"wp","href":"https:\/\/api.w.org\/{rel}","templated":true}]}}