{"id":36930,"date":"2022-12-20T20:25:57","date_gmt":"2022-12-20T20:25:57","guid":{"rendered":"https:\/\/armstrongyregion.com.ar\/diario\/?p=36930"},"modified":"2022-12-20T20:26:01","modified_gmt":"2022-12-20T20:26:01","slug":"deliberando-fiesta-provincial-del-asador-en-montes-de-oca-lo-que-dejo-este-encuentro","status":"publish","type":"post","link":"https:\/\/armstrongyregion.com.ar\/diario\/deliberando-fiesta-provincial-del-asador-en-montes-de-oca-lo-que-dejo-este-encuentro\/","title":{"rendered":"Deliberando. Fiesta provincial del asador en Montes de Oca, lo que dej\u00f3 este encuentro."},"content":{"rendered":"\n<figure class=\"wp-block-image size-full\"><a href=\"http:\/\/armstrongyregion.com.ar\/diario\/wp-content\/uploads\/2022\/12\/Emanuel-Sagripanti-.jpg\"><img loading=\"lazy\" decoding=\"async\" width=\"412\" height=\"282\" src=\"http:\/\/armstrongyregion.com.ar\/diario\/wp-content\/uploads\/2022\/12\/Emanuel-Sagripanti-.jpg\" alt=\"\" class=\"wp-image-36931\" srcset=\"https:\/\/armstrongyregion.com.ar\/diario\/wp-content\/uploads\/2022\/12\/Emanuel-Sagripanti-.jpg 412w, https:\/\/armstrongyregion.com.ar\/diario\/wp-content\/uploads\/2022\/12\/Emanuel-Sagripanti--300x205.jpg 300w\" sizes=\"auto, (max-width: 412px) 100vw, 412px\" \/><\/a><\/figure>\n\n\n\n<p>La tradicional fiesta que organiza la comuna de Montes de Oca, tuvo enorme repercusi\u00f3n entre los asistentes, y el presidente comunal Emanuel Sagripanti, visita el programa y repasa todo lo realizado.<\/p>\n\n\n\n<p>Fue propicia la oportunidad para analizar con el funcionario los trabajos comunales que se vienen realizando, tanto en obras p\u00fablicas como el tema de los residuos domiciliarios. <\/p>\n\n\n\n<p>Sagripanti destac\u00f3 tambi\u00e9n que se est\u00e1 trabajando para la concreci\u00f3n de nuevas cuadras de pavimento como la colocaci\u00f3n de retardadores de velocidad en la arteria de ingreso a la localidad.\u00a0<\/p>\n\n\n\n<p>Todo este martes en DELIBERANDO 21hs. Por Cable Imagen Armstrong. Con la conducci\u00f3n de la licenciada Graciela de la Casa y Oscar Crispino.<\/p>\n","protected":false},"excerpt":{"rendered":"<p>La tradicional fiesta que organiza la comuna de Montes de Oca, tuvo enorme repercusi\u00f3n entre los asistentes, y el presidente comunal Emanuel Sagripanti, visita el programa y repasa todo lo realizado. Fue propicia la oportunidad para analizar con el funcionario los trabajos comunales que se vienen realizando, tanto en obras p\u00fablicas como el tema de <a href=\"https:\/\/armstrongyregion.com.ar\/diario\/deliberando-fiesta-provincial-del-asador-en-montes-de-oca-lo-que-dejo-este-encuentro\/\" title=\"Read more\" >&#8230;<\/a><\/p>\n","protected":false},"author":1,"featured_media":36931,"comment_status":"open","ping_status":"open","sticky":false,"template":"","format":"image","meta":{"_jetpack_memberships_contains_paid_content":false,"footnotes":"","jetpack_publicize_message":"","jetpack_publicize_feature_enabled":true,"jetpack_social_post_already_shared":true,"jetpack_social_options":{"image_generator_settings":{"template":"highway","default_image_id":0,"enabled":false},"version":2}},"categories":[6,8,1,2,7,3],"tags":[19,44,4200,557,8744,8765],"class_list":["post-36930","post","type-post","status-publish","format-image","has-post-thumbnail","hentry","category-cultura-entretenimiento","category-deliberando","category-diario-armstrong","category-locales","category-politica","category-region","tag-de","tag-deliberando-2","tag-emanuel","tag-montes","tag-oca-2","tag-sagripanti","post_format-post-format-image"],"jetpack_publicize_connections":[],"jetpack_featured_media_url":"https:\/\/armstrongyregion.com.ar\/diario\/wp-content\/uploads\/2022\/12\/Emanuel-Sagripanti-.jpg","jetpack_shortlink":"https:\/\/wp.me\/p62QDO-9BE","jetpack_sharing_enabled":true,"amp_enabled":true,"_links":{"self":[{"href":"https:\/\/armstrongyregion.com.ar\/diario\/wp-json\/wp\/v2\/posts\/36930","targetHints":{"allow":["GET"]}}],"collection":[{"href":"https:\/\/armstrongyregion.com.ar\/diario\/wp-json\/wp\/v2\/posts"}],"about":[{"href":"https:\/\/armstrongyregion.com.ar\/diario\/wp-json\/wp\/v2\/types\/post"}],"author":[{"embeddable":true,"href":"https:\/\/armstrongyregion.com.ar\/diario\/wp-json\/wp\/v2\/users\/1"}],"replies":[{"embeddable":true,"href":"https:\/\/armstrongyregion.com.ar\/diario\/wp-json\/wp\/v2\/comments?post=36930"}],"version-history":[{"count":2,"href":"https:\/\/armstrongyregion.com.ar\/diario\/wp-json\/wp\/v2\/posts\/36930\/revisions"}],"predecessor-version":[{"id":36933,"href":"https:\/\/armstrongyregion.com.ar\/diario\/wp-json\/wp\/v2\/posts\/36930\/revisions\/36933"}],"wp:featuredmedia":[{"embeddable":true,"href":"https:\/\/armstrongyregion.com.ar\/diario\/wp-json\/wp\/v2\/media\/36931"}],"wp:attachment":[{"href":"https:\/\/armstrongyregion.com.ar\/diario\/wp-json\/wp\/v2\/media?parent=36930"}],"wp:term":[{"taxonomy":"category","embeddable":true,"href":"https:\/\/armstrongyregion.com.ar\/diario\/wp-json\/wp\/v2\/categories?post=36930"},{"taxonomy":"post_tag","embeddable":true,"href":"https:\/\/armstrongyregion.com.ar\/diario\/wp-json\/wp\/v2\/tags?post=36930"}],"curies":[{"name":"wp","href":"https:\/\/api.w.org\/{rel}","templated":true}]}}