{"id":369,"date":"2015-01-09T14:23:45","date_gmt":"2015-01-09T14:23:45","guid":{"rendered":"https:\/\/armstrongyregion.com.ar\/diario\/?p=369"},"modified":"2015-01-09T14:23:45","modified_gmt":"2015-01-09T14:23:45","slug":"lifschitz-presentara-en-las-rosas-sus-propuestas-para-2015","status":"publish","type":"post","link":"https:\/\/armstrongyregion.com.ar\/diario\/lifschitz-presentara-en-las-rosas-sus-propuestas-para-2015\/","title":{"rendered":"Lifschitz presentar\u00e1 en Las Rosas sus propuestas para 2015."},"content":{"rendered":"<p><a href=\"http:\/\/armstrongyregion.com.ar\/diario\/wp-content\/uploads\/2015\/01\/IMG_0857.jpg\"><img loading=\"lazy\" decoding=\"async\" class=\"alignnone size-medium wp-image-370\" src=\"http:\/\/armstrongyregion.com.ar\/diario\/wp-content\/uploads\/2015\/01\/IMG_0857-300x200.jpg\" alt=\"Lifschitz\" width=\"300\" height=\"200\" srcset=\"https:\/\/armstrongyregion.com.ar\/diario\/wp-content\/uploads\/2015\/01\/IMG_0857-300x200.jpg 300w, https:\/\/armstrongyregion.com.ar\/diario\/wp-content\/uploads\/2015\/01\/IMG_0857.jpg 450w\" sizes=\"auto, (max-width: 300px) 100vw, 300px\" \/><\/a>El senador provincial y precandidato a gobernador por el Partido Socialista, Miguel Lifschitz visitara el pr\u00f3ximo martes (13 de enero) la ciudad de Las Rosas perteneciente al Departamento Belgrano para iniciar una nueva jornada de un ciclo de encuentros que recorrer\u00e1 la provincia con el fin de dialogar con actores sociales y representantes de instituciones de todo el territorio santafesino.<\/p>\n<p>El ciclo est\u00e1 estructurado con el formato de una entrevista p\u00fablica abierta, a cargo de reconocidos periodistas. En la oportunidad, el periodista rosarino Leonardo Farhat ser\u00e1 qui\u00e9n dialogue con el senador Lifschitz.<\/p>\n<p>La actividad se desarrollar\u00e1 a partir de las 20, en la Biblioteca Popular Domingo Faustino Sarmiento (Moreno 461) y contar\u00e1 con la presencia de referentes de distintas instituciones locales e integrantes del Frente Progresista C\u00edvico y Social.<\/p>\n<p>El precandidato a gobernador ser\u00e1 entrevistado principalmente sobre tres ejes: su historia personal; las transformaciones emprendidas por el Frente Progresista C\u00edvico y Social en los siete a\u00f1os al frente del gobierno de la provincia; y sus proyectos a futuro para Santa Fe.<\/p>\n<p>El objetivo de estos reportajes desde el interior es establecer un canal de di\u00e1logo con los principales referentes de la comunidad, a fin de enriquecer la construcci\u00f3n de planes de trabajo conjuntos a ejecutar en una potencial gobernaci\u00f3n provincial.<\/p>\n","protected":false},"excerpt":{"rendered":"<p>El senador provincial y precandidato a gobernador por el Partido Socialista, Miguel Lifschitz visitara el pr\u00f3ximo martes (13 de enero) la ciudad de Las Rosas perteneciente al Departamento Belgrano para iniciar una nueva jornada de un ciclo de encuentros que recorrer\u00e1 la provincia con el fin de dialogar con actores sociales y representantes de instituciones <a href=\"https:\/\/armstrongyregion.com.ar\/diario\/lifschitz-presentara-en-las-rosas-sus-propuestas-para-2015\/\" title=\"Read more\" >&#8230;<\/a><\/p>\n","protected":false},"author":2,"featured_media":370,"comment_status":"open","ping_status":"open","sticky":false,"template":"","format":"standard","meta":{"_jetpack_memberships_contains_paid_content":false,"footnotes":"","jetpack_publicize_message":"","jetpack_publicize_feature_enabled":true,"jetpack_social_post_already_shared":false,"jetpack_social_options":{"image_generator_settings":{"template":"highway","default_image_id":0,"enabled":false},"version":2}},"categories":[1,7,3],"tags":[214,15,23,34,81,360,362,361,127],"class_list":["post-369","post","type-post","status-publish","format-standard","has-post-thumbnail","hentry","category-diario-armstrong","category-politica","category-region","tag-214","tag-en","tag-las","tag-lifschitz","tag-para","tag-presentara","tag-propuestas","tag-rosas","tag-sus"],"jetpack_publicize_connections":[],"jetpack_featured_media_url":"https:\/\/armstrongyregion.com.ar\/diario\/wp-content\/uploads\/2015\/01\/IMG_0857.jpg","jetpack_shortlink":"https:\/\/wp.me\/p62QDO-5X","jetpack_sharing_enabled":true,"amp_enabled":true,"_links":{"self":[{"href":"https:\/\/armstrongyregion.com.ar\/diario\/wp-json\/wp\/v2\/posts\/369","targetHints":{"allow":["GET"]}}],"collection":[{"href":"https:\/\/armstrongyregion.com.ar\/diario\/wp-json\/wp\/v2\/posts"}],"about":[{"href":"https:\/\/armstrongyregion.com.ar\/diario\/wp-json\/wp\/v2\/types\/post"}],"author":[{"embeddable":true,"href":"https:\/\/armstrongyregion.com.ar\/diario\/wp-json\/wp\/v2\/users\/2"}],"replies":[{"embeddable":true,"href":"https:\/\/armstrongyregion.com.ar\/diario\/wp-json\/wp\/v2\/comments?post=369"}],"version-history":[{"count":0,"href":"https:\/\/armstrongyregion.com.ar\/diario\/wp-json\/wp\/v2\/posts\/369\/revisions"}],"wp:featuredmedia":[{"embeddable":true,"href":"https:\/\/armstrongyregion.com.ar\/diario\/wp-json\/wp\/v2\/media\/370"}],"wp:attachment":[{"href":"https:\/\/armstrongyregion.com.ar\/diario\/wp-json\/wp\/v2\/media?parent=369"}],"wp:term":[{"taxonomy":"category","embeddable":true,"href":"https:\/\/armstrongyregion.com.ar\/diario\/wp-json\/wp\/v2\/categories?post=369"},{"taxonomy":"post_tag","embeddable":true,"href":"https:\/\/armstrongyregion.com.ar\/diario\/wp-json\/wp\/v2\/tags?post=369"}],"curies":[{"name":"wp","href":"https:\/\/api.w.org\/{rel}","templated":true}]}}