{"id":36886,"date":"2022-12-16T20:32:38","date_gmt":"2022-12-16T20:32:38","guid":{"rendered":"https:\/\/armstrongyregion.com.ar\/diario\/?p=36886"},"modified":"2022-12-16T20:32:42","modified_gmt":"2022-12-16T20:32:42","slug":"la-provincia-realizo-una-jornada-para-analizar-los-avances-en-las-instituciones-de-formacion-docente","status":"publish","type":"post","link":"https:\/\/armstrongyregion.com.ar\/diario\/la-provincia-realizo-una-jornada-para-analizar-los-avances-en-las-instituciones-de-formacion-docente\/","title":{"rendered":"La provincia realiz\u00f3 una jornada para analizar los avances en las instituciones de formaci\u00f3n docente."},"content":{"rendered":"\n<figure class=\"wp-block-image size-full\"><a href=\"http:\/\/armstrongyregion.com.ar\/diario\/wp-content\/uploads\/2022\/12\/santa-fe-16-12-.jpg\"><img loading=\"lazy\" decoding=\"async\" width=\"512\" height=\"342\" src=\"http:\/\/armstrongyregion.com.ar\/diario\/wp-content\/uploads\/2022\/12\/santa-fe-16-12-.jpg\" alt=\"\" class=\"wp-image-36887\" srcset=\"https:\/\/armstrongyregion.com.ar\/diario\/wp-content\/uploads\/2022\/12\/santa-fe-16-12-.jpg 512w, https:\/\/armstrongyregion.com.ar\/diario\/wp-content\/uploads\/2022\/12\/santa-fe-16-12--300x200.jpg 300w\" sizes=\"auto, (max-width: 512px) 100vw, 512px\" \/><\/a><\/figure>\n\n\n\n<h2 class=\"wp-block-heading\">M\u00e1s de 120 participantes evaluaron las l\u00edneas de Investigaci\u00f3n Educativa y Fortalecimiento Institucional de los institutos de formaci\u00f3n docente.<\/h2>\n\n\n\n<p>Con un encuentro que convoc\u00f3 a m\u00e1s de 120 participantes, se llev\u00f3 adelante la jornada evaluativa de las l\u00edneas de Investigaci\u00f3n y Fortalecimiento Institucional de los institutos de formaci\u00f3n docente de la provincia. El evento fue organizado por la Subsecretar\u00eda de Educaci\u00f3n Superior y la Direcci\u00f3n Provincial de Investigaci\u00f3n y Evaluaci\u00f3n Educativa.<\/p>\n\n\n\n<p>Al respecto, la subsecretaria de Educaci\u00f3n Superior, Patricia Moscato, se\u00f1al\u00f3 que \u201cnosotros entendemos que los institutos de formaci\u00f3n docente son claves para garantizar el derecho a la educaci\u00f3n como bien p\u00fablico y, en este caso puntual, el derecho a la educaci\u00f3n superior gratuita y de calidad\u201d.<\/p>\n\n\n\n<p>En referencia a la jornada, Moscato detall\u00f3 que \u201cse profundiz\u00f3 el trabajo realizado por las l\u00edneas de investigaci\u00f3n educativa y de fortalecimiento institucional socializando las diferentes acciones realizadas por los equipos jurisdiccionales, a la vez que se analizaron las propuestas 2022 en proyecci\u00f3n a la planificaci\u00f3n del ciclo lectivo 2023\u201d.<\/p>\n\n\n\n<p><strong>L\u00edneas de trabajo<\/strong><br>Durante la jornada se abordaron los avances de las acciones prioritarias de ambos organismos a partir del an\u00e1lisis de las diferentes articulaciones que impulsa el Ministerio de Educaci\u00f3n para los institutos de formaci\u00f3n docente.<\/p>\n\n\n\n<p>En el caso de la l\u00ednea de fortalecimiento institucional se realizaron diagn\u00f3sticos y evaluaciones de las acciones, identificando las problem\u00e1ticas y dise\u00f1ando las estrategias 2023 con un criterio de territorialidad para analizar las diferentes problem\u00e1ticas y la recurrencia de las mismas.<\/p>\n\n\n\n<p>Respecto a la l\u00ednea de investigaci\u00f3n se destac\u00f3 que desde la Direcci\u00f3n Provincial de Investigaci\u00f3n y Evaluaci\u00f3n Educativa, cuyo responsable es Francisco Corgnali, se acompa\u00f1\u00f3 la presentaci\u00f3n de 59 proyectos de investigaci\u00f3n poniendo \u00e9nfasis en el nivel de producci\u00f3n de investigaci\u00f3n de los institutos superiores santafesinos. En este sentido se destaca el convenio que la cartera educativa provincial rubric\u00f3 con la Universidad Pedag\u00f3gica Nacional (UNIPE), por el qu\u00e9 300 docentes santafesinos cursaron la Diplomatura en Investigaci\u00f3n Educativa.<\/p>\n\n\n\n<p>Por otra parte, el equipo del Observatorio de Pr\u00e1cticas present\u00f3 las diferentes acciones llevadas adelante durante el ciclo lectivo 2022, teniendo en cuenta la importancia de este espacio de construcci\u00f3n democr\u00e1tica de saberes, generado a partir de la pandemia e impulsado por la subsecretar\u00eda de Educaci\u00f3n Superior. En este marco, se presentaron las l\u00edneas trabajadas: talleres virtuales, rondas territoriales de intercambio y orientaciones para las jornadas de coformadores.<\/p>\n\n\n\n<p><strong>Presentaci\u00f3n del blog del nivel superior<\/strong><br>Asimismo, en el marco de la jornada se present\u00f3 la publicaci\u00f3n del blog de nivel superior qu\u00e9 es un espacio de escritura colectiva del nivel donde, desde el a\u00f1o 2020, se han escrito m\u00e1s de 281 art\u00edculos, producidos por directivos, docentes y estudiantes, entre otros miembros del colectivo de la educaci\u00f3n superior.<\/p>\n\n\n\n<p>Los materiales est\u00e1n catalogados en dos \u00e1reas: \u201cProducciones pedag\u00f3gicas en clave territorial del nivel superior\u201d y \u201cBit\u00e1coras narrativas de experiencias de pr\u00e1cticas docentes en el nivel superior\u201d. Fue exhibida en formato virtual y en los pr\u00f3ximos meses va a llegar en formato impreso.<\/p>\n\n\n\n<p>Finalmente, a partir de la gesti\u00f3n conjunta entre el \u00e1rea de educaci\u00f3n superior y la Coordinaci\u00f3n Provincial de ESI, a cargo de Ximena Frois, se entreg\u00f3 a los equipos directivos de los institutos, el libro \u201cESI y formaci\u00f3n docente\u201d de Graciela Morgade.<\/p>\n","protected":false},"excerpt":{"rendered":"<p>M\u00e1s de 120 participantes evaluaron las l\u00edneas de Investigaci\u00f3n Educativa y Fortalecimiento Institucional de los institutos de formaci\u00f3n docente. Con un encuentro que convoc\u00f3 a m\u00e1s de 120 participantes, se llev\u00f3 adelante la jornada evaluativa de las l\u00edneas de Investigaci\u00f3n y Fortalecimiento Institucional de los institutos de formaci\u00f3n docente de la provincia. El evento fue <a href=\"https:\/\/armstrongyregion.com.ar\/diario\/la-provincia-realizo-una-jornada-para-analizar-los-avances-en-las-instituciones-de-formacion-docente\/\" title=\"Read more\" >&#8230;<\/a><\/p>\n","protected":false},"author":1,"featured_media":36887,"comment_status":"open","ping_status":"open","sticky":false,"template":"","format":"image","meta":{"_jetpack_memberships_contains_paid_content":false,"footnotes":"","jetpack_publicize_message":"","jetpack_publicize_feature_enabled":true,"jetpack_social_post_already_shared":true,"jetpack_social_options":{"image_generator_settings":{"template":"highway","default_image_id":0,"enabled":false},"version":2}},"categories":[8,1,2,7,3],"tags":[8753,384,15,8593,1291,31,23,42,81,8640,87,103],"class_list":["post-36886","post","type-post","status-publish","format-image","has-post-thumbnail","hentry","category-deliberando","category-diario-armstrong","category-locales","category-politica","category-region","tag-analizar","tag-avances","tag-en","tag-instituciones-2","tag-jornada","tag-la","tag-las","tag-los","tag-para","tag-provincia-2","tag-realizo","tag-una","post_format-post-format-image"],"jetpack_publicize_connections":[],"jetpack_featured_media_url":"https:\/\/armstrongyregion.com.ar\/diario\/wp-content\/uploads\/2022\/12\/santa-fe-16-12-.jpg","jetpack_shortlink":"https:\/\/wp.me\/p62QDO-9AW","jetpack_sharing_enabled":true,"amp_enabled":true,"_links":{"self":[{"href":"https:\/\/armstrongyregion.com.ar\/diario\/wp-json\/wp\/v2\/posts\/36886","targetHints":{"allow":["GET"]}}],"collection":[{"href":"https:\/\/armstrongyregion.com.ar\/diario\/wp-json\/wp\/v2\/posts"}],"about":[{"href":"https:\/\/armstrongyregion.com.ar\/diario\/wp-json\/wp\/v2\/types\/post"}],"author":[{"embeddable":true,"href":"https:\/\/armstrongyregion.com.ar\/diario\/wp-json\/wp\/v2\/users\/1"}],"replies":[{"embeddable":true,"href":"https:\/\/armstrongyregion.com.ar\/diario\/wp-json\/wp\/v2\/comments?post=36886"}],"version-history":[{"count":2,"href":"https:\/\/armstrongyregion.com.ar\/diario\/wp-json\/wp\/v2\/posts\/36886\/revisions"}],"predecessor-version":[{"id":36889,"href":"https:\/\/armstrongyregion.com.ar\/diario\/wp-json\/wp\/v2\/posts\/36886\/revisions\/36889"}],"wp:featuredmedia":[{"embeddable":true,"href":"https:\/\/armstrongyregion.com.ar\/diario\/wp-json\/wp\/v2\/media\/36887"}],"wp:attachment":[{"href":"https:\/\/armstrongyregion.com.ar\/diario\/wp-json\/wp\/v2\/media?parent=36886"}],"wp:term":[{"taxonomy":"category","embeddable":true,"href":"https:\/\/armstrongyregion.com.ar\/diario\/wp-json\/wp\/v2\/categories?post=36886"},{"taxonomy":"post_tag","embeddable":true,"href":"https:\/\/armstrongyregion.com.ar\/diario\/wp-json\/wp\/v2\/tags?post=36886"}],"curies":[{"name":"wp","href":"https:\/\/api.w.org\/{rel}","templated":true}]}}