{"id":36883,"date":"2022-12-16T20:24:43","date_gmt":"2022-12-16T20:24:43","guid":{"rendered":"https:\/\/armstrongyregion.com.ar\/diario\/?p=36883"},"modified":"2022-12-16T20:24:47","modified_gmt":"2022-12-16T20:24:47","slug":"armstrong-cierre-del-ciclo-2022-para-cursos","status":"publish","type":"post","link":"https:\/\/armstrongyregion.com.ar\/diario\/armstrong-cierre-del-ciclo-2022-para-cursos\/","title":{"rendered":"Armstrong. Cierre del ciclo 2022 para cursos."},"content":{"rendered":"\n<figure class=\"wp-block-image size-full\"><a href=\"http:\/\/armstrongyregion.com.ar\/diario\/wp-content\/uploads\/2022\/12\/12.12.20.jpg\"><img loading=\"lazy\" decoding=\"async\" width=\"675\" height=\"450\" src=\"http:\/\/armstrongyregion.com.ar\/diario\/wp-content\/uploads\/2022\/12\/12.12.20.jpg\" alt=\"\" class=\"wp-image-36884\" srcset=\"https:\/\/armstrongyregion.com.ar\/diario\/wp-content\/uploads\/2022\/12\/12.12.20.jpg 675w, https:\/\/armstrongyregion.com.ar\/diario\/wp-content\/uploads\/2022\/12\/12.12.20-300x200.jpg 300w\" sizes=\"auto, (max-width: 675px) 100vw, 675px\" \/><\/a><\/figure>\n\n\n\n<p>Este lunes 12 de diciembre, en el sal\u00f3n auditorio Delmo Dar\u00f3, la Municipalidad de Armstrong junto al Centro de Capacitaci\u00f3n Laboral N\u00b0 111 (CECLA) hicieron entrega de los certificados a los m\u00e1s de 50 asistentes a los diversos cursos ofrecidos, cerrando el ciclo 2022.<\/p>\n\n\n\n<figure class=\"wp-block-image\"><img decoding=\"async\" src=\"https:\/\/www.armstrong.gov.ar\/2020\/images\/articulos2022\/12.12.38.jpg\" alt=\"12.12.38\"\/><\/figure>\n\n\n\n<p>Se trat\u00f3 de cursos con r\u00e1pida salida laboral dirigidos a mayores de 18 a\u00f1os, los cuales se desarrollaron en las instalaciones de la Escuela Taller.<\/p>\n\n\n\n<figure class=\"wp-block-image\"><img decoding=\"async\" src=\"https:\/\/www.armstrong.gov.ar\/2020\/images\/articulos2022\/12.12.57.jpg\" alt=\"12.12.57\"\/><\/figure>\n\n\n\n<p>El Intendente Pablo Verdecchia, el Director del CECLA Sr. Rub\u00e9n Iturra y los responsables de brindar las clases de cada especialidad fueron los encargados de las entregas.<\/p>\n\n\n\n<figure class=\"wp-block-image\"><img decoding=\"async\" src=\"https:\/\/www.armstrong.gov.ar\/2020\/images\/articulos2022\/12.12.46.jpg\" alt=\"12.12.46\"\/><\/figure>\n\n\n\n<p>Recibieron sus certificados quienes asistieron a las siguientes capacitaciones:&nbsp;<\/p>\n\n\n\n<ul class=\"wp-block-list\">\n<li>Gasista de unidades unifuncionales: Prof. Neri Panigatti<\/li>\n\n\n\n<li>Instalaciones el\u00e9ctricas domiciliarias: Prof. Adri\u00e1n Reynoso<\/li>\n\n\n\n<li>Ayudante auxiliar en cuidados gerontol\u00f3gicos: Prof. Rosana Arias. En este curso tambi\u00e9n se cont\u00f3 con la colaboraci\u00f3n durante una clase de Bomberos Voluntarios quienes capacitaron sobre primeros auxilios y RCP.<\/li>\n\n\n\n<li>Tapicer\u00eda: Prof. Jorge Aquino.<\/li>\n<\/ul>\n\n\n\n<p>Del proyecto participaron la Secretar\u00eda de Educaci\u00f3n y Desarrollo Integral, la Direcci\u00f3n de Comercio, Industria y Ruralidad, y la Oficina de Empleo municipal.<\/p>\n","protected":false},"excerpt":{"rendered":"<p>Este lunes 12 de diciembre, en el sal\u00f3n auditorio Delmo Dar\u00f3, la Municipalidad de Armstrong junto al Centro de Capacitaci\u00f3n Laboral N\u00b0 111 (CECLA) hicieron entrega de los certificados a los m\u00e1s de 50 asistentes a los diversos cursos ofrecidos, cerrando el ciclo 2022. Se trat\u00f3 de cursos con r\u00e1pida salida laboral dirigidos a mayores <a href=\"https:\/\/armstrongyregion.com.ar\/diario\/armstrong-cierre-del-ciclo-2022-para-cursos\/\" title=\"Read more\" >&#8230;<\/a><\/p>\n","protected":false},"author":1,"featured_media":36884,"comment_status":"open","ping_status":"open","sticky":false,"template":"","format":"image","meta":{"_jetpack_memberships_contains_paid_content":false,"footnotes":"","jetpack_publicize_message":"","jetpack_publicize_feature_enabled":true,"jetpack_social_post_already_shared":true,"jetpack_social_options":{"image_generator_settings":{"template":"highway","default_image_id":0,"enabled":false},"version":2}},"categories":[8,1,2,7,3],"tags":[],"class_list":["post-36883","post","type-post","status-publish","format-image","has-post-thumbnail","hentry","category-deliberando","category-diario-armstrong","category-locales","category-politica","category-region","post_format-post-format-image"],"jetpack_publicize_connections":[],"jetpack_featured_media_url":"https:\/\/armstrongyregion.com.ar\/diario\/wp-content\/uploads\/2022\/12\/12.12.20.jpg","jetpack_shortlink":"https:\/\/wp.me\/p62QDO-9AT","jetpack_sharing_enabled":true,"amp_enabled":true,"_links":{"self":[{"href":"https:\/\/armstrongyregion.com.ar\/diario\/wp-json\/wp\/v2\/posts\/36883","targetHints":{"allow":["GET"]}}],"collection":[{"href":"https:\/\/armstrongyregion.com.ar\/diario\/wp-json\/wp\/v2\/posts"}],"about":[{"href":"https:\/\/armstrongyregion.com.ar\/diario\/wp-json\/wp\/v2\/types\/post"}],"author":[{"embeddable":true,"href":"https:\/\/armstrongyregion.com.ar\/diario\/wp-json\/wp\/v2\/users\/1"}],"replies":[{"embeddable":true,"href":"https:\/\/armstrongyregion.com.ar\/diario\/wp-json\/wp\/v2\/comments?post=36883"}],"version-history":[{"count":1,"href":"https:\/\/armstrongyregion.com.ar\/diario\/wp-json\/wp\/v2\/posts\/36883\/revisions"}],"predecessor-version":[{"id":36885,"href":"https:\/\/armstrongyregion.com.ar\/diario\/wp-json\/wp\/v2\/posts\/36883\/revisions\/36885"}],"wp:featuredmedia":[{"embeddable":true,"href":"https:\/\/armstrongyregion.com.ar\/diario\/wp-json\/wp\/v2\/media\/36884"}],"wp:attachment":[{"href":"https:\/\/armstrongyregion.com.ar\/diario\/wp-json\/wp\/v2\/media?parent=36883"}],"wp:term":[{"taxonomy":"category","embeddable":true,"href":"https:\/\/armstrongyregion.com.ar\/diario\/wp-json\/wp\/v2\/categories?post=36883"},{"taxonomy":"post_tag","embeddable":true,"href":"https:\/\/armstrongyregion.com.ar\/diario\/wp-json\/wp\/v2\/tags?post=36883"}],"curies":[{"name":"wp","href":"https:\/\/api.w.org\/{rel}","templated":true}]}}