{"id":36874,"date":"2022-12-14T21:15:29","date_gmt":"2022-12-14T21:15:29","guid":{"rendered":"https:\/\/armstrongyregion.com.ar\/diario\/?p=36874"},"modified":"2022-12-14T21:15:33","modified_gmt":"2022-12-14T21:15:33","slug":"multitudinaria-fiesta-provincial-del-asador","status":"publish","type":"post","link":"https:\/\/armstrongyregion.com.ar\/diario\/multitudinaria-fiesta-provincial-del-asador\/","title":{"rendered":"Multitudinaria Fiesta Provincial del Asador."},"content":{"rendered":"\n<figure class=\"wp-block-image size-full\"><a href=\"http:\/\/armstrongyregion.com.ar\/diario\/wp-content\/uploads\/2022\/12\/fiesta-del-asador-1-1280x640-1.jpg\"><img loading=\"lazy\" decoding=\"async\" width=\"531\" height=\"320\" src=\"http:\/\/armstrongyregion.com.ar\/diario\/wp-content\/uploads\/2022\/12\/fiesta-del-asador-1-1280x640-1.jpg\" alt=\"\" class=\"wp-image-36875\" srcset=\"https:\/\/armstrongyregion.com.ar\/diario\/wp-content\/uploads\/2022\/12\/fiesta-del-asador-1-1280x640-1.jpg 531w, https:\/\/armstrongyregion.com.ar\/diario\/wp-content\/uploads\/2022\/12\/fiesta-del-asador-1-1280x640-1-300x181.jpg 300w\" sizes=\"auto, (max-width: 531px) 100vw, 531px\" \/><\/a><\/figure>\n\n\n\n<p>En la noche de este s\u00e1bado, en Montes de Oca, se desarroll\u00f3 la tradicional Fiesta Provincial del Asador, con un \u00e9xito total y una multitud que colm\u00f3 las instalaciones del Atletic Club.<\/p>\n\n\n\n<figure class=\"wp-block-image size-full\"><a href=\"http:\/\/armstrongyregion.com.ar\/diario\/wp-content\/uploads\/2022\/12\/fiesta-asador-2-231x300-1.jpg\"><img loading=\"lazy\" decoding=\"async\" width=\"231\" height=\"300\" src=\"http:\/\/armstrongyregion.com.ar\/diario\/wp-content\/uploads\/2022\/12\/fiesta-asador-2-231x300-1.jpg\" alt=\"\" class=\"wp-image-36876\"\/><\/a><\/figure>\n\n\n\n<p>Desde bien temprano, en una jornada soleada y con elevada temperatura, comenz\u00f3 el ritual del encendido del fuego con tan solo un f\u00f3sforo, y all\u00ed m\u00e1s de 60 grupos de Asadores desplegaron sus habilidades para llenar de aroma y alegr\u00eda la jornada.<\/p>\n\n\n\n<p>La noche prest\u00f3 su clima agradable para que todo saliese tal se hab\u00eda programado con una importante cantidad de artistas locales y zonales de un alto nivel musical, para coronar la Fiesta con la actuaci\u00f3n de Natalia Pastorutti, el humor de Popo Giaveno y el cierre de \u201cDestino San Javier\u201d.<\/p>\n\n\n\n<p>Hubo participaci\u00f3n de todas las instituciones del pueblo, con expositores y artesanos; donde los asistentes pasearon, compraron y lo disfrutaron.<\/p>\n\n\n\n<p>Desde la Comuna no dejan de resaltar la oportunidad de que, otra vez, la fiesta fue transmitida por la TV P\u00fablica y llegar as\u00ed a cada rinc\u00f3n del pa\u00eds.<\/p>\n\n\n\n<p>Agradecieron tambi\u00e9n al equipo de trabajo, personal de Maestranza, instituciones, periodistas, locutores y p\u00fablico, expresando el reconocimiento porque contribuyeron a que esta fiesta se siga afianzando como faro cultural y como la fiesta gastron\u00f3mica m\u00e1s grande de la regi\u00f3n.<\/p>\n\n\n\n<p>Fuente: Radio Las Parejas-<\/p>\n","protected":false},"excerpt":{"rendered":"<p>En la noche de este s\u00e1bado, en Montes de Oca, se desarroll\u00f3 la tradicional Fiesta Provincial del Asador, con un \u00e9xito total y una multitud que colm\u00f3 las instalaciones del Atletic Club. Desde bien temprano, en una jornada soleada y con elevada temperatura, comenz\u00f3 el ritual del encendido del fuego con tan solo un f\u00f3sforo, <a href=\"https:\/\/armstrongyregion.com.ar\/diario\/multitudinaria-fiesta-provincial-del-asador\/\" title=\"Read more\" >&#8230;<\/a><\/p>\n","protected":false},"author":1,"featured_media":36875,"comment_status":"open","ping_status":"open","sticky":false,"template":"","format":"image","meta":{"_jetpack_memberships_contains_paid_content":false,"footnotes":"","jetpack_publicize_message":"","jetpack_publicize_feature_enabled":true,"jetpack_social_post_already_shared":true,"jetpack_social_options":{"image_generator_settings":{"template":"highway","default_image_id":0,"enabled":false},"version":2}},"categories":[6,8,1,2,7,3],"tags":[8743,53,620,928],"class_list":["post-36874","post","type-post","status-publish","format-image","has-post-thumbnail","hentry","category-cultura-entretenimiento","category-deliberando","category-diario-armstrong","category-locales","category-politica","category-region","tag-asador-2","tag-del","tag-fiesta","tag-provincial","post_format-post-format-image"],"jetpack_publicize_connections":[],"jetpack_featured_media_url":"https:\/\/armstrongyregion.com.ar\/diario\/wp-content\/uploads\/2022\/12\/fiesta-del-asador-1-1280x640-1.jpg","jetpack_shortlink":"https:\/\/wp.me\/p62QDO-9AK","jetpack_sharing_enabled":true,"amp_enabled":true,"_links":{"self":[{"href":"https:\/\/armstrongyregion.com.ar\/diario\/wp-json\/wp\/v2\/posts\/36874","targetHints":{"allow":["GET"]}}],"collection":[{"href":"https:\/\/armstrongyregion.com.ar\/diario\/wp-json\/wp\/v2\/posts"}],"about":[{"href":"https:\/\/armstrongyregion.com.ar\/diario\/wp-json\/wp\/v2\/types\/post"}],"author":[{"embeddable":true,"href":"https:\/\/armstrongyregion.com.ar\/diario\/wp-json\/wp\/v2\/users\/1"}],"replies":[{"embeddable":true,"href":"https:\/\/armstrongyregion.com.ar\/diario\/wp-json\/wp\/v2\/comments?post=36874"}],"version-history":[{"count":2,"href":"https:\/\/armstrongyregion.com.ar\/diario\/wp-json\/wp\/v2\/posts\/36874\/revisions"}],"predecessor-version":[{"id":36878,"href":"https:\/\/armstrongyregion.com.ar\/diario\/wp-json\/wp\/v2\/posts\/36874\/revisions\/36878"}],"wp:featuredmedia":[{"embeddable":true,"href":"https:\/\/armstrongyregion.com.ar\/diario\/wp-json\/wp\/v2\/media\/36875"}],"wp:attachment":[{"href":"https:\/\/armstrongyregion.com.ar\/diario\/wp-json\/wp\/v2\/media?parent=36874"}],"wp:term":[{"taxonomy":"category","embeddable":true,"href":"https:\/\/armstrongyregion.com.ar\/diario\/wp-json\/wp\/v2\/categories?post=36874"},{"taxonomy":"post_tag","embeddable":true,"href":"https:\/\/armstrongyregion.com.ar\/diario\/wp-json\/wp\/v2\/tags?post=36874"}],"curies":[{"name":"wp","href":"https:\/\/api.w.org\/{rel}","templated":true}]}}